{"id":911,"date":"2021-09-27T18:38:45","date_gmt":"2021-09-27T18:38:45","guid":{"rendered":"https:\/\/garneloymunozabogados.com\/?p=911"},"modified":"2023-03-25T12:10:02","modified_gmt":"2023-03-25T12:10:02","slug":"la-falta-de-oposicion-al-acuerdo-por-el-propietario-ausente-no-le-priva-de-legitimacion-para-impugnarlo","status":"publish","type":"post","link":"https:\/\/garneloymunozabogados.com\/?p=911","title":{"rendered":"La falta de oposici\u00f3n por el propietario ausente al acuerdo adoptado en junta de propietarios no le priva de legitimaci\u00f3n para impugnarlo&#8230;"},"content":{"rendered":"\n<p>En su sentencia 606\/2021, de 15 de septiembre, el TS recuerda su doctrina (sin desviarse de ella) sobre la interpretaci\u00f3n del art. 18.2 LPH, en referencia a la legitimaci\u00f3n del propietario ausente en la junta para impugnar los acuerdos adoptados. Nos recuerda de este modo el Alto Tribunal que, el hecho de que el propietario ausente en la junta no haga uso de la facultad de manifestar su discrepancia mediante comunicaci\u00f3n a quien ejerza las funciones de secretario de la comunidad en el plazo de 30 d\u00edas naturales (art. 17.8 LPH), no le deslegitima a la hora de impugnar el acuerdo, salvo en lo relativo a la impugnaci\u00f3n de la mayor\u00eda alcanzada para su adopci\u00f3n, que no podr\u00e1 ser ya alegada ante los Tribunales.<\/p>\n","protected":false},"excerpt":{"rendered":"<p>En su sentencia 606\/2021, de 15 de septiembre, el TS recuerda su doctrina (sin desviarse de ella) sobre la interpretaci\u00f3n del art. 18.2 LPH, en referencia a la legitimaci\u00f3n del propietario ausente en la junta para impugnar los acuerdos adoptados. Nos recuerda de este modo el Alto Tribunal que, el hecho de que el propietario ausente en la junta no haga uso de la facultad de manifestar su discrepancia mediante comunicaci\u00f3n a quien ejerza las funciones de secretario de la comunidad en el plazo de 30 d\u00edas naturales (art. 17.8 LPH), no le deslegitima a la hora de impugnar el acuerdo, salvo en lo relativo a la impugnaci\u00f3n de la mayor\u00eda alcanzada para su adopci\u00f3n, que no podr\u00e1 ser ya alegada ante los Tribunales.<\/p>\n","protected":false},"author":1,"featured_media":0,"comment_status":"open","ping_status":"open","sticky":false,"template":"elementor_theme","format":"standard","meta":{"footnotes":""},"categories":[1],"tags":[],"yoast_head":"<!-- This site is optimized with the Yoast SEO plugin v22.3 - https:\/\/yoast.com\/wordpress\/plugins\/seo\/ -->\n<title>La falta de oposici\u00f3n por el propietario ausente al acuerdo adoptado en junta de propietarios no le priva de legitimaci\u00f3n para impugnarlo... &#8211;<\/title>\n<meta name=\"description\" content=\"La falta de oposici\u00f3n por el propietario ausente al acuerdo adoptado en junta de propietarios no le priva de legitimaci\u00f3n para impugnarlo...\" \/>\n<meta name=\"robots\" content=\"index, follow, max-snippet:-1, max-image-preview:large, max-video-preview:-1\" \/>\n<link rel=\"canonical\" href=\"https:\/\/garneloymunozabogados.com\/?p=911\" \/>\n<meta property=\"og:locale\" content=\"es_ES\" \/>\n<meta property=\"og:type\" content=\"article\" \/>\n<meta property=\"og:title\" content=\"La falta de oposici\u00f3n por el propietario ausente al acuerdo adoptado en junta de propietarios no le priva de legitimaci\u00f3n para impugnarlo... &#8211;\" \/>\n<meta property=\"og:description\" content=\"La falta de oposici\u00f3n por el propietario ausente al acuerdo adoptado en junta de propietarios no le priva de legitimaci\u00f3n para impugnarlo...\" \/>\n<meta property=\"og:url\" content=\"https:\/\/garneloymunozabogados.com\/?p=911\" \/>\n<meta property=\"article:published_time\" content=\"2021-09-27T18:38:45+00:00\" \/>\n<meta property=\"article:modified_time\" content=\"2023-03-25T12:10:02+00:00\" \/>\n<meta name=\"author\" content=\"Garnelo &amp; Mu\u00f1oz Abogados\" \/>\n<meta name=\"twitter:card\" content=\"summary_large_image\" \/>\n<meta name=\"twitter:label1\" content=\"Escrito por\" \/>\n\t<meta name=\"twitter:data1\" content=\"Garnelo &amp; Mu\u00f1oz Abogados\" \/>\n\t<meta name=\"twitter:label2\" content=\"Tiempo de lectura\" \/>\n\t<meta name=\"twitter:data2\" content=\"1 minuto\" \/>\n<script type=\"application\/ld+json\" class=\"yoast-schema-graph\">{\"@context\":\"https:\/\/schema.org\",\"@graph\":[{\"@type\":\"WebPage\",\"@id\":\"https:\/\/garneloymunozabogados.com\/?p=911\",\"url\":\"https:\/\/garneloymunozabogados.com\/?p=911\",\"name\":\"La falta de oposici\u00f3n por el propietario ausente al acuerdo adoptado en junta de propietarios no le priva de legitimaci\u00f3n para impugnarlo... &#8211;\",\"isPartOf\":{\"@id\":\"https:\/\/garneloymunozabogados.com\/#website\"},\"datePublished\":\"2021-09-27T18:38:45+00:00\",\"dateModified\":\"2023-03-25T12:10:02+00:00\",\"author\":{\"@id\":\"https:\/\/garneloymunozabogados.com\/#\/schema\/person\/1f23be8d68cd44ce56ab4c3a725e94f6\"},\"description\":\"La falta de oposici\u00f3n por el propietario ausente al acuerdo adoptado en junta de propietarios no le priva de legitimaci\u00f3n para impugnarlo...\",\"breadcrumb\":{\"@id\":\"https:\/\/garneloymunozabogados.com\/?p=911#breadcrumb\"},\"inLanguage\":\"es\",\"potentialAction\":[{\"@type\":\"ReadAction\",\"target\":[\"https:\/\/garneloymunozabogados.com\/?p=911\"]}]},{\"@type\":\"BreadcrumbList\",\"@id\":\"https:\/\/garneloymunozabogados.com\/?p=911#breadcrumb\",\"itemListElement\":[{\"@type\":\"ListItem\",\"position\":1,\"name\":\"Portada\",\"item\":\"https:\/\/garneloymunozabogados.com\/\"},{\"@type\":\"ListItem\",\"position\":2,\"name\":\"La falta de oposici\u00f3n por el propietario ausente al acuerdo adoptado en junta de propietarios no le priva de legitimaci\u00f3n para impugnarlo&#8230;\"}]},{\"@type\":\"WebSite\",\"@id\":\"https:\/\/garneloymunozabogados.com\/#website\",\"url\":\"https:\/\/garneloymunozabogados.com\/\",\"name\":\"https:\/\/garneloymunozabogados.com\/\",\"description\":\"Despacho de abogados en Ponferrada\",\"alternateName\":\"gym-abogados\",\"potentialAction\":[{\"@type\":\"SearchAction\",\"target\":{\"@type\":\"EntryPoint\",\"urlTemplate\":\"https:\/\/garneloymunozabogados.com\/?s={search_term_string}\"},\"query-input\":\"required name=search_term_string\"}],\"inLanguage\":\"es\"},{\"@type\":\"Person\",\"@id\":\"https:\/\/garneloymunozabogados.com\/#\/schema\/person\/1f23be8d68cd44ce56ab4c3a725e94f6\",\"name\":\"Garnelo &amp; Mu\u00f1oz Abogados\",\"image\":{\"@type\":\"ImageObject\",\"inLanguage\":\"es\",\"@id\":\"https:\/\/garneloymunozabogados.com\/#\/schema\/person\/image\/\",\"url\":\"https:\/\/secure.gravatar.com\/avatar\/031613ad7e6e67e4e0a3cd0715ec36ed?s=96&d=mm&r=g\",\"contentUrl\":\"https:\/\/secure.gravatar.com\/avatar\/031613ad7e6e67e4e0a3cd0715ec36ed?s=96&d=mm&r=g\",\"caption\":\"Garnelo &amp; Mu\u00f1oz Abogados\"},\"url\":\"https:\/\/garneloymunozabogados.com\/?author=1\"}]}<\/script>\n<!-- \/ Yoast SEO plugin. -->","yoast_head_json":{"title":"La falta de oposici\u00f3n por el propietario ausente al acuerdo adoptado en junta de propietarios no le priva de legitimaci\u00f3n para impugnarlo... &#8211;","description":"La falta de oposici\u00f3n por el propietario ausente al acuerdo adoptado en junta de propietarios no le priva de legitimaci\u00f3n para impugnarlo...","robots":{"index":"index","follow":"follow","max-snippet":"max-snippet:-1","max-image-preview":"max-image-preview:large","max-video-preview":"max-video-preview:-1"},"canonical":"https:\/\/garneloymunozabogados.com\/?p=911","og_locale":"es_ES","og_type":"article","og_title":"La falta de oposici\u00f3n por el propietario ausente al acuerdo adoptado en junta de propietarios no le priva de legitimaci\u00f3n para impugnarlo... &#8211;","og_description":"La falta de oposici\u00f3n por el propietario ausente al acuerdo adoptado en junta de propietarios no le priva de legitimaci\u00f3n para impugnarlo...","og_url":"https:\/\/garneloymunozabogados.com\/?p=911","article_published_time":"2021-09-27T18:38:45+00:00","article_modified_time":"2023-03-25T12:10:02+00:00","author":"Garnelo &amp; Mu\u00f1oz Abogados","twitter_card":"summary_large_image","twitter_misc":{"Escrito por":"Garnelo &amp; Mu\u00f1oz Abogados","Tiempo de lectura":"1 minuto"},"schema":{"@context":"https:\/\/schema.org","@graph":[{"@type":"WebPage","@id":"https:\/\/garneloymunozabogados.com\/?p=911","url":"https:\/\/garneloymunozabogados.com\/?p=911","name":"La falta de oposici\u00f3n por el propietario ausente al acuerdo adoptado en junta de propietarios no le priva de legitimaci\u00f3n para impugnarlo... &#8211;","isPartOf":{"@id":"https:\/\/garneloymunozabogados.com\/#website"},"datePublished":"2021-09-27T18:38:45+00:00","dateModified":"2023-03-25T12:10:02+00:00","author":{"@id":"https:\/\/garneloymunozabogados.com\/#\/schema\/person\/1f23be8d68cd44ce56ab4c3a725e94f6"},"description":"La falta de oposici\u00f3n por el propietario ausente al acuerdo adoptado en junta de propietarios no le priva de legitimaci\u00f3n para impugnarlo...","breadcrumb":{"@id":"https:\/\/garneloymunozabogados.com\/?p=911#breadcrumb"},"inLanguage":"es","potentialAction":[{"@type":"ReadAction","target":["https:\/\/garneloymunozabogados.com\/?p=911"]}]},{"@type":"BreadcrumbList","@id":"https:\/\/garneloymunozabogados.com\/?p=911#breadcrumb","itemListElement":[{"@type":"ListItem","position":1,"name":"Portada","item":"https:\/\/garneloymunozabogados.com\/"},{"@type":"ListItem","position":2,"name":"La falta de oposici\u00f3n por el propietario ausente al acuerdo adoptado en junta de propietarios no le priva de legitimaci\u00f3n para impugnarlo&#8230;"}]},{"@type":"WebSite","@id":"https:\/\/garneloymunozabogados.com\/#website","url":"https:\/\/garneloymunozabogados.com\/","name":"https:\/\/garneloymunozabogados.com\/","description":"Despacho de abogados en Ponferrada","alternateName":"gym-abogados","potentialAction":[{"@type":"SearchAction","target":{"@type":"EntryPoint","urlTemplate":"https:\/\/garneloymunozabogados.com\/?s={search_term_string}"},"query-input":"required name=search_term_string"}],"inLanguage":"es"},{"@type":"Person","@id":"https:\/\/garneloymunozabogados.com\/#\/schema\/person\/1f23be8d68cd44ce56ab4c3a725e94f6","name":"Garnelo &amp; Mu\u00f1oz Abogados","image":{"@type":"ImageObject","inLanguage":"es","@id":"https:\/\/garneloymunozabogados.com\/#\/schema\/person\/image\/","url":"https:\/\/secure.gravatar.com\/avatar\/031613ad7e6e67e4e0a3cd0715ec36ed?s=96&d=mm&r=g","contentUrl":"https:\/\/secure.gravatar.com\/avatar\/031613ad7e6e67e4e0a3cd0715ec36ed?s=96&d=mm&r=g","caption":"Garnelo &amp; Mu\u00f1oz Abogados"},"url":"https:\/\/garneloymunozabogados.com\/?author=1"}]}},"_links":{"self":[{"href":"https:\/\/garneloymunozabogados.com\/index.php?rest_route=\/wp\/v2\/posts\/911"}],"collection":[{"href":"https:\/\/garneloymunozabogados.com\/index.php?rest_route=\/wp\/v2\/posts"}],"about":[{"href":"https:\/\/garneloymunozabogados.com\/index.php?rest_route=\/wp\/v2\/types\/post"}],"author":[{"embeddable":true,"href":"https:\/\/garneloymunozabogados.com\/index.php?rest_route=\/wp\/v2\/users\/1"}],"replies":[{"embeddable":true,"href":"https:\/\/garneloymunozabogados.com\/index.php?rest_route=%2Fwp%2Fv2%2Fcomments&post=911"}],"version-history":[{"count":3,"href":"https:\/\/garneloymunozabogados.com\/index.php?rest_route=\/wp\/v2\/posts\/911\/revisions"}],"predecessor-version":[{"id":1761,"href":"https:\/\/garneloymunozabogados.com\/index.php?rest_route=\/wp\/v2\/posts\/911\/revisions\/1761"}],"wp:attachment":[{"href":"https:\/\/garneloymunozabogados.com\/index.php?rest_route=%2Fwp%2Fv2%2Fmedia&parent=911"}],"wp:term":[{"taxonomy":"category","embeddable":true,"href":"https:\/\/garneloymunozabogados.com\/index.php?rest_route=%2Fwp%2Fv2%2Fcategories&post=911"},{"taxonomy":"post_tag","embeddable":true,"href":"https:\/\/garneloymunozabogados.com\/index.php?rest_route=%2Fwp%2Fv2%2Ftags&post=911"}],"curies":[{"name":"wp","href":"https:\/\/api.w.org\/{rel}","templated":true}]}}