{"id":900,"date":"2021-07-14T16:50:35","date_gmt":"2021-07-14T16:50:35","guid":{"rendered":"https:\/\/garneloymunozabogados.com\/?p=900"},"modified":"2023-03-25T12:10:44","modified_gmt":"2023-03-25T12:10:44","slug":"uso-ilegitimo-de-las-tarjetas-de-estacionamiento-para-minusvalidos","status":"publish","type":"post","link":"https:\/\/garneloymunozabogados.com\/?p=900","title":{"rendered":"Uso ileg\u00edtimo de tarjetas de estacionamiento para minusv\u00e1lidos"},"content":{"rendered":"\nEn esta interesante sentencia del Tribunal Supremo 396\/2021, de 6 de mayo, el Alto Tribunal delimita la naturaleza jur\u00eddica de las tarjetas de estacionamiento para minusv\u00e1lidos y las consecuencias penales de su uso ilegit\u00edmo.\n\n\n\n<pre class=\"wp-block-code\"><code><a href=\"https:\/\/www.poderjudicial.es\/search\/AN\/openDocument\/3e511e79b47b8922\/20210524\" data-type=\"URL\" data-id=\"https:\/\/www.poderjudicial.es\/search\/AN\/openDocument\/3e511e79b47b8922\/20210524\" target=\"_blank\" rel=\"noreferrer noopener\">https:\/\/www.poderjudicial.es\/search\/AN\/openDocument\/3e511e79b47b8922\/20210524<\/a><\/code><\/pre>\n\n\n\n<p><\/p>\n","protected":false},"excerpt":{"rendered":"<p>En esta interesante sentencia del Tribunal Supremo 396\/2021, de 6 de mayo, el Alto Tribunal delimita la naturaleza jur\u00eddica de las tarjetas de estacionamiento para minusv\u00e1lidos y las consecuencias penales de su uso ilegit\u00edmo.<\/p>\n","protected":false},"author":1,"featured_media":0,"comment_status":"open","ping_status":"open","sticky":false,"template":"elementor_theme","format":"standard","meta":{"footnotes":""},"categories":[1],"tags":[],"yoast_head":"<!-- This site is optimized with the Yoast SEO plugin v22.3 - https:\/\/yoast.com\/wordpress\/plugins\/seo\/ -->\n<title>Uso ileg\u00edtimo de tarjetas de estacionamiento para minusv\u00e1lidos &#8211;<\/title>\n<meta name=\"description\" content=\"Uso ileg\u00edtimo de tarjetas de estacionamiento para minusv\u00e1lidos\" \/>\n<meta name=\"robots\" content=\"index, follow, max-snippet:-1, max-image-preview:large, max-video-preview:-1\" \/>\n<link rel=\"canonical\" href=\"https:\/\/garneloymunozabogados.com\/?p=900\" \/>\n<meta property=\"og:locale\" content=\"es_ES\" \/>\n<meta property=\"og:type\" content=\"article\" \/>\n<meta property=\"og:title\" content=\"Uso ileg\u00edtimo de tarjetas de estacionamiento para minusv\u00e1lidos &#8211;\" \/>\n<meta property=\"og:description\" content=\"Uso ileg\u00edtimo de tarjetas de estacionamiento para minusv\u00e1lidos\" \/>\n<meta property=\"og:url\" content=\"https:\/\/garneloymunozabogados.com\/?p=900\" \/>\n<meta property=\"article:published_time\" content=\"2021-07-14T16:50:35+00:00\" \/>\n<meta property=\"article:modified_time\" content=\"2023-03-25T12:10:44+00:00\" \/>\n<meta name=\"author\" content=\"Garnelo &amp; Mu\u00f1oz Abogados\" \/>\n<meta name=\"twitter:card\" content=\"summary_large_image\" \/>\n<meta name=\"twitter:label1\" content=\"Escrito por\" \/>\n\t<meta name=\"twitter:data1\" content=\"Garnelo &amp; Mu\u00f1oz Abogados\" \/>\n<script type=\"application\/ld+json\" class=\"yoast-schema-graph\">{\"@context\":\"https:\/\/schema.org\",\"@graph\":[{\"@type\":\"WebPage\",\"@id\":\"https:\/\/garneloymunozabogados.com\/?p=900\",\"url\":\"https:\/\/garneloymunozabogados.com\/?p=900\",\"name\":\"Uso ileg\u00edtimo de tarjetas de estacionamiento para minusv\u00e1lidos &#8211;\",\"isPartOf\":{\"@id\":\"https:\/\/garneloymunozabogados.com\/#website\"},\"datePublished\":\"2021-07-14T16:50:35+00:00\",\"dateModified\":\"2023-03-25T12:10:44+00:00\",\"author\":{\"@id\":\"https:\/\/garneloymunozabogados.com\/#\/schema\/person\/1f23be8d68cd44ce56ab4c3a725e94f6\"},\"description\":\"Uso ileg\u00edtimo de tarjetas de estacionamiento para minusv\u00e1lidos\",\"breadcrumb\":{\"@id\":\"https:\/\/garneloymunozabogados.com\/?p=900#breadcrumb\"},\"inLanguage\":\"es\",\"potentialAction\":[{\"@type\":\"ReadAction\",\"target\":[\"https:\/\/garneloymunozabogados.com\/?p=900\"]}]},{\"@type\":\"BreadcrumbList\",\"@id\":\"https:\/\/garneloymunozabogados.com\/?p=900#breadcrumb\",\"itemListElement\":[{\"@type\":\"ListItem\",\"position\":1,\"name\":\"Portada\",\"item\":\"https:\/\/garneloymunozabogados.com\/\"},{\"@type\":\"ListItem\",\"position\":2,\"name\":\"Uso ileg\u00edtimo de tarjetas de estacionamiento para minusv\u00e1lidos\"}]},{\"@type\":\"WebSite\",\"@id\":\"https:\/\/garneloymunozabogados.com\/#website\",\"url\":\"https:\/\/garneloymunozabogados.com\/\",\"name\":\"https:\/\/garneloymunozabogados.com\/\",\"description\":\"Despacho de abogados en Ponferrada\",\"alternateName\":\"gym-abogados\",\"potentialAction\":[{\"@type\":\"SearchAction\",\"target\":{\"@type\":\"EntryPoint\",\"urlTemplate\":\"https:\/\/garneloymunozabogados.com\/?s={search_term_string}\"},\"query-input\":\"required name=search_term_string\"}],\"inLanguage\":\"es\"},{\"@type\":\"Person\",\"@id\":\"https:\/\/garneloymunozabogados.com\/#\/schema\/person\/1f23be8d68cd44ce56ab4c3a725e94f6\",\"name\":\"Garnelo &amp; Mu\u00f1oz Abogados\",\"image\":{\"@type\":\"ImageObject\",\"inLanguage\":\"es\",\"@id\":\"https:\/\/garneloymunozabogados.com\/#\/schema\/person\/image\/\",\"url\":\"https:\/\/secure.gravatar.com\/avatar\/031613ad7e6e67e4e0a3cd0715ec36ed?s=96&d=mm&r=g\",\"contentUrl\":\"https:\/\/secure.gravatar.com\/avatar\/031613ad7e6e67e4e0a3cd0715ec36ed?s=96&d=mm&r=g\",\"caption\":\"Garnelo &amp; Mu\u00f1oz Abogados\"},\"url\":\"https:\/\/garneloymunozabogados.com\/?author=1\"}]}<\/script>\n<!-- \/ Yoast SEO plugin. -->","yoast_head_json":{"title":"Uso ileg\u00edtimo de tarjetas de estacionamiento para minusv\u00e1lidos &#8211;","description":"Uso ileg\u00edtimo de tarjetas de estacionamiento para minusv\u00e1lidos","robots":{"index":"index","follow":"follow","max-snippet":"max-snippet:-1","max-image-preview":"max-image-preview:large","max-video-preview":"max-video-preview:-1"},"canonical":"https:\/\/garneloymunozabogados.com\/?p=900","og_locale":"es_ES","og_type":"article","og_title":"Uso ileg\u00edtimo de tarjetas de estacionamiento para minusv\u00e1lidos &#8211;","og_description":"Uso ileg\u00edtimo de tarjetas de estacionamiento para minusv\u00e1lidos","og_url":"https:\/\/garneloymunozabogados.com\/?p=900","article_published_time":"2021-07-14T16:50:35+00:00","article_modified_time":"2023-03-25T12:10:44+00:00","author":"Garnelo &amp; Mu\u00f1oz Abogados","twitter_card":"summary_large_image","twitter_misc":{"Escrito por":"Garnelo &amp; Mu\u00f1oz Abogados"},"schema":{"@context":"https:\/\/schema.org","@graph":[{"@type":"WebPage","@id":"https:\/\/garneloymunozabogados.com\/?p=900","url":"https:\/\/garneloymunozabogados.com\/?p=900","name":"Uso ileg\u00edtimo de tarjetas de estacionamiento para minusv\u00e1lidos &#8211;","isPartOf":{"@id":"https:\/\/garneloymunozabogados.com\/#website"},"datePublished":"2021-07-14T16:50:35+00:00","dateModified":"2023-03-25T12:10:44+00:00","author":{"@id":"https:\/\/garneloymunozabogados.com\/#\/schema\/person\/1f23be8d68cd44ce56ab4c3a725e94f6"},"description":"Uso ileg\u00edtimo de tarjetas de estacionamiento para minusv\u00e1lidos","breadcrumb":{"@id":"https:\/\/garneloymunozabogados.com\/?p=900#breadcrumb"},"inLanguage":"es","potentialAction":[{"@type":"ReadAction","target":["https:\/\/garneloymunozabogados.com\/?p=900"]}]},{"@type":"BreadcrumbList","@id":"https:\/\/garneloymunozabogados.com\/?p=900#breadcrumb","itemListElement":[{"@type":"ListItem","position":1,"name":"Portada","item":"https:\/\/garneloymunozabogados.com\/"},{"@type":"ListItem","position":2,"name":"Uso ileg\u00edtimo de tarjetas de estacionamiento para minusv\u00e1lidos"}]},{"@type":"WebSite","@id":"https:\/\/garneloymunozabogados.com\/#website","url":"https:\/\/garneloymunozabogados.com\/","name":"https:\/\/garneloymunozabogados.com\/","description":"Despacho de abogados en Ponferrada","alternateName":"gym-abogados","potentialAction":[{"@type":"SearchAction","target":{"@type":"EntryPoint","urlTemplate":"https:\/\/garneloymunozabogados.com\/?s={search_term_string}"},"query-input":"required name=search_term_string"}],"inLanguage":"es"},{"@type":"Person","@id":"https:\/\/garneloymunozabogados.com\/#\/schema\/person\/1f23be8d68cd44ce56ab4c3a725e94f6","name":"Garnelo &amp; Mu\u00f1oz Abogados","image":{"@type":"ImageObject","inLanguage":"es","@id":"https:\/\/garneloymunozabogados.com\/#\/schema\/person\/image\/","url":"https:\/\/secure.gravatar.com\/avatar\/031613ad7e6e67e4e0a3cd0715ec36ed?s=96&d=mm&r=g","contentUrl":"https:\/\/secure.gravatar.com\/avatar\/031613ad7e6e67e4e0a3cd0715ec36ed?s=96&d=mm&r=g","caption":"Garnelo &amp; Mu\u00f1oz Abogados"},"url":"https:\/\/garneloymunozabogados.com\/?author=1"}]}},"_links":{"self":[{"href":"https:\/\/garneloymunozabogados.com\/index.php?rest_route=\/wp\/v2\/posts\/900"}],"collection":[{"href":"https:\/\/garneloymunozabogados.com\/index.php?rest_route=\/wp\/v2\/posts"}],"about":[{"href":"https:\/\/garneloymunozabogados.com\/index.php?rest_route=\/wp\/v2\/types\/post"}],"author":[{"embeddable":true,"href":"https:\/\/garneloymunozabogados.com\/index.php?rest_route=\/wp\/v2\/users\/1"}],"replies":[{"embeddable":true,"href":"https:\/\/garneloymunozabogados.com\/index.php?rest_route=%2Fwp%2Fv2%2Fcomments&post=900"}],"version-history":[{"count":6,"href":"https:\/\/garneloymunozabogados.com\/index.php?rest_route=\/wp\/v2\/posts\/900\/revisions"}],"predecessor-version":[{"id":1010,"href":"https:\/\/garneloymunozabogados.com\/index.php?rest_route=\/wp\/v2\/posts\/900\/revisions\/1010"}],"wp:attachment":[{"href":"https:\/\/garneloymunozabogados.com\/index.php?rest_route=%2Fwp%2Fv2%2Fmedia&parent=900"}],"wp:term":[{"taxonomy":"category","embeddable":true,"href":"https:\/\/garneloymunozabogados.com\/index.php?rest_route=%2Fwp%2Fv2%2Fcategories&post=900"},{"taxonomy":"post_tag","embeddable":true,"href":"https:\/\/garneloymunozabogados.com\/index.php?rest_route=%2Fwp%2Fv2%2Ftags&post=900"}],"curies":[{"name":"wp","href":"https:\/\/api.w.org\/{rel}","templated":true}]}}