{"id":3377,"date":"2025-05-07T09:28:56","date_gmt":"2025-05-07T09:28:56","guid":{"rendered":"https:\/\/garneloymunozabogados.com\/?p=3377"},"modified":"2025-05-07T09:28:58","modified_gmt":"2025-05-07T09:28:58","slug":"delitos-de-odio-en-el-contexto-del-deporte-infantil","status":"publish","type":"post","link":"https:\/\/garneloymunozabogados.com\/?p=3377","title":{"rendered":"DELITOS DE ODIO EN EL CONTEXTO DEL DEPORTE INFANTIL"},"content":{"rendered":"\n<p>La Audiencia Provincial de Salamanca ha reabierto la causa contra un hombre investigado por proferir insultos racistas a un ni\u00f1o, jugador de un equipo de f\u00fatbol durante un encuentro de alevines;&nbsp;ordenan tomarle declaraci\u00f3n en calidad de investigado porque entienden que las expresiones \u00ab<em>puto negro<\/em>\u00bb y \u00ab<em>puto moro<\/em>\u00bb -que profiri\u00f3 el adulto en presencia de padres y espectadores y que fueron recogidas en el acta arbitral- exceden los l\u00edmites de la libertad de expresi\u00f3n y podr\u00edan ser constitutivas de un delito de odio.&nbsp;<\/p>\n\n\n\n<p>Consideran que \u00ab<em>no estamos ante la manifestaci\u00f3n de una opini\u00f3n o de una aseveraci\u00f3n incitadora a actuar contra un grupo de personas, sino ante una acci\u00f3n de violencia verbal dirigida a una persona concreta, con un contenido que, de integrar el desvalor que fija la norma, no puede estar amparada por el derecho a la libertad de expresi\u00f3n<\/em>\u00ab.<\/p>\n\n\n\n<p>A\u00f1aden que \u00ab<em>las expresiones proferidas, en un \u00e1mbito deportivo, es decir, en un entorno de aprendizaje de la tolerancia y el respeto, pueden revestir, en esta fase procesal, un mensaje de intolerancia, de intransigencia y de violencia verbal, con clara conciencia y voluntad de atentar contra la dignidad personal de un ni\u00f1o de 9 a\u00f1os<\/em>\u00ab.&nbsp;<\/p>\n\n\n\n<p>La Sala considera que las expresiones vertidas por el denunciado, sin perjuicio de lo que se acredite durante la fase de investigaci\u00f3n, en alusi\u00f3n, en principio despectiva, a la raza\/origen nacional del menor, atendiendo al tono y a la exposici\u00f3n p\u00fablica en las que se vertieron, pueden constituir un ataque a su dignidad y una expresi\u00f3n de intolerancia incompatible con la convivencia.<\/p>\n\n\n\n<p>Los magistrados concluyen que \u00ab<em>dirigirse en p\u00fablico, por muy acalorado que pudiera estar por un lance del f\u00fatbol, a un ni\u00f1o de 9 a\u00f1os, que est\u00e1 disputando un partido de f\u00fatbol, junto a otros compa\u00f1eros menores de edad con expresiones tales como \u201cputo negro\u201d y \u201cputo moro\u201d, expresiones que fueron perfectamente escuchadas por muchos padres y espectadores all\u00ed presentes, puede exceder de lo que se considera una reacci\u00f3n emocional fruto de un acaloramiento, pudiendo resultar objetivamente humillante y tener una clara connotaci\u00f3n discriminatoria, con capacidad para lesionar gravemente la dignidad de su persona, razones todas ellas que nos llevan a la estimaci\u00f3n del recurso de apelaci\u00f3n promovido por el Ministerio Fiscal y a revocar la resoluci\u00f3n recurrida<\/em>\u00ab.<\/p>\n\n\n\n<p>La Audiencia Provincial ordena al Juzgado instructor \u00ab<em>profundizar<\/em>\u00bb en la investigaci\u00f3n de los hechos ante la existencia de indicios de un delito del art\u00edculo 510.2 del C\u00f3digo Penal, en su modalidad de lesi\u00f3n a la dignidad por motivos racistas; tomando declaraci\u00f3n en calidad de investigado al denunciado, oyendo a los testigos identificados en el atestado policial y con ofrecimiento de acciones a los representantes legales del menor.&nbsp;&nbsp;<\/p>\n","protected":false},"excerpt":{"rendered":"<p>La Audiencia Provincial de Salamanca ha reabierto la causa contra un hombre investigado por proferir insultos racistas a un ni\u00f1o, jugador de un equipo de f\u00fatbol durante un encuentro de alevines;&nbsp;ordenan tomarle declaraci\u00f3n en calidad de investigado porque entienden que las expresiones \u00abputo negro\u00bb y \u00abputo moro\u00bb -que profiri\u00f3 el adulto en presencia de padres y espectadores y que fueron recogidas en el acta arbitral- exceden los l\u00edmites de la libertad de expresi\u00f3n y podr\u00edan ser constitutivas de un delito de odio.&nbsp; Consideran que \u00abno estamos ante la manifestaci\u00f3n de una opini\u00f3n o de una aseveraci\u00f3n incitadora a actuar contra un grupo de personas, sino ante una acci\u00f3n de violencia verbal dirigida a una persona concreta, con un contenido que, de integrar el desvalor que fija la norma, no puede estar amparada por el derecho a la libertad de expresi\u00f3n\u00ab. A\u00f1aden que \u00ablas expresiones proferidas, en un \u00e1mbito deportivo, es decir, en un entorno de aprendizaje de la tolerancia y el respeto, pueden revestir, en esta fase procesal, un mensaje de intolerancia, de intransigencia y de violencia verbal, con clara conciencia y voluntad de atentar contra la dignidad personal de un ni\u00f1o de 9 a\u00f1os\u00ab.&nbsp; La Sala considera que las expresiones vertidas por el denunciado, sin perjuicio de lo que se acredite durante la fase de investigaci\u00f3n, en alusi\u00f3n, en principio despectiva, a la raza\/origen nacional del menor, atendiendo al tono y a la exposici\u00f3n p\u00fablica en las que se vertieron, pueden constituir un ataque a su dignidad y una expresi\u00f3n de intolerancia incompatible con la convivencia. Los magistrados concluyen que \u00abdirigirse en p\u00fablico, por muy acalorado que pudiera estar por un lance del f\u00fatbol, a un ni\u00f1o de 9 a\u00f1os, que est\u00e1 disputando un partido de f\u00fatbol, junto a otros compa\u00f1eros menores de edad con expresiones tales como \u201cputo negro\u201d y \u201cputo moro\u201d, expresiones que fueron perfectamente escuchadas por muchos padres y espectadores all\u00ed presentes, puede exceder de lo que se considera una reacci\u00f3n emocional fruto de un acaloramiento, pudiendo resultar objetivamente humillante y tener una clara connotaci\u00f3n discriminatoria, con capacidad para lesionar gravemente la dignidad de su persona, razones todas ellas que nos llevan a la estimaci\u00f3n del recurso de apelaci\u00f3n promovido por el Ministerio Fiscal y a revocar la resoluci\u00f3n recurrida\u00ab. La Audiencia Provincial ordena al Juzgado instructor \u00abprofundizar\u00bb en la investigaci\u00f3n de los hechos ante la existencia de indicios de un delito del art\u00edculo 510.2 del C\u00f3digo Penal, en su modalidad de lesi\u00f3n a la dignidad por motivos racistas; tomando declaraci\u00f3n en calidad de investigado al denunciado, oyendo a los testigos identificados en el atestado policial y con ofrecimiento de acciones a los representantes legales del menor.&nbsp;&nbsp;<\/p>\n","protected":false},"author":1,"featured_media":0,"comment_status":"open","ping_status":"open","sticky":false,"template":"","format":"standard","meta":{"footnotes":""},"categories":[1],"tags":[],"yoast_head":"<!-- This site is optimized with the Yoast SEO plugin v22.3 - https:\/\/yoast.com\/wordpress\/plugins\/seo\/ -->\n<title>DELITOS DE ODIO EN EL CONTEXTO DEL DEPORTE INFANTIL &#8211;<\/title>\n<meta name=\"description\" content=\"DELITOS DE ODIO EN EL CONTEXTO DEL DEPORTE INFANTIL\" \/>\n<meta name=\"robots\" content=\"index, follow, max-snippet:-1, max-image-preview:large, max-video-preview:-1\" \/>\n<link rel=\"canonical\" href=\"https:\/\/garneloymunozabogados.com\/?p=3377\" \/>\n<meta property=\"og:locale\" content=\"es_ES\" \/>\n<meta property=\"og:type\" content=\"article\" \/>\n<meta property=\"og:title\" content=\"DELITOS DE ODIO EN EL CONTEXTO DEL DEPORTE INFANTIL &#8211;\" \/>\n<meta property=\"og:description\" content=\"DELITOS DE ODIO EN EL CONTEXTO DEL DEPORTE INFANTIL\" \/>\n<meta property=\"og:url\" content=\"https:\/\/garneloymunozabogados.com\/?p=3377\" \/>\n<meta property=\"article:published_time\" content=\"2025-05-07T09:28:56+00:00\" \/>\n<meta property=\"article:modified_time\" content=\"2025-05-07T09:28:58+00:00\" \/>\n<meta name=\"author\" content=\"Garnelo &amp; Mu\u00f1oz Abogados\" \/>\n<meta name=\"twitter:card\" content=\"summary_large_image\" \/>\n<meta name=\"twitter:label1\" content=\"Escrito por\" \/>\n\t<meta name=\"twitter:data1\" content=\"Garnelo &amp; Mu\u00f1oz Abogados\" \/>\n\t<meta name=\"twitter:label2\" content=\"Tiempo de lectura\" \/>\n\t<meta name=\"twitter:data2\" content=\"3 minutos\" \/>\n<script type=\"application\/ld+json\" class=\"yoast-schema-graph\">{\"@context\":\"https:\/\/schema.org\",\"@graph\":[{\"@type\":\"WebPage\",\"@id\":\"https:\/\/garneloymunozabogados.com\/?p=3377\",\"url\":\"https:\/\/garneloymunozabogados.com\/?p=3377\",\"name\":\"DELITOS DE ODIO EN EL CONTEXTO DEL DEPORTE INFANTIL &#8211;\",\"isPartOf\":{\"@id\":\"https:\/\/garneloymunozabogados.com\/#website\"},\"datePublished\":\"2025-05-07T09:28:56+00:00\",\"dateModified\":\"2025-05-07T09:28:58+00:00\",\"author\":{\"@id\":\"https:\/\/garneloymunozabogados.com\/#\/schema\/person\/1f23be8d68cd44ce56ab4c3a725e94f6\"},\"description\":\"DELITOS DE ODIO EN EL CONTEXTO DEL DEPORTE INFANTIL\",\"breadcrumb\":{\"@id\":\"https:\/\/garneloymunozabogados.com\/?p=3377#breadcrumb\"},\"inLanguage\":\"es\",\"potentialAction\":[{\"@type\":\"ReadAction\",\"target\":[\"https:\/\/garneloymunozabogados.com\/?p=3377\"]}]},{\"@type\":\"BreadcrumbList\",\"@id\":\"https:\/\/garneloymunozabogados.com\/?p=3377#breadcrumb\",\"itemListElement\":[{\"@type\":\"ListItem\",\"position\":1,\"name\":\"Portada\",\"item\":\"https:\/\/garneloymunozabogados.com\/\"},{\"@type\":\"ListItem\",\"position\":2,\"name\":\"DELITOS DE ODIO EN EL CONTEXTO DEL DEPORTE INFANTIL\"}]},{\"@type\":\"WebSite\",\"@id\":\"https:\/\/garneloymunozabogados.com\/#website\",\"url\":\"https:\/\/garneloymunozabogados.com\/\",\"name\":\"https:\/\/garneloymunozabogados.com\/\",\"description\":\"Despacho de abogados en Ponferrada\",\"alternateName\":\"gym-abogados\",\"potentialAction\":[{\"@type\":\"SearchAction\",\"target\":{\"@type\":\"EntryPoint\",\"urlTemplate\":\"https:\/\/garneloymunozabogados.com\/?s={search_term_string}\"},\"query-input\":\"required name=search_term_string\"}],\"inLanguage\":\"es\"},{\"@type\":\"Person\",\"@id\":\"https:\/\/garneloymunozabogados.com\/#\/schema\/person\/1f23be8d68cd44ce56ab4c3a725e94f6\",\"name\":\"Garnelo &amp; Mu\u00f1oz Abogados\",\"image\":{\"@type\":\"ImageObject\",\"inLanguage\":\"es\",\"@id\":\"https:\/\/garneloymunozabogados.com\/#\/schema\/person\/image\/\",\"url\":\"https:\/\/secure.gravatar.com\/avatar\/031613ad7e6e67e4e0a3cd0715ec36ed?s=96&d=mm&r=g\",\"contentUrl\":\"https:\/\/secure.gravatar.com\/avatar\/031613ad7e6e67e4e0a3cd0715ec36ed?s=96&d=mm&r=g\",\"caption\":\"Garnelo &amp; Mu\u00f1oz Abogados\"},\"url\":\"https:\/\/garneloymunozabogados.com\/?author=1\"}]}<\/script>\n<!-- \/ Yoast SEO plugin. -->","yoast_head_json":{"title":"DELITOS DE ODIO EN EL CONTEXTO DEL DEPORTE INFANTIL &#8211;","description":"DELITOS DE ODIO EN EL CONTEXTO DEL DEPORTE INFANTIL","robots":{"index":"index","follow":"follow","max-snippet":"max-snippet:-1","max-image-preview":"max-image-preview:large","max-video-preview":"max-video-preview:-1"},"canonical":"https:\/\/garneloymunozabogados.com\/?p=3377","og_locale":"es_ES","og_type":"article","og_title":"DELITOS DE ODIO EN EL CONTEXTO DEL DEPORTE INFANTIL &#8211;","og_description":"DELITOS DE ODIO EN EL CONTEXTO DEL DEPORTE INFANTIL","og_url":"https:\/\/garneloymunozabogados.com\/?p=3377","article_published_time":"2025-05-07T09:28:56+00:00","article_modified_time":"2025-05-07T09:28:58+00:00","author":"Garnelo &amp; Mu\u00f1oz Abogados","twitter_card":"summary_large_image","twitter_misc":{"Escrito por":"Garnelo &amp; Mu\u00f1oz Abogados","Tiempo de lectura":"3 minutos"},"schema":{"@context":"https:\/\/schema.org","@graph":[{"@type":"WebPage","@id":"https:\/\/garneloymunozabogados.com\/?p=3377","url":"https:\/\/garneloymunozabogados.com\/?p=3377","name":"DELITOS DE ODIO EN EL CONTEXTO DEL DEPORTE INFANTIL &#8211;","isPartOf":{"@id":"https:\/\/garneloymunozabogados.com\/#website"},"datePublished":"2025-05-07T09:28:56+00:00","dateModified":"2025-05-07T09:28:58+00:00","author":{"@id":"https:\/\/garneloymunozabogados.com\/#\/schema\/person\/1f23be8d68cd44ce56ab4c3a725e94f6"},"description":"DELITOS DE ODIO EN EL CONTEXTO DEL DEPORTE INFANTIL","breadcrumb":{"@id":"https:\/\/garneloymunozabogados.com\/?p=3377#breadcrumb"},"inLanguage":"es","potentialAction":[{"@type":"ReadAction","target":["https:\/\/garneloymunozabogados.com\/?p=3377"]}]},{"@type":"BreadcrumbList","@id":"https:\/\/garneloymunozabogados.com\/?p=3377#breadcrumb","itemListElement":[{"@type":"ListItem","position":1,"name":"Portada","item":"https:\/\/garneloymunozabogados.com\/"},{"@type":"ListItem","position":2,"name":"DELITOS DE ODIO EN EL CONTEXTO DEL DEPORTE INFANTIL"}]},{"@type":"WebSite","@id":"https:\/\/garneloymunozabogados.com\/#website","url":"https:\/\/garneloymunozabogados.com\/","name":"https:\/\/garneloymunozabogados.com\/","description":"Despacho de abogados en Ponferrada","alternateName":"gym-abogados","potentialAction":[{"@type":"SearchAction","target":{"@type":"EntryPoint","urlTemplate":"https:\/\/garneloymunozabogados.com\/?s={search_term_string}"},"query-input":"required name=search_term_string"}],"inLanguage":"es"},{"@type":"Person","@id":"https:\/\/garneloymunozabogados.com\/#\/schema\/person\/1f23be8d68cd44ce56ab4c3a725e94f6","name":"Garnelo &amp; Mu\u00f1oz Abogados","image":{"@type":"ImageObject","inLanguage":"es","@id":"https:\/\/garneloymunozabogados.com\/#\/schema\/person\/image\/","url":"https:\/\/secure.gravatar.com\/avatar\/031613ad7e6e67e4e0a3cd0715ec36ed?s=96&d=mm&r=g","contentUrl":"https:\/\/secure.gravatar.com\/avatar\/031613ad7e6e67e4e0a3cd0715ec36ed?s=96&d=mm&r=g","caption":"Garnelo &amp; Mu\u00f1oz Abogados"},"url":"https:\/\/garneloymunozabogados.com\/?author=1"}]}},"_links":{"self":[{"href":"https:\/\/garneloymunozabogados.com\/index.php?rest_route=\/wp\/v2\/posts\/3377"}],"collection":[{"href":"https:\/\/garneloymunozabogados.com\/index.php?rest_route=\/wp\/v2\/posts"}],"about":[{"href":"https:\/\/garneloymunozabogados.com\/index.php?rest_route=\/wp\/v2\/types\/post"}],"author":[{"embeddable":true,"href":"https:\/\/garneloymunozabogados.com\/index.php?rest_route=\/wp\/v2\/users\/1"}],"replies":[{"embeddable":true,"href":"https:\/\/garneloymunozabogados.com\/index.php?rest_route=%2Fwp%2Fv2%2Fcomments&post=3377"}],"version-history":[{"count":1,"href":"https:\/\/garneloymunozabogados.com\/index.php?rest_route=\/wp\/v2\/posts\/3377\/revisions"}],"predecessor-version":[{"id":3378,"href":"https:\/\/garneloymunozabogados.com\/index.php?rest_route=\/wp\/v2\/posts\/3377\/revisions\/3378"}],"wp:attachment":[{"href":"https:\/\/garneloymunozabogados.com\/index.php?rest_route=%2Fwp%2Fv2%2Fmedia&parent=3377"}],"wp:term":[{"taxonomy":"category","embeddable":true,"href":"https:\/\/garneloymunozabogados.com\/index.php?rest_route=%2Fwp%2Fv2%2Fcategories&post=3377"},{"taxonomy":"post_tag","embeddable":true,"href":"https:\/\/garneloymunozabogados.com\/index.php?rest_route=%2Fwp%2Fv2%2Ftags&post=3377"}],"curies":[{"name":"wp","href":"https:\/\/api.w.org\/{rel}","templated":true}]}}