{"id":3363,"date":"2025-02-17T08:26:28","date_gmt":"2025-02-17T08:26:28","guid":{"rendered":"https:\/\/garneloymunozabogados.com\/?p=3363"},"modified":"2025-02-17T08:26:31","modified_gmt":"2025-02-17T08:26:31","slug":"el-delito-de-odio-segun-el-tribunal-supremo","status":"publish","type":"post","link":"https:\/\/garneloymunozabogados.com\/?p=3363","title":{"rendered":"El delito de odio seg\u00fan el Tribunal Supremo"},"content":{"rendered":"\n<p>La Sala Penal del Tribunal Supremo ha confirmado la condena a 6 meses de prisi\u00f3n y multa de 1.080 euros, por delito contra la dignidad de las personas, a dos hombres que increparon varias veces a otro en un bar de Madrid dici\u00e9ndole \u2018<em>maric\u00f3n<\/em>\u2019, \u2018<em>maric\u00f3n de mierda<\/em>\u2019 y \u2018<em>te estabas pajeando con tu amigo<\/em>\u2019, cuando la v\u00edctima estaba saliendo de los ba\u00f1os del establecimiento. Tambi\u00e9n son condenados a 3 a\u00f1os y 6 meses de inhabilitaci\u00f3n especial para profesi\u00f3n u oficio educativos, y a pagar 500 euros de indemnizaci\u00f3n a su v\u00edctima.<\/p>\n\n\n\n<p>Los hechos probados se\u00f1alan que el 15 de enero de 2021, cuando los dos acusados se encontraban en un establecimiento de Madrid, \u201cy por motivo de los prejuicios que ambos tienen hacia las personas con diferente orientaci\u00f3n sexual, se dirigieron hacia (la v\u00edctima), quien sal\u00eda de los ba\u00f1os de dicho establecimiento y le increparon dici\u00e9ndole varias veces<em> \u00abmaric\u00f3n\u00bb \u00abmaric\u00f3n de mierda\u00bb, \u00bb te estabas pajeando con tu amigo\u00bb, <\/em>llegando a cerrarle de forma violenta la puerta del aseo, motivando un sentimiento de humillaci\u00f3n en (la v\u00edctima)\u201d.<\/p>\n\n\n\n<p>La sentencia destaca que estas expresiones son ofensivas y constituyen el menoscabo de la integridad moral, por motivos de pertenencia a un grupo al que se humilla, que castiga el art\u00edculo\u00a0510.2 a) del C\u00f3digo Penal. A\u00f1ade que por mucho que alguna de las expresiones \u201c<em>en particulares contextos y en determinados \u00e1mbitos se utilicen de manera generalizada, incluso jocosa y sin carga peyorativa, objetivamente incorporan una connotaci\u00f3n de menosprecio vinculada a la orientaci\u00f3n sexual, expresi\u00f3n de homofobia<\/em>\u201d.<\/p>\n\n\n\n<p>\u201c<em>Empleadas tal y como el relato de hechos describe, no exentas de cierta violencia y en un lugar p\u00fablico de manera que pudieron ser escuchadas por terceros, transmiten un discurso que humilla, desprecia y discrimina, ostentado desde tradicionales posturas estereotipadas de lo masculino. Un discurso que, tal y como el relato de hechos singulariza, responde a los prejuicios que ambos acusados tienen hacia las personas con una particular orientaci\u00f3n sexual, por lo que es la pertenencia a ese grupo o colectivo la que impulsa la acci\u00f3n denigratoria, que de esta manera se proyecta sobre aquel<\/em>\u201d, expone el tribunal.<\/p>\n\n\n\n<p>Asimismo rechaza que los hechos puedan entenderse amparados en la libertad de expresi\u00f3n con apoyo en una sentencia del Tribunal Constitucional que se\u00f1ala que no cabe dentro de la misma \u201c<em>un pretendido derecho al insulto<\/em>\u201d o expresiones&nbsp;\u2018<em>formalmente injuriosas\u2019<\/em>, o \u2018<em>absolutamente vejatorias<\/em>\u2019, o ultrajantes y ofensivas sin relaci\u00f3n con las ideas u opiniones que se expongan.<\/p>\n","protected":false},"excerpt":{"rendered":"<p>La Sala Penal del Tribunal Supremo ha confirmado la condena a 6 meses de prisi\u00f3n y multa de 1.080 euros, por delito contra la dignidad de las personas, a dos hombres que increparon varias veces a otro en un bar de Madrid dici\u00e9ndole \u2018maric\u00f3n\u2019, \u2018maric\u00f3n de mierda\u2019 y \u2018te estabas pajeando con tu amigo\u2019, cuando la v\u00edctima estaba saliendo de los ba\u00f1os del establecimiento. Tambi\u00e9n son condenados a 3 a\u00f1os y 6 meses de inhabilitaci\u00f3n especial para profesi\u00f3n u oficio educativos, y a pagar 500 euros de indemnizaci\u00f3n a su v\u00edctima. Los hechos probados se\u00f1alan que el 15 de enero de 2021, cuando los dos acusados se encontraban en un establecimiento de Madrid, \u201cy por motivo de los prejuicios que ambos tienen hacia las personas con diferente orientaci\u00f3n sexual, se dirigieron hacia (la v\u00edctima), quien sal\u00eda de los ba\u00f1os de dicho establecimiento y le increparon dici\u00e9ndole varias veces \u00abmaric\u00f3n\u00bb \u00abmaric\u00f3n de mierda\u00bb, \u00bb te estabas pajeando con tu amigo\u00bb, llegando a cerrarle de forma violenta la puerta del aseo, motivando un sentimiento de humillaci\u00f3n en (la v\u00edctima)\u201d. La sentencia destaca que estas expresiones son ofensivas y constituyen el menoscabo de la integridad moral, por motivos de pertenencia a un grupo al que se humilla, que castiga el art\u00edculo\u00a0510.2 a) del C\u00f3digo Penal. A\u00f1ade que por mucho que alguna de las expresiones \u201cen particulares contextos y en determinados \u00e1mbitos se utilicen de manera generalizada, incluso jocosa y sin carga peyorativa, objetivamente incorporan una connotaci\u00f3n de menosprecio vinculada a la orientaci\u00f3n sexual, expresi\u00f3n de homofobia\u201d. \u201cEmpleadas tal y como el relato de hechos describe, no exentas de cierta violencia y en un lugar p\u00fablico de manera que pudieron ser escuchadas por terceros, transmiten un discurso que humilla, desprecia y discrimina, ostentado desde tradicionales posturas estereotipadas de lo masculino. Un discurso que, tal y como el relato de hechos singulariza, responde a los prejuicios que ambos acusados tienen hacia las personas con una particular orientaci\u00f3n sexual, por lo que es la pertenencia a ese grupo o colectivo la que impulsa la acci\u00f3n denigratoria, que de esta manera se proyecta sobre aquel\u201d, expone el tribunal. Asimismo rechaza que los hechos puedan entenderse amparados en la libertad de expresi\u00f3n con apoyo en una sentencia del Tribunal Constitucional que se\u00f1ala que no cabe dentro de la misma \u201cun pretendido derecho al insulto\u201d o expresiones&nbsp;\u2018formalmente injuriosas\u2019, o \u2018absolutamente vejatorias\u2019, o ultrajantes y ofensivas sin relaci\u00f3n con las ideas u opiniones que se expongan.<\/p>\n","protected":false},"author":1,"featured_media":0,"comment_status":"open","ping_status":"open","sticky":false,"template":"","format":"standard","meta":{"footnotes":""},"categories":[1],"tags":[],"yoast_head":"<!-- This site is optimized with the Yoast SEO plugin v22.3 - https:\/\/yoast.com\/wordpress\/plugins\/seo\/ -->\n<title>El delito de odio seg\u00fan el Tribunal Supremo &#8211;<\/title>\n<meta name=\"description\" content=\"El delito de odio seg\u00fan el Tribunal Supremo\" \/>\n<meta name=\"robots\" content=\"index, follow, max-snippet:-1, max-image-preview:large, max-video-preview:-1\" \/>\n<link rel=\"canonical\" href=\"https:\/\/garneloymunozabogados.com\/?p=3363\" \/>\n<meta property=\"og:locale\" content=\"es_ES\" \/>\n<meta property=\"og:type\" content=\"article\" \/>\n<meta property=\"og:title\" content=\"El delito de odio seg\u00fan el Tribunal Supremo &#8211;\" \/>\n<meta property=\"og:description\" content=\"El delito de odio seg\u00fan el Tribunal Supremo\" \/>\n<meta property=\"og:url\" content=\"https:\/\/garneloymunozabogados.com\/?p=3363\" \/>\n<meta property=\"article:published_time\" content=\"2025-02-17T08:26:28+00:00\" \/>\n<meta property=\"article:modified_time\" content=\"2025-02-17T08:26:31+00:00\" \/>\n<meta name=\"author\" content=\"Garnelo &amp; Mu\u00f1oz Abogados\" \/>\n<meta name=\"twitter:card\" content=\"summary_large_image\" \/>\n<meta name=\"twitter:label1\" content=\"Escrito por\" \/>\n\t<meta name=\"twitter:data1\" content=\"Garnelo &amp; Mu\u00f1oz Abogados\" \/>\n\t<meta name=\"twitter:label2\" content=\"Tiempo de lectura\" \/>\n\t<meta name=\"twitter:data2\" content=\"2 minutos\" \/>\n<script type=\"application\/ld+json\" class=\"yoast-schema-graph\">{\"@context\":\"https:\/\/schema.org\",\"@graph\":[{\"@type\":\"WebPage\",\"@id\":\"https:\/\/garneloymunozabogados.com\/?p=3363\",\"url\":\"https:\/\/garneloymunozabogados.com\/?p=3363\",\"name\":\"El delito de odio seg\u00fan el Tribunal Supremo &#8211;\",\"isPartOf\":{\"@id\":\"https:\/\/garneloymunozabogados.com\/#website\"},\"datePublished\":\"2025-02-17T08:26:28+00:00\",\"dateModified\":\"2025-02-17T08:26:31+00:00\",\"author\":{\"@id\":\"https:\/\/garneloymunozabogados.com\/#\/schema\/person\/1f23be8d68cd44ce56ab4c3a725e94f6\"},\"description\":\"El delito de odio seg\u00fan el Tribunal Supremo\",\"breadcrumb\":{\"@id\":\"https:\/\/garneloymunozabogados.com\/?p=3363#breadcrumb\"},\"inLanguage\":\"es\",\"potentialAction\":[{\"@type\":\"ReadAction\",\"target\":[\"https:\/\/garneloymunozabogados.com\/?p=3363\"]}]},{\"@type\":\"BreadcrumbList\",\"@id\":\"https:\/\/garneloymunozabogados.com\/?p=3363#breadcrumb\",\"itemListElement\":[{\"@type\":\"ListItem\",\"position\":1,\"name\":\"Portada\",\"item\":\"https:\/\/garneloymunozabogados.com\/\"},{\"@type\":\"ListItem\",\"position\":2,\"name\":\"El delito de odio seg\u00fan el Tribunal Supremo\"}]},{\"@type\":\"WebSite\",\"@id\":\"https:\/\/garneloymunozabogados.com\/#website\",\"url\":\"https:\/\/garneloymunozabogados.com\/\",\"name\":\"https:\/\/garneloymunozabogados.com\/\",\"description\":\"Despacho de abogados en Ponferrada\",\"alternateName\":\"gym-abogados\",\"potentialAction\":[{\"@type\":\"SearchAction\",\"target\":{\"@type\":\"EntryPoint\",\"urlTemplate\":\"https:\/\/garneloymunozabogados.com\/?s={search_term_string}\"},\"query-input\":\"required name=search_term_string\"}],\"inLanguage\":\"es\"},{\"@type\":\"Person\",\"@id\":\"https:\/\/garneloymunozabogados.com\/#\/schema\/person\/1f23be8d68cd44ce56ab4c3a725e94f6\",\"name\":\"Garnelo &amp; Mu\u00f1oz Abogados\",\"image\":{\"@type\":\"ImageObject\",\"inLanguage\":\"es\",\"@id\":\"https:\/\/garneloymunozabogados.com\/#\/schema\/person\/image\/\",\"url\":\"https:\/\/secure.gravatar.com\/avatar\/031613ad7e6e67e4e0a3cd0715ec36ed?s=96&d=mm&r=g\",\"contentUrl\":\"https:\/\/secure.gravatar.com\/avatar\/031613ad7e6e67e4e0a3cd0715ec36ed?s=96&d=mm&r=g\",\"caption\":\"Garnelo &amp; Mu\u00f1oz Abogados\"},\"url\":\"https:\/\/garneloymunozabogados.com\/?author=1\"}]}<\/script>\n<!-- \/ Yoast SEO plugin. -->","yoast_head_json":{"title":"El delito de odio seg\u00fan el Tribunal Supremo &#8211;","description":"El delito de odio seg\u00fan el Tribunal Supremo","robots":{"index":"index","follow":"follow","max-snippet":"max-snippet:-1","max-image-preview":"max-image-preview:large","max-video-preview":"max-video-preview:-1"},"canonical":"https:\/\/garneloymunozabogados.com\/?p=3363","og_locale":"es_ES","og_type":"article","og_title":"El delito de odio seg\u00fan el Tribunal Supremo &#8211;","og_description":"El delito de odio seg\u00fan el Tribunal Supremo","og_url":"https:\/\/garneloymunozabogados.com\/?p=3363","article_published_time":"2025-02-17T08:26:28+00:00","article_modified_time":"2025-02-17T08:26:31+00:00","author":"Garnelo &amp; Mu\u00f1oz Abogados","twitter_card":"summary_large_image","twitter_misc":{"Escrito por":"Garnelo &amp; Mu\u00f1oz Abogados","Tiempo de lectura":"2 minutos"},"schema":{"@context":"https:\/\/schema.org","@graph":[{"@type":"WebPage","@id":"https:\/\/garneloymunozabogados.com\/?p=3363","url":"https:\/\/garneloymunozabogados.com\/?p=3363","name":"El delito de odio seg\u00fan el Tribunal Supremo &#8211;","isPartOf":{"@id":"https:\/\/garneloymunozabogados.com\/#website"},"datePublished":"2025-02-17T08:26:28+00:00","dateModified":"2025-02-17T08:26:31+00:00","author":{"@id":"https:\/\/garneloymunozabogados.com\/#\/schema\/person\/1f23be8d68cd44ce56ab4c3a725e94f6"},"description":"El delito de odio seg\u00fan el Tribunal Supremo","breadcrumb":{"@id":"https:\/\/garneloymunozabogados.com\/?p=3363#breadcrumb"},"inLanguage":"es","potentialAction":[{"@type":"ReadAction","target":["https:\/\/garneloymunozabogados.com\/?p=3363"]}]},{"@type":"BreadcrumbList","@id":"https:\/\/garneloymunozabogados.com\/?p=3363#breadcrumb","itemListElement":[{"@type":"ListItem","position":1,"name":"Portada","item":"https:\/\/garneloymunozabogados.com\/"},{"@type":"ListItem","position":2,"name":"El delito de odio seg\u00fan el Tribunal Supremo"}]},{"@type":"WebSite","@id":"https:\/\/garneloymunozabogados.com\/#website","url":"https:\/\/garneloymunozabogados.com\/","name":"https:\/\/garneloymunozabogados.com\/","description":"Despacho de abogados en Ponferrada","alternateName":"gym-abogados","potentialAction":[{"@type":"SearchAction","target":{"@type":"EntryPoint","urlTemplate":"https:\/\/garneloymunozabogados.com\/?s={search_term_string}"},"query-input":"required name=search_term_string"}],"inLanguage":"es"},{"@type":"Person","@id":"https:\/\/garneloymunozabogados.com\/#\/schema\/person\/1f23be8d68cd44ce56ab4c3a725e94f6","name":"Garnelo &amp; Mu\u00f1oz Abogados","image":{"@type":"ImageObject","inLanguage":"es","@id":"https:\/\/garneloymunozabogados.com\/#\/schema\/person\/image\/","url":"https:\/\/secure.gravatar.com\/avatar\/031613ad7e6e67e4e0a3cd0715ec36ed?s=96&d=mm&r=g","contentUrl":"https:\/\/secure.gravatar.com\/avatar\/031613ad7e6e67e4e0a3cd0715ec36ed?s=96&d=mm&r=g","caption":"Garnelo &amp; Mu\u00f1oz Abogados"},"url":"https:\/\/garneloymunozabogados.com\/?author=1"}]}},"_links":{"self":[{"href":"https:\/\/garneloymunozabogados.com\/index.php?rest_route=\/wp\/v2\/posts\/3363"}],"collection":[{"href":"https:\/\/garneloymunozabogados.com\/index.php?rest_route=\/wp\/v2\/posts"}],"about":[{"href":"https:\/\/garneloymunozabogados.com\/index.php?rest_route=\/wp\/v2\/types\/post"}],"author":[{"embeddable":true,"href":"https:\/\/garneloymunozabogados.com\/index.php?rest_route=\/wp\/v2\/users\/1"}],"replies":[{"embeddable":true,"href":"https:\/\/garneloymunozabogados.com\/index.php?rest_route=%2Fwp%2Fv2%2Fcomments&post=3363"}],"version-history":[{"count":1,"href":"https:\/\/garneloymunozabogados.com\/index.php?rest_route=\/wp\/v2\/posts\/3363\/revisions"}],"predecessor-version":[{"id":3364,"href":"https:\/\/garneloymunozabogados.com\/index.php?rest_route=\/wp\/v2\/posts\/3363\/revisions\/3364"}],"wp:attachment":[{"href":"https:\/\/garneloymunozabogados.com\/index.php?rest_route=%2Fwp%2Fv2%2Fmedia&parent=3363"}],"wp:term":[{"taxonomy":"category","embeddable":true,"href":"https:\/\/garneloymunozabogados.com\/index.php?rest_route=%2Fwp%2Fv2%2Fcategories&post=3363"},{"taxonomy":"post_tag","embeddable":true,"href":"https:\/\/garneloymunozabogados.com\/index.php?rest_route=%2Fwp%2Fv2%2Ftags&post=3363"}],"curies":[{"name":"wp","href":"https:\/\/api.w.org\/{rel}","templated":true}]}}