{"id":3349,"date":"2025-01-23T11:51:17","date_gmt":"2025-01-23T11:51:17","guid":{"rendered":"https:\/\/garneloymunozabogados.com\/?p=3349"},"modified":"2025-01-23T11:53:01","modified_gmt":"2025-01-23T11:53:01","slug":"el-principio-de-minimizacion-en-el-tratamiento-de-datos-de-caracter-personal","status":"publish","type":"post","link":"https:\/\/garneloymunozabogados.com\/?p=3349","title":{"rendered":"El principio de minimizaci\u00f3n en el tratamiento de datos de car\u00e1cter personal"},"content":{"rendered":"\n<p>Es dif\u00edcil encontrar una actividad profesional, o un \u00e1mbito de nuestra vida personal y\/o familiar, en que no entren en juego los derechos y obligaciones que derivan de la protecci\u00f3n de datos.<\/p>\n\n\n\n<p>Seg\u00fan el art\u00edculo 5.1 c) de la norma comunitaria com\u00fanmente conocida como Reglamento General de Protecci\u00f3n de Datos, los datos personales ser\u00e1n adecuados, pertinentes y limitados a lo necesario en relaci\u00f3n con los fines para los que son tratados.<\/p>\n\n\n\n<p>Este principio, denominado de \u00abminimizaci\u00f3n de datos\u00bb es el que ha infringido una comunidad de propietarios que ha sido recientemente sancionada por la Agencia Espa\u00f1ola de Protecci\u00f3n de Datos con una multa de mil euros. <\/p>\n\n\n\n<p>Los hechos que han dado lugar a la sanci\u00f3n han consistido en el env\u00edo por parte de la administradora de la comunidad de propietarios a todos los integrantes de la misma de un documento que hab\u00eda sido firmado por algunos vecinos, y en el que se pod\u00edan ver sus NIF y sus firmas manuscritas.<\/p>\n\n\n\n<p>La resoluci\u00f3n que sanciona considera que para la finalidad que se persegu\u00eda con el env\u00edo del documento, que no era otra que la de tomar conocimiento de la postura de algunos vecinos en relaci\u00f3n a un tema concreto de inter\u00e9s para la comunidad, no era necesario hacer constar estos datos.<\/p>\n\n\n\n<p>Si tienes dudas en esta materia, y desconoces tus derechos o tus obligaciones en relaci\u00f3n con los datos de que eres titular o que tratas con motivo de tu actividad, cons\u00faltanos.<\/p>\n","protected":false},"excerpt":{"rendered":"<p>Es dif\u00edcil encontrar una actividad profesional, o un \u00e1mbito de nuestra vida personal y\/o familiar, en que no entren en juego los derechos y obligaciones que derivan de la protecci\u00f3n de datos. Seg\u00fan el art\u00edculo 5.1 c) de la norma comunitaria com\u00fanmente conocida como Reglamento General de Protecci\u00f3n de Datos, los datos personales ser\u00e1n adecuados, pertinentes y limitados a lo necesario en relaci\u00f3n con los fines para los que son tratados. Este principio, denominado de \u00abminimizaci\u00f3n de datos\u00bb es el que ha infringido una comunidad de propietarios que ha sido recientemente sancionada por la Agencia Espa\u00f1ola de Protecci\u00f3n de Datos con una multa de mil euros. Los hechos que han dado lugar a la sanci\u00f3n han consistido en el env\u00edo por parte de la administradora de la comunidad de propietarios a todos los integrantes de la misma de un documento que hab\u00eda sido firmado por algunos vecinos, y en el que se pod\u00edan ver sus NIF y sus firmas manuscritas. La resoluci\u00f3n que sanciona considera que para la finalidad que se persegu\u00eda con el env\u00edo del documento, que no era otra que la de tomar conocimiento de la postura de algunos vecinos en relaci\u00f3n a un tema concreto de inter\u00e9s para la comunidad, no era necesario hacer constar estos datos. Si tienes dudas en esta materia, y desconoces tus derechos o tus obligaciones en relaci\u00f3n con los datos de que eres titular o que tratas con motivo de tu actividad, cons\u00faltanos.<\/p>\n","protected":false},"author":1,"featured_media":0,"comment_status":"open","ping_status":"open","sticky":false,"template":"","format":"standard","meta":{"footnotes":""},"categories":[1],"tags":[],"yoast_head":"<!-- This site is optimized with the Yoast SEO plugin v22.3 - https:\/\/yoast.com\/wordpress\/plugins\/seo\/ -->\n<title>El principio de minimizaci\u00f3n en el tratamiento de datos de car\u00e1cter personal &#8211;<\/title>\n<meta name=\"description\" content=\"El principio de minimizaci\u00f3n en el tratamiento de datos de car\u00e1cter personal\" \/>\n<meta name=\"robots\" content=\"index, follow, max-snippet:-1, max-image-preview:large, max-video-preview:-1\" \/>\n<link rel=\"canonical\" href=\"https:\/\/garneloymunozabogados.com\/?p=3349\" \/>\n<meta property=\"og:locale\" content=\"es_ES\" \/>\n<meta property=\"og:type\" content=\"article\" \/>\n<meta property=\"og:title\" content=\"El principio de minimizaci\u00f3n en el tratamiento de datos de car\u00e1cter personal &#8211;\" \/>\n<meta property=\"og:description\" content=\"El principio de minimizaci\u00f3n en el tratamiento de datos de car\u00e1cter personal\" \/>\n<meta property=\"og:url\" content=\"https:\/\/garneloymunozabogados.com\/?p=3349\" \/>\n<meta property=\"article:published_time\" content=\"2025-01-23T11:51:17+00:00\" \/>\n<meta property=\"article:modified_time\" content=\"2025-01-23T11:53:01+00:00\" \/>\n<meta name=\"author\" content=\"Garnelo &amp; Mu\u00f1oz Abogados\" \/>\n<meta name=\"twitter:card\" content=\"summary_large_image\" \/>\n<meta name=\"twitter:label1\" content=\"Escrito por\" \/>\n\t<meta name=\"twitter:data1\" content=\"Garnelo &amp; Mu\u00f1oz Abogados\" \/>\n\t<meta name=\"twitter:label2\" content=\"Tiempo de lectura\" \/>\n\t<meta name=\"twitter:data2\" content=\"2 minutos\" \/>\n<script type=\"application\/ld+json\" class=\"yoast-schema-graph\">{\"@context\":\"https:\/\/schema.org\",\"@graph\":[{\"@type\":\"WebPage\",\"@id\":\"https:\/\/garneloymunozabogados.com\/?p=3349\",\"url\":\"https:\/\/garneloymunozabogados.com\/?p=3349\",\"name\":\"El principio de minimizaci\u00f3n en el tratamiento de datos de car\u00e1cter personal &#8211;\",\"isPartOf\":{\"@id\":\"https:\/\/garneloymunozabogados.com\/#website\"},\"datePublished\":\"2025-01-23T11:51:17+00:00\",\"dateModified\":\"2025-01-23T11:53:01+00:00\",\"author\":{\"@id\":\"https:\/\/garneloymunozabogados.com\/#\/schema\/person\/1f23be8d68cd44ce56ab4c3a725e94f6\"},\"description\":\"El principio de minimizaci\u00f3n en el tratamiento de datos de car\u00e1cter personal\",\"breadcrumb\":{\"@id\":\"https:\/\/garneloymunozabogados.com\/?p=3349#breadcrumb\"},\"inLanguage\":\"es\",\"potentialAction\":[{\"@type\":\"ReadAction\",\"target\":[\"https:\/\/garneloymunozabogados.com\/?p=3349\"]}]},{\"@type\":\"BreadcrumbList\",\"@id\":\"https:\/\/garneloymunozabogados.com\/?p=3349#breadcrumb\",\"itemListElement\":[{\"@type\":\"ListItem\",\"position\":1,\"name\":\"Portada\",\"item\":\"https:\/\/garneloymunozabogados.com\/\"},{\"@type\":\"ListItem\",\"position\":2,\"name\":\"El principio de minimizaci\u00f3n en el tratamiento de datos de car\u00e1cter personal\"}]},{\"@type\":\"WebSite\",\"@id\":\"https:\/\/garneloymunozabogados.com\/#website\",\"url\":\"https:\/\/garneloymunozabogados.com\/\",\"name\":\"https:\/\/garneloymunozabogados.com\/\",\"description\":\"Despacho de abogados en Ponferrada\",\"alternateName\":\"gym-abogados\",\"potentialAction\":[{\"@type\":\"SearchAction\",\"target\":{\"@type\":\"EntryPoint\",\"urlTemplate\":\"https:\/\/garneloymunozabogados.com\/?s={search_term_string}\"},\"query-input\":\"required name=search_term_string\"}],\"inLanguage\":\"es\"},{\"@type\":\"Person\",\"@id\":\"https:\/\/garneloymunozabogados.com\/#\/schema\/person\/1f23be8d68cd44ce56ab4c3a725e94f6\",\"name\":\"Garnelo &amp; Mu\u00f1oz Abogados\",\"image\":{\"@type\":\"ImageObject\",\"inLanguage\":\"es\",\"@id\":\"https:\/\/garneloymunozabogados.com\/#\/schema\/person\/image\/\",\"url\":\"https:\/\/secure.gravatar.com\/avatar\/031613ad7e6e67e4e0a3cd0715ec36ed?s=96&d=mm&r=g\",\"contentUrl\":\"https:\/\/secure.gravatar.com\/avatar\/031613ad7e6e67e4e0a3cd0715ec36ed?s=96&d=mm&r=g\",\"caption\":\"Garnelo &amp; Mu\u00f1oz Abogados\"},\"url\":\"https:\/\/garneloymunozabogados.com\/?author=1\"}]}<\/script>\n<!-- \/ Yoast SEO plugin. -->","yoast_head_json":{"title":"El principio de minimizaci\u00f3n en el tratamiento de datos de car\u00e1cter personal &#8211;","description":"El principio de minimizaci\u00f3n en el tratamiento de datos de car\u00e1cter personal","robots":{"index":"index","follow":"follow","max-snippet":"max-snippet:-1","max-image-preview":"max-image-preview:large","max-video-preview":"max-video-preview:-1"},"canonical":"https:\/\/garneloymunozabogados.com\/?p=3349","og_locale":"es_ES","og_type":"article","og_title":"El principio de minimizaci\u00f3n en el tratamiento de datos de car\u00e1cter personal &#8211;","og_description":"El principio de minimizaci\u00f3n en el tratamiento de datos de car\u00e1cter personal","og_url":"https:\/\/garneloymunozabogados.com\/?p=3349","article_published_time":"2025-01-23T11:51:17+00:00","article_modified_time":"2025-01-23T11:53:01+00:00","author":"Garnelo &amp; Mu\u00f1oz Abogados","twitter_card":"summary_large_image","twitter_misc":{"Escrito por":"Garnelo &amp; Mu\u00f1oz Abogados","Tiempo de lectura":"2 minutos"},"schema":{"@context":"https:\/\/schema.org","@graph":[{"@type":"WebPage","@id":"https:\/\/garneloymunozabogados.com\/?p=3349","url":"https:\/\/garneloymunozabogados.com\/?p=3349","name":"El principio de minimizaci\u00f3n en el tratamiento de datos de car\u00e1cter personal &#8211;","isPartOf":{"@id":"https:\/\/garneloymunozabogados.com\/#website"},"datePublished":"2025-01-23T11:51:17+00:00","dateModified":"2025-01-23T11:53:01+00:00","author":{"@id":"https:\/\/garneloymunozabogados.com\/#\/schema\/person\/1f23be8d68cd44ce56ab4c3a725e94f6"},"description":"El principio de minimizaci\u00f3n en el tratamiento de datos de car\u00e1cter personal","breadcrumb":{"@id":"https:\/\/garneloymunozabogados.com\/?p=3349#breadcrumb"},"inLanguage":"es","potentialAction":[{"@type":"ReadAction","target":["https:\/\/garneloymunozabogados.com\/?p=3349"]}]},{"@type":"BreadcrumbList","@id":"https:\/\/garneloymunozabogados.com\/?p=3349#breadcrumb","itemListElement":[{"@type":"ListItem","position":1,"name":"Portada","item":"https:\/\/garneloymunozabogados.com\/"},{"@type":"ListItem","position":2,"name":"El principio de minimizaci\u00f3n en el tratamiento de datos de car\u00e1cter personal"}]},{"@type":"WebSite","@id":"https:\/\/garneloymunozabogados.com\/#website","url":"https:\/\/garneloymunozabogados.com\/","name":"https:\/\/garneloymunozabogados.com\/","description":"Despacho de abogados en Ponferrada","alternateName":"gym-abogados","potentialAction":[{"@type":"SearchAction","target":{"@type":"EntryPoint","urlTemplate":"https:\/\/garneloymunozabogados.com\/?s={search_term_string}"},"query-input":"required name=search_term_string"}],"inLanguage":"es"},{"@type":"Person","@id":"https:\/\/garneloymunozabogados.com\/#\/schema\/person\/1f23be8d68cd44ce56ab4c3a725e94f6","name":"Garnelo &amp; Mu\u00f1oz Abogados","image":{"@type":"ImageObject","inLanguage":"es","@id":"https:\/\/garneloymunozabogados.com\/#\/schema\/person\/image\/","url":"https:\/\/secure.gravatar.com\/avatar\/031613ad7e6e67e4e0a3cd0715ec36ed?s=96&d=mm&r=g","contentUrl":"https:\/\/secure.gravatar.com\/avatar\/031613ad7e6e67e4e0a3cd0715ec36ed?s=96&d=mm&r=g","caption":"Garnelo &amp; Mu\u00f1oz Abogados"},"url":"https:\/\/garneloymunozabogados.com\/?author=1"}]}},"_links":{"self":[{"href":"https:\/\/garneloymunozabogados.com\/index.php?rest_route=\/wp\/v2\/posts\/3349"}],"collection":[{"href":"https:\/\/garneloymunozabogados.com\/index.php?rest_route=\/wp\/v2\/posts"}],"about":[{"href":"https:\/\/garneloymunozabogados.com\/index.php?rest_route=\/wp\/v2\/types\/post"}],"author":[{"embeddable":true,"href":"https:\/\/garneloymunozabogados.com\/index.php?rest_route=\/wp\/v2\/users\/1"}],"replies":[{"embeddable":true,"href":"https:\/\/garneloymunozabogados.com\/index.php?rest_route=%2Fwp%2Fv2%2Fcomments&post=3349"}],"version-history":[{"count":2,"href":"https:\/\/garneloymunozabogados.com\/index.php?rest_route=\/wp\/v2\/posts\/3349\/revisions"}],"predecessor-version":[{"id":3351,"href":"https:\/\/garneloymunozabogados.com\/index.php?rest_route=\/wp\/v2\/posts\/3349\/revisions\/3351"}],"wp:attachment":[{"href":"https:\/\/garneloymunozabogados.com\/index.php?rest_route=%2Fwp%2Fv2%2Fmedia&parent=3349"}],"wp:term":[{"taxonomy":"category","embeddable":true,"href":"https:\/\/garneloymunozabogados.com\/index.php?rest_route=%2Fwp%2Fv2%2Fcategories&post=3349"},{"taxonomy":"post_tag","embeddable":true,"href":"https:\/\/garneloymunozabogados.com\/index.php?rest_route=%2Fwp%2Fv2%2Ftags&post=3349"}],"curies":[{"name":"wp","href":"https:\/\/api.w.org\/{rel}","templated":true}]}}