{"id":3331,"date":"2024-05-02T14:30:31","date_gmt":"2024-05-02T14:30:31","guid":{"rendered":"https:\/\/garneloymunozabogados.com\/?p=3331"},"modified":"2024-05-02T14:30:34","modified_gmt":"2024-05-02T14:30:34","slug":"el-tribunal-supremo-fija-que-el-plazo-de-4-anos-de-prescripcion-del-derecho-de-la-administracion-para-determinar-la-deuda-tributaria-computa-de-fecha-a-fecha","status":"publish","type":"post","link":"https:\/\/garneloymunozabogados.com\/?p=3331","title":{"rendered":"El Tribunal Supremo fija que el plazo de 4 a\u00f1os de prescripci\u00f3n del derecho de la Administraci\u00f3n para determinar la deuda tributaria computa de fecha a fecha"},"content":{"rendered":"\n<p>La Sala de lo Contencioso-Administrativo del Tribunal Supremo ha establecido como doctrina que \u201cel plazo de cuatro a\u00f1os de prescripci\u00f3n del derecho de la Administraci\u00f3n para determinar la deuda tributaria mediante la oportuna liquidaci\u00f3n, previsto en el art\u00edculo 66 de la Ley 58\/2003 General Tributaria, se ha de computar de fecha a fecha con independencia de que el \u00faltimo d\u00eda de dicho plazo sea h\u00e1bil o inh\u00e1bil\u201d.<\/p>\n\n\n\n<p>En aplicaci\u00f3n de ese criterio, desestima el recurso de la Abogac\u00eda del Estado contra un auto de la Audiencia Nacional que dio la raz\u00f3n a Caixabank contra una resoluci\u00f3n del Tribunal Econ\u00f3mico-Administrativo Central (TEAC), sobre liquidaciones y deuda tributaria a ingresar en concepto de IVA de ejercicios 2007 y 2008.<\/p>\n\n\n\n<p>La Audiencia, en el auto ahora ratificado, apreci\u00f3 la prescripci\u00f3n al constatar el trascurso de un plazo de cuatro a\u00f1os entre el 3 de marzo de 2014 (cuando Caixabank formul\u00f3 alegaciones ante el TEAC) y el 5 de marzo 2018 (cuando le fue notificada su resoluci\u00f3n) porque, en definitiva, para el auto, el c\u00f3mputo deb\u00eda hacerse de fecha a fecha, venciendo el plazo el 3 de marzo de 2018, aunque fuera s\u00e1bado.<\/p>\n\n\n\n<p>La Administraci\u00f3n del Estado recurri\u00f3 al Supremo porque manten\u00eda que el plazo de prescripci\u00f3n de su derecho a liquidar no pod\u00eda concluir en un d\u00eda inh\u00e1bil, interesando para ello la aplicaci\u00f3n del apartado 5 del art\u00edculo 30 de la Ley del Procedimiento Administrativo Com\u00fan, en cuya virtud, cuando el \u00faltimo d\u00eda del plazo sea inh\u00e1bil, se entender\u00e1 prorrogado al primer d\u00eda h\u00e1bil siguiente.<\/p>\n\n\n\n<p>El Tribunal Supremo rechaza la tesis de la Administraci\u00f3n, ya que \u201cno encuentra justificaci\u00f3n desde la perspectiva de la funcionalidad y naturaleza de la prescripci\u00f3n extintiva, cuya virtualidad se produce por el mero transcurso del tiempo fijado por la Ley\u201d. A\u00f1ade que \u201cen el escenario de la prescripci\u00f3n de un derecho, como el que nuestro ordenamiento jur\u00eddico tributario reconoce a la Administraci\u00f3n para liquidar la deuda tributaria, no resulta posible defender la ampliaci\u00f3n o extensi\u00f3n de dicho lapso temporal sobre la base del car\u00e1cter h\u00e1bil o inh\u00e1bil del \u00faltimo d\u00eda del plazo\u201d.<\/p>\n\n\n\n<p>\u201cEn este contexto \u2013a\u00f1ade la sentencia&#8211;, un plazo de prescripci\u00f3n de un derecho, fijado por a\u00f1os, se computa de fecha a fecha, conforme al art\u00edculo 5 del C\u00f3digo Civil (\u2026), con independencia de que el \u00faltimo d\u00eda del plazo sea h\u00e1bil o inh\u00e1bil, m\u00e1xime cuando, como recuerda el apartado 2 del citado art. 5 CC, en el c\u00f3mputo civil de los plazos no se excluyen los d\u00edas inh\u00e1biles\u201d.<\/p>\n","protected":false},"excerpt":{"rendered":"<p>La Sala de lo Contencioso-Administrativo del Tribunal Supremo ha establecido como doctrina que \u201cel plazo de cuatro a\u00f1os de prescripci\u00f3n del derecho de la Administraci\u00f3n para determinar la deuda tributaria mediante la oportuna liquidaci\u00f3n, previsto en el art\u00edculo 66 de la Ley 58\/2003 General Tributaria, se ha de computar de fecha a fecha con independencia de que el \u00faltimo d\u00eda de dicho plazo sea h\u00e1bil o inh\u00e1bil\u201d. En aplicaci\u00f3n de ese criterio, desestima el recurso de la Abogac\u00eda del Estado contra un auto de la Audiencia Nacional que dio la raz\u00f3n a Caixabank contra una resoluci\u00f3n del Tribunal Econ\u00f3mico-Administrativo Central (TEAC), sobre liquidaciones y deuda tributaria a ingresar en concepto de IVA de ejercicios 2007 y 2008. La Audiencia, en el auto ahora ratificado, apreci\u00f3 la prescripci\u00f3n al constatar el trascurso de un plazo de cuatro a\u00f1os entre el 3 de marzo de 2014 (cuando Caixabank formul\u00f3 alegaciones ante el TEAC) y el 5 de marzo 2018 (cuando le fue notificada su resoluci\u00f3n) porque, en definitiva, para el auto, el c\u00f3mputo deb\u00eda hacerse de fecha a fecha, venciendo el plazo el 3 de marzo de 2018, aunque fuera s\u00e1bado. La Administraci\u00f3n del Estado recurri\u00f3 al Supremo porque manten\u00eda que el plazo de prescripci\u00f3n de su derecho a liquidar no pod\u00eda concluir en un d\u00eda inh\u00e1bil, interesando para ello la aplicaci\u00f3n del apartado 5 del art\u00edculo 30 de la Ley del Procedimiento Administrativo Com\u00fan, en cuya virtud, cuando el \u00faltimo d\u00eda del plazo sea inh\u00e1bil, se entender\u00e1 prorrogado al primer d\u00eda h\u00e1bil siguiente. El Tribunal Supremo rechaza la tesis de la Administraci\u00f3n, ya que \u201cno encuentra justificaci\u00f3n desde la perspectiva de la funcionalidad y naturaleza de la prescripci\u00f3n extintiva, cuya virtualidad se produce por el mero transcurso del tiempo fijado por la Ley\u201d. A\u00f1ade que \u201cen el escenario de la prescripci\u00f3n de un derecho, como el que nuestro ordenamiento jur\u00eddico tributario reconoce a la Administraci\u00f3n para liquidar la deuda tributaria, no resulta posible defender la ampliaci\u00f3n o extensi\u00f3n de dicho lapso temporal sobre la base del car\u00e1cter h\u00e1bil o inh\u00e1bil del \u00faltimo d\u00eda del plazo\u201d. \u201cEn este contexto \u2013a\u00f1ade la sentencia&#8211;, un plazo de prescripci\u00f3n de un derecho, fijado por a\u00f1os, se computa de fecha a fecha, conforme al art\u00edculo 5 del C\u00f3digo Civil (\u2026), con independencia de que el \u00faltimo d\u00eda del plazo sea h\u00e1bil o inh\u00e1bil, m\u00e1xime cuando, como recuerda el apartado 2 del citado art. 5 CC, en el c\u00f3mputo civil de los plazos no se excluyen los d\u00edas inh\u00e1biles\u201d.<\/p>\n","protected":false},"author":1,"featured_media":0,"comment_status":"open","ping_status":"open","sticky":false,"template":"","format":"standard","meta":{"footnotes":""},"categories":[1],"tags":[],"yoast_head":"<!-- This site is optimized with the Yoast SEO plugin v22.3 - https:\/\/yoast.com\/wordpress\/plugins\/seo\/ -->\n<title>El Tribunal Supremo fija que el plazo de 4 a\u00f1os de prescripci\u00f3n del derecho de la Administraci\u00f3n para determinar la deuda tributaria computa de fecha a fecha &#8211;<\/title>\n<meta name=\"description\" content=\"El Tribunal Supremo fija que el plazo de 4 a\u00f1os de prescripci\u00f3n del derecho de la Administraci\u00f3n para determinar la deuda tributaria computa de fecha a fecha\" \/>\n<meta name=\"robots\" content=\"index, follow, max-snippet:-1, max-image-preview:large, max-video-preview:-1\" \/>\n<link rel=\"canonical\" href=\"https:\/\/garneloymunozabogados.com\/?p=3331\" \/>\n<meta property=\"og:locale\" content=\"es_ES\" \/>\n<meta property=\"og:type\" content=\"article\" \/>\n<meta property=\"og:title\" content=\"El Tribunal Supremo fija que el plazo de 4 a\u00f1os de prescripci\u00f3n del derecho de la Administraci\u00f3n para determinar la deuda tributaria computa de fecha a fecha &#8211;\" \/>\n<meta property=\"og:description\" content=\"El Tribunal Supremo fija que el plazo de 4 a\u00f1os de prescripci\u00f3n del derecho de la Administraci\u00f3n para determinar la deuda tributaria computa de fecha a fecha\" \/>\n<meta property=\"og:url\" content=\"https:\/\/garneloymunozabogados.com\/?p=3331\" \/>\n<meta property=\"article:published_time\" content=\"2024-05-02T14:30:31+00:00\" \/>\n<meta property=\"article:modified_time\" content=\"2024-05-02T14:30:34+00:00\" \/>\n<meta name=\"author\" content=\"Garnelo &amp; Mu\u00f1oz Abogados\" \/>\n<meta name=\"twitter:card\" content=\"summary_large_image\" \/>\n<meta name=\"twitter:label1\" content=\"Escrito por\" \/>\n\t<meta name=\"twitter:data1\" content=\"Garnelo &amp; Mu\u00f1oz Abogados\" \/>\n\t<meta name=\"twitter:label2\" content=\"Tiempo de lectura\" \/>\n\t<meta name=\"twitter:data2\" content=\"2 minutos\" \/>\n<script type=\"application\/ld+json\" class=\"yoast-schema-graph\">{\"@context\":\"https:\/\/schema.org\",\"@graph\":[{\"@type\":\"WebPage\",\"@id\":\"https:\/\/garneloymunozabogados.com\/?p=3331\",\"url\":\"https:\/\/garneloymunozabogados.com\/?p=3331\",\"name\":\"El Tribunal Supremo fija que el plazo de 4 a\u00f1os de prescripci\u00f3n del derecho de la Administraci\u00f3n para determinar la deuda tributaria computa de fecha a fecha &#8211;\",\"isPartOf\":{\"@id\":\"https:\/\/garneloymunozabogados.com\/#website\"},\"datePublished\":\"2024-05-02T14:30:31+00:00\",\"dateModified\":\"2024-05-02T14:30:34+00:00\",\"author\":{\"@id\":\"https:\/\/garneloymunozabogados.com\/#\/schema\/person\/1f23be8d68cd44ce56ab4c3a725e94f6\"},\"description\":\"El Tribunal Supremo fija que el plazo de 4 a\u00f1os de prescripci\u00f3n del derecho de la Administraci\u00f3n para determinar la deuda tributaria computa de fecha a fecha\",\"breadcrumb\":{\"@id\":\"https:\/\/garneloymunozabogados.com\/?p=3331#breadcrumb\"},\"inLanguage\":\"es\",\"potentialAction\":[{\"@type\":\"ReadAction\",\"target\":[\"https:\/\/garneloymunozabogados.com\/?p=3331\"]}]},{\"@type\":\"BreadcrumbList\",\"@id\":\"https:\/\/garneloymunozabogados.com\/?p=3331#breadcrumb\",\"itemListElement\":[{\"@type\":\"ListItem\",\"position\":1,\"name\":\"Portada\",\"item\":\"https:\/\/garneloymunozabogados.com\/\"},{\"@type\":\"ListItem\",\"position\":2,\"name\":\"El Tribunal Supremo fija que el plazo de 4 a\u00f1os de prescripci\u00f3n del derecho de la Administraci\u00f3n para determinar la deuda tributaria computa de fecha a fecha\"}]},{\"@type\":\"WebSite\",\"@id\":\"https:\/\/garneloymunozabogados.com\/#website\",\"url\":\"https:\/\/garneloymunozabogados.com\/\",\"name\":\"https:\/\/garneloymunozabogados.com\/\",\"description\":\"Despacho de abogados en Ponferrada\",\"alternateName\":\"gym-abogados\",\"potentialAction\":[{\"@type\":\"SearchAction\",\"target\":{\"@type\":\"EntryPoint\",\"urlTemplate\":\"https:\/\/garneloymunozabogados.com\/?s={search_term_string}\"},\"query-input\":\"required name=search_term_string\"}],\"inLanguage\":\"es\"},{\"@type\":\"Person\",\"@id\":\"https:\/\/garneloymunozabogados.com\/#\/schema\/person\/1f23be8d68cd44ce56ab4c3a725e94f6\",\"name\":\"Garnelo &amp; Mu\u00f1oz Abogados\",\"image\":{\"@type\":\"ImageObject\",\"inLanguage\":\"es\",\"@id\":\"https:\/\/garneloymunozabogados.com\/#\/schema\/person\/image\/\",\"url\":\"https:\/\/secure.gravatar.com\/avatar\/031613ad7e6e67e4e0a3cd0715ec36ed?s=96&d=mm&r=g\",\"contentUrl\":\"https:\/\/secure.gravatar.com\/avatar\/031613ad7e6e67e4e0a3cd0715ec36ed?s=96&d=mm&r=g\",\"caption\":\"Garnelo &amp; Mu\u00f1oz Abogados\"},\"url\":\"https:\/\/garneloymunozabogados.com\/?author=1\"}]}<\/script>\n<!-- \/ Yoast SEO plugin. -->","yoast_head_json":{"title":"El Tribunal Supremo fija que el plazo de 4 a\u00f1os de prescripci\u00f3n del derecho de la Administraci\u00f3n para determinar la deuda tributaria computa de fecha a fecha &#8211;","description":"El Tribunal Supremo fija que el plazo de 4 a\u00f1os de prescripci\u00f3n del derecho de la Administraci\u00f3n para determinar la deuda tributaria computa de fecha a fecha","robots":{"index":"index","follow":"follow","max-snippet":"max-snippet:-1","max-image-preview":"max-image-preview:large","max-video-preview":"max-video-preview:-1"},"canonical":"https:\/\/garneloymunozabogados.com\/?p=3331","og_locale":"es_ES","og_type":"article","og_title":"El Tribunal Supremo fija que el plazo de 4 a\u00f1os de prescripci\u00f3n del derecho de la Administraci\u00f3n para determinar la deuda tributaria computa de fecha a fecha &#8211;","og_description":"El Tribunal Supremo fija que el plazo de 4 a\u00f1os de prescripci\u00f3n del derecho de la Administraci\u00f3n para determinar la deuda tributaria computa de fecha a fecha","og_url":"https:\/\/garneloymunozabogados.com\/?p=3331","article_published_time":"2024-05-02T14:30:31+00:00","article_modified_time":"2024-05-02T14:30:34+00:00","author":"Garnelo &amp; Mu\u00f1oz Abogados","twitter_card":"summary_large_image","twitter_misc":{"Escrito por":"Garnelo &amp; Mu\u00f1oz Abogados","Tiempo de lectura":"2 minutos"},"schema":{"@context":"https:\/\/schema.org","@graph":[{"@type":"WebPage","@id":"https:\/\/garneloymunozabogados.com\/?p=3331","url":"https:\/\/garneloymunozabogados.com\/?p=3331","name":"El Tribunal Supremo fija que el plazo de 4 a\u00f1os de prescripci\u00f3n del derecho de la Administraci\u00f3n para determinar la deuda tributaria computa de fecha a fecha &#8211;","isPartOf":{"@id":"https:\/\/garneloymunozabogados.com\/#website"},"datePublished":"2024-05-02T14:30:31+00:00","dateModified":"2024-05-02T14:30:34+00:00","author":{"@id":"https:\/\/garneloymunozabogados.com\/#\/schema\/person\/1f23be8d68cd44ce56ab4c3a725e94f6"},"description":"El Tribunal Supremo fija que el plazo de 4 a\u00f1os de prescripci\u00f3n del derecho de la Administraci\u00f3n para determinar la deuda tributaria computa de fecha a fecha","breadcrumb":{"@id":"https:\/\/garneloymunozabogados.com\/?p=3331#breadcrumb"},"inLanguage":"es","potentialAction":[{"@type":"ReadAction","target":["https:\/\/garneloymunozabogados.com\/?p=3331"]}]},{"@type":"BreadcrumbList","@id":"https:\/\/garneloymunozabogados.com\/?p=3331#breadcrumb","itemListElement":[{"@type":"ListItem","position":1,"name":"Portada","item":"https:\/\/garneloymunozabogados.com\/"},{"@type":"ListItem","position":2,"name":"El Tribunal Supremo fija que el plazo de 4 a\u00f1os de prescripci\u00f3n del derecho de la Administraci\u00f3n para determinar la deuda tributaria computa de fecha a fecha"}]},{"@type":"WebSite","@id":"https:\/\/garneloymunozabogados.com\/#website","url":"https:\/\/garneloymunozabogados.com\/","name":"https:\/\/garneloymunozabogados.com\/","description":"Despacho de abogados en Ponferrada","alternateName":"gym-abogados","potentialAction":[{"@type":"SearchAction","target":{"@type":"EntryPoint","urlTemplate":"https:\/\/garneloymunozabogados.com\/?s={search_term_string}"},"query-input":"required name=search_term_string"}],"inLanguage":"es"},{"@type":"Person","@id":"https:\/\/garneloymunozabogados.com\/#\/schema\/person\/1f23be8d68cd44ce56ab4c3a725e94f6","name":"Garnelo &amp; Mu\u00f1oz Abogados","image":{"@type":"ImageObject","inLanguage":"es","@id":"https:\/\/garneloymunozabogados.com\/#\/schema\/person\/image\/","url":"https:\/\/secure.gravatar.com\/avatar\/031613ad7e6e67e4e0a3cd0715ec36ed?s=96&d=mm&r=g","contentUrl":"https:\/\/secure.gravatar.com\/avatar\/031613ad7e6e67e4e0a3cd0715ec36ed?s=96&d=mm&r=g","caption":"Garnelo &amp; Mu\u00f1oz Abogados"},"url":"https:\/\/garneloymunozabogados.com\/?author=1"}]}},"_links":{"self":[{"href":"https:\/\/garneloymunozabogados.com\/index.php?rest_route=\/wp\/v2\/posts\/3331"}],"collection":[{"href":"https:\/\/garneloymunozabogados.com\/index.php?rest_route=\/wp\/v2\/posts"}],"about":[{"href":"https:\/\/garneloymunozabogados.com\/index.php?rest_route=\/wp\/v2\/types\/post"}],"author":[{"embeddable":true,"href":"https:\/\/garneloymunozabogados.com\/index.php?rest_route=\/wp\/v2\/users\/1"}],"replies":[{"embeddable":true,"href":"https:\/\/garneloymunozabogados.com\/index.php?rest_route=%2Fwp%2Fv2%2Fcomments&post=3331"}],"version-history":[{"count":1,"href":"https:\/\/garneloymunozabogados.com\/index.php?rest_route=\/wp\/v2\/posts\/3331\/revisions"}],"predecessor-version":[{"id":3332,"href":"https:\/\/garneloymunozabogados.com\/index.php?rest_route=\/wp\/v2\/posts\/3331\/revisions\/3332"}],"wp:attachment":[{"href":"https:\/\/garneloymunozabogados.com\/index.php?rest_route=%2Fwp%2Fv2%2Fmedia&parent=3331"}],"wp:term":[{"taxonomy":"category","embeddable":true,"href":"https:\/\/garneloymunozabogados.com\/index.php?rest_route=%2Fwp%2Fv2%2Fcategories&post=3331"},{"taxonomy":"post_tag","embeddable":true,"href":"https:\/\/garneloymunozabogados.com\/index.php?rest_route=%2Fwp%2Fv2%2Ftags&post=3331"}],"curies":[{"name":"wp","href":"https:\/\/api.w.org\/{rel}","templated":true}]}}