{"id":3329,"date":"2024-04-10T11:14:40","date_gmt":"2024-04-10T11:14:40","guid":{"rendered":"https:\/\/garneloymunozabogados.com\/?p=3329"},"modified":"2024-04-10T11:14:41","modified_gmt":"2024-04-10T11:14:41","slug":"el-tribunal-supremo-rechaza-el-derecho-al-olvido-del-secretario-del-juzgado-de-la-causa-contra-el-poeta-miguel-hernandez","status":"publish","type":"post","link":"https:\/\/garneloymunozabogados.com\/?p=3329","title":{"rendered":"El Tribunal Supremo rechaza el derecho al olvido del secretario del Juzgado de la causa contra el poeta Miguel Hern\u00e1ndez"},"content":{"rendered":"\n<p>El Tribunal Supremo ha confirmado el rechazo al derecho al olvido del secretario judicial del Juzgado que instruy\u00f3 la causa en la que se conden\u00f3 a pena de muerte al poeta Miguel Hern\u00e1ndez, desestimando el recurso presentado por el hijo del secretario judicial, fallecido en 1998, contra la sentencia de la Audiencia Nacional que aval\u00f3 la negativa de Google y de la Agencia Espa\u00f1ola de Protecci\u00f3n de Datos de suprimir 18 informaciones en las que se vinculaba el nombre del secretario judicial con el proceso que culmin\u00f3 con la condena al poeta Miguel Hern\u00e1ndez en 1940.<\/p>\n\n\n\n<p>En la sentencia establece la posibilidad de extender la regulaci\u00f3n de la protecci\u00f3n de datos tambi\u00e9n a las personas fallecidas, y de reconocerles el derecho al olvido que se contempla para las personas vivas, siendo de aplicaci\u00f3n los mismos l\u00edmites y la ponderaci\u00f3n de intereses en conflicto con las inevitables adaptaciones propias de este tipo de protecci\u00f3n.<\/p>\n\n\n\n<p>En el caso concreto por lo tanto, la Sala pondera los derechos en conflicto y concluye que debe primar el derecho a la libertad de informaci\u00f3n, expresi\u00f3n e investigaci\u00f3n hist\u00f3rica frente al derecho al olvido ya que las noticias que se pretenden suprimir revisten un inter\u00e9s p\u00fablico incuestionable al versar sobre la intervenci\u00f3n del padre del recurrente, como secretario judicial del Juzgado Especial de Prensa que instruy\u00f3 la causa penal contra el poeta Miguel Hern\u00e1ndez; forman parte de una investigaci\u00f3n hist\u00f3rica y cient\u00edfica, contenida en publicaciones de la Universidad; y el transcurso del tiempo no ha hecho decaer el inter\u00e9s que suscita todo lo que rodea a la muerte del famoso poeta.<\/p>\n\n\n\n<p>Como cuesti\u00f3n de inter\u00e9s casacional la Sala establece que \u201cel derecho de supresi\u00f3n (derecho al olvido) de los datos de una persona fallecida est\u00e1 reconocido en nuestro ordenamiento. Pero, la singularidad que implica que el derecho de supresi\u00f3n se ejercite respecto de datos personales correspondientes a una persona fallecida no suprime la necesidad de ponderar la protecci\u00f3n de datos del difunto con otros derechos y libertades en conflicto a la luz de nuestras normas y de la jurisprudencia existente\u201d.<\/p>\n\n\n\n<p>Respecto a la inexactitud parcial de una informaci\u00f3n que afecta a una persona fallecida, y que aparece incorporada a una investigaci\u00f3n hist\u00f3rica y cient\u00edfica, la sentencia explica que debe ponderarse su trascendencia en el conjunto de toda la informaci\u00f3n aparecida.<\/p>\n","protected":false},"excerpt":{"rendered":"<p>El Tribunal Supremo ha confirmado el rechazo al derecho al olvido del secretario judicial del Juzgado que instruy\u00f3 la causa en la que se conden\u00f3 a pena de muerte al poeta Miguel Hern\u00e1ndez, desestimando el recurso presentado por el hijo del secretario judicial, fallecido en 1998, contra la sentencia de la Audiencia Nacional que aval\u00f3 la negativa de Google y de la Agencia Espa\u00f1ola de Protecci\u00f3n de Datos de suprimir 18 informaciones en las que se vinculaba el nombre del secretario judicial con el proceso que culmin\u00f3 con la condena al poeta Miguel Hern\u00e1ndez en 1940. En la sentencia establece la posibilidad de extender la regulaci\u00f3n de la protecci\u00f3n de datos tambi\u00e9n a las personas fallecidas, y de reconocerles el derecho al olvido que se contempla para las personas vivas, siendo de aplicaci\u00f3n los mismos l\u00edmites y la ponderaci\u00f3n de intereses en conflicto con las inevitables adaptaciones propias de este tipo de protecci\u00f3n. En el caso concreto por lo tanto, la Sala pondera los derechos en conflicto y concluye que debe primar el derecho a la libertad de informaci\u00f3n, expresi\u00f3n e investigaci\u00f3n hist\u00f3rica frente al derecho al olvido ya que las noticias que se pretenden suprimir revisten un inter\u00e9s p\u00fablico incuestionable al versar sobre la intervenci\u00f3n del padre del recurrente, como secretario judicial del Juzgado Especial de Prensa que instruy\u00f3 la causa penal contra el poeta Miguel Hern\u00e1ndez; forman parte de una investigaci\u00f3n hist\u00f3rica y cient\u00edfica, contenida en publicaciones de la Universidad; y el transcurso del tiempo no ha hecho decaer el inter\u00e9s que suscita todo lo que rodea a la muerte del famoso poeta. Como cuesti\u00f3n de inter\u00e9s casacional la Sala establece que \u201cel derecho de supresi\u00f3n (derecho al olvido) de los datos de una persona fallecida est\u00e1 reconocido en nuestro ordenamiento. Pero, la singularidad que implica que el derecho de supresi\u00f3n se ejercite respecto de datos personales correspondientes a una persona fallecida no suprime la necesidad de ponderar la protecci\u00f3n de datos del difunto con otros derechos y libertades en conflicto a la luz de nuestras normas y de la jurisprudencia existente\u201d. Respecto a la inexactitud parcial de una informaci\u00f3n que afecta a una persona fallecida, y que aparece incorporada a una investigaci\u00f3n hist\u00f3rica y cient\u00edfica, la sentencia explica que debe ponderarse su trascendencia en el conjunto de toda la informaci\u00f3n aparecida.<\/p>\n","protected":false},"author":1,"featured_media":0,"comment_status":"open","ping_status":"open","sticky":false,"template":"","format":"standard","meta":{"footnotes":""},"categories":[1],"tags":[],"yoast_head":"<!-- This site is optimized with the Yoast SEO plugin v22.3 - https:\/\/yoast.com\/wordpress\/plugins\/seo\/ -->\n<title>El Tribunal Supremo rechaza el derecho al olvido del secretario del Juzgado de la causa contra el poeta Miguel Hern\u00e1ndez &#8211;<\/title>\n<meta name=\"description\" content=\"El Tribunal Supremo rechaza el derecho al olvido del secretario del Juzgado de la causa contra el poeta Miguel Hern\u00e1ndez\" \/>\n<meta name=\"robots\" content=\"index, follow, max-snippet:-1, max-image-preview:large, max-video-preview:-1\" \/>\n<link rel=\"canonical\" href=\"https:\/\/garneloymunozabogados.com\/?p=3329\" \/>\n<meta property=\"og:locale\" content=\"es_ES\" \/>\n<meta property=\"og:type\" content=\"article\" \/>\n<meta property=\"og:title\" content=\"El Tribunal Supremo rechaza el derecho al olvido del secretario del Juzgado de la causa contra el poeta Miguel Hern\u00e1ndez &#8211;\" \/>\n<meta property=\"og:description\" content=\"El Tribunal Supremo rechaza el derecho al olvido del secretario del Juzgado de la causa contra el poeta Miguel Hern\u00e1ndez\" \/>\n<meta property=\"og:url\" content=\"https:\/\/garneloymunozabogados.com\/?p=3329\" \/>\n<meta property=\"article:published_time\" content=\"2024-04-10T11:14:40+00:00\" \/>\n<meta property=\"article:modified_time\" content=\"2024-04-10T11:14:41+00:00\" \/>\n<meta name=\"author\" content=\"Garnelo &amp; Mu\u00f1oz Abogados\" \/>\n<meta name=\"twitter:card\" content=\"summary_large_image\" \/>\n<meta name=\"twitter:label1\" content=\"Escrito por\" \/>\n\t<meta name=\"twitter:data1\" content=\"Garnelo &amp; Mu\u00f1oz Abogados\" \/>\n\t<meta name=\"twitter:label2\" content=\"Tiempo de lectura\" \/>\n\t<meta name=\"twitter:data2\" content=\"2 minutos\" \/>\n<script type=\"application\/ld+json\" class=\"yoast-schema-graph\">{\"@context\":\"https:\/\/schema.org\",\"@graph\":[{\"@type\":\"WebPage\",\"@id\":\"https:\/\/garneloymunozabogados.com\/?p=3329\",\"url\":\"https:\/\/garneloymunozabogados.com\/?p=3329\",\"name\":\"El Tribunal Supremo rechaza el derecho al olvido del secretario del Juzgado de la causa contra el poeta Miguel Hern\u00e1ndez &#8211;\",\"isPartOf\":{\"@id\":\"https:\/\/garneloymunozabogados.com\/#website\"},\"datePublished\":\"2024-04-10T11:14:40+00:00\",\"dateModified\":\"2024-04-10T11:14:41+00:00\",\"author\":{\"@id\":\"https:\/\/garneloymunozabogados.com\/#\/schema\/person\/1f23be8d68cd44ce56ab4c3a725e94f6\"},\"description\":\"El Tribunal Supremo rechaza el derecho al olvido del secretario del Juzgado de la causa contra el poeta Miguel Hern\u00e1ndez\",\"breadcrumb\":{\"@id\":\"https:\/\/garneloymunozabogados.com\/?p=3329#breadcrumb\"},\"inLanguage\":\"es\",\"potentialAction\":[{\"@type\":\"ReadAction\",\"target\":[\"https:\/\/garneloymunozabogados.com\/?p=3329\"]}]},{\"@type\":\"BreadcrumbList\",\"@id\":\"https:\/\/garneloymunozabogados.com\/?p=3329#breadcrumb\",\"itemListElement\":[{\"@type\":\"ListItem\",\"position\":1,\"name\":\"Portada\",\"item\":\"https:\/\/garneloymunozabogados.com\/\"},{\"@type\":\"ListItem\",\"position\":2,\"name\":\"El Tribunal Supremo rechaza el derecho al olvido del secretario del Juzgado de la causa contra el poeta Miguel Hern\u00e1ndez\"}]},{\"@type\":\"WebSite\",\"@id\":\"https:\/\/garneloymunozabogados.com\/#website\",\"url\":\"https:\/\/garneloymunozabogados.com\/\",\"name\":\"https:\/\/garneloymunozabogados.com\/\",\"description\":\"Despacho de abogados en Ponferrada\",\"alternateName\":\"gym-abogados\",\"potentialAction\":[{\"@type\":\"SearchAction\",\"target\":{\"@type\":\"EntryPoint\",\"urlTemplate\":\"https:\/\/garneloymunozabogados.com\/?s={search_term_string}\"},\"query-input\":\"required name=search_term_string\"}],\"inLanguage\":\"es\"},{\"@type\":\"Person\",\"@id\":\"https:\/\/garneloymunozabogados.com\/#\/schema\/person\/1f23be8d68cd44ce56ab4c3a725e94f6\",\"name\":\"Garnelo &amp; Mu\u00f1oz Abogados\",\"image\":{\"@type\":\"ImageObject\",\"inLanguage\":\"es\",\"@id\":\"https:\/\/garneloymunozabogados.com\/#\/schema\/person\/image\/\",\"url\":\"https:\/\/secure.gravatar.com\/avatar\/031613ad7e6e67e4e0a3cd0715ec36ed?s=96&d=mm&r=g\",\"contentUrl\":\"https:\/\/secure.gravatar.com\/avatar\/031613ad7e6e67e4e0a3cd0715ec36ed?s=96&d=mm&r=g\",\"caption\":\"Garnelo &amp; Mu\u00f1oz Abogados\"},\"url\":\"https:\/\/garneloymunozabogados.com\/?author=1\"}]}<\/script>\n<!-- \/ Yoast SEO plugin. -->","yoast_head_json":{"title":"El Tribunal Supremo rechaza el derecho al olvido del secretario del Juzgado de la causa contra el poeta Miguel Hern\u00e1ndez &#8211;","description":"El Tribunal Supremo rechaza el derecho al olvido del secretario del Juzgado de la causa contra el poeta Miguel Hern\u00e1ndez","robots":{"index":"index","follow":"follow","max-snippet":"max-snippet:-1","max-image-preview":"max-image-preview:large","max-video-preview":"max-video-preview:-1"},"canonical":"https:\/\/garneloymunozabogados.com\/?p=3329","og_locale":"es_ES","og_type":"article","og_title":"El Tribunal Supremo rechaza el derecho al olvido del secretario del Juzgado de la causa contra el poeta Miguel Hern\u00e1ndez &#8211;","og_description":"El Tribunal Supremo rechaza el derecho al olvido del secretario del Juzgado de la causa contra el poeta Miguel Hern\u00e1ndez","og_url":"https:\/\/garneloymunozabogados.com\/?p=3329","article_published_time":"2024-04-10T11:14:40+00:00","article_modified_time":"2024-04-10T11:14:41+00:00","author":"Garnelo &amp; Mu\u00f1oz Abogados","twitter_card":"summary_large_image","twitter_misc":{"Escrito por":"Garnelo &amp; Mu\u00f1oz Abogados","Tiempo de lectura":"2 minutos"},"schema":{"@context":"https:\/\/schema.org","@graph":[{"@type":"WebPage","@id":"https:\/\/garneloymunozabogados.com\/?p=3329","url":"https:\/\/garneloymunozabogados.com\/?p=3329","name":"El Tribunal Supremo rechaza el derecho al olvido del secretario del Juzgado de la causa contra el poeta Miguel Hern\u00e1ndez &#8211;","isPartOf":{"@id":"https:\/\/garneloymunozabogados.com\/#website"},"datePublished":"2024-04-10T11:14:40+00:00","dateModified":"2024-04-10T11:14:41+00:00","author":{"@id":"https:\/\/garneloymunozabogados.com\/#\/schema\/person\/1f23be8d68cd44ce56ab4c3a725e94f6"},"description":"El Tribunal Supremo rechaza el derecho al olvido del secretario del Juzgado de la causa contra el poeta Miguel Hern\u00e1ndez","breadcrumb":{"@id":"https:\/\/garneloymunozabogados.com\/?p=3329#breadcrumb"},"inLanguage":"es","potentialAction":[{"@type":"ReadAction","target":["https:\/\/garneloymunozabogados.com\/?p=3329"]}]},{"@type":"BreadcrumbList","@id":"https:\/\/garneloymunozabogados.com\/?p=3329#breadcrumb","itemListElement":[{"@type":"ListItem","position":1,"name":"Portada","item":"https:\/\/garneloymunozabogados.com\/"},{"@type":"ListItem","position":2,"name":"El Tribunal Supremo rechaza el derecho al olvido del secretario del Juzgado de la causa contra el poeta Miguel Hern\u00e1ndez"}]},{"@type":"WebSite","@id":"https:\/\/garneloymunozabogados.com\/#website","url":"https:\/\/garneloymunozabogados.com\/","name":"https:\/\/garneloymunozabogados.com\/","description":"Despacho de abogados en Ponferrada","alternateName":"gym-abogados","potentialAction":[{"@type":"SearchAction","target":{"@type":"EntryPoint","urlTemplate":"https:\/\/garneloymunozabogados.com\/?s={search_term_string}"},"query-input":"required name=search_term_string"}],"inLanguage":"es"},{"@type":"Person","@id":"https:\/\/garneloymunozabogados.com\/#\/schema\/person\/1f23be8d68cd44ce56ab4c3a725e94f6","name":"Garnelo &amp; Mu\u00f1oz Abogados","image":{"@type":"ImageObject","inLanguage":"es","@id":"https:\/\/garneloymunozabogados.com\/#\/schema\/person\/image\/","url":"https:\/\/secure.gravatar.com\/avatar\/031613ad7e6e67e4e0a3cd0715ec36ed?s=96&d=mm&r=g","contentUrl":"https:\/\/secure.gravatar.com\/avatar\/031613ad7e6e67e4e0a3cd0715ec36ed?s=96&d=mm&r=g","caption":"Garnelo &amp; Mu\u00f1oz Abogados"},"url":"https:\/\/garneloymunozabogados.com\/?author=1"}]}},"_links":{"self":[{"href":"https:\/\/garneloymunozabogados.com\/index.php?rest_route=\/wp\/v2\/posts\/3329"}],"collection":[{"href":"https:\/\/garneloymunozabogados.com\/index.php?rest_route=\/wp\/v2\/posts"}],"about":[{"href":"https:\/\/garneloymunozabogados.com\/index.php?rest_route=\/wp\/v2\/types\/post"}],"author":[{"embeddable":true,"href":"https:\/\/garneloymunozabogados.com\/index.php?rest_route=\/wp\/v2\/users\/1"}],"replies":[{"embeddable":true,"href":"https:\/\/garneloymunozabogados.com\/index.php?rest_route=%2Fwp%2Fv2%2Fcomments&post=3329"}],"version-history":[{"count":1,"href":"https:\/\/garneloymunozabogados.com\/index.php?rest_route=\/wp\/v2\/posts\/3329\/revisions"}],"predecessor-version":[{"id":3330,"href":"https:\/\/garneloymunozabogados.com\/index.php?rest_route=\/wp\/v2\/posts\/3329\/revisions\/3330"}],"wp:attachment":[{"href":"https:\/\/garneloymunozabogados.com\/index.php?rest_route=%2Fwp%2Fv2%2Fmedia&parent=3329"}],"wp:term":[{"taxonomy":"category","embeddable":true,"href":"https:\/\/garneloymunozabogados.com\/index.php?rest_route=%2Fwp%2Fv2%2Fcategories&post=3329"},{"taxonomy":"post_tag","embeddable":true,"href":"https:\/\/garneloymunozabogados.com\/index.php?rest_route=%2Fwp%2Fv2%2Ftags&post=3329"}],"curies":[{"name":"wp","href":"https:\/\/api.w.org\/{rel}","templated":true}]}}