{"id":3327,"date":"2024-04-08T08:08:37","date_gmt":"2024-04-08T08:08:37","guid":{"rendered":"https:\/\/garneloymunozabogados.com\/?p=3327"},"modified":"2024-04-08T08:08:38","modified_gmt":"2024-04-08T08:08:38","slug":"el-tribunal-supremo-rechaza-que-exista-un-derecho-absoluto-a-tener-cuenta-en-facebook-si-se-incumplen-las-condiciones-de-uso","status":"publish","type":"post","link":"https:\/\/garneloymunozabogados.com\/?p=3327","title":{"rendered":"El Tribunal Supremo rechaza que exista un derecho absoluto a tener cuenta en Facebook si se incumplen las condiciones de uso"},"content":{"rendered":"\n<p>La Sala de lo Civil del Tribunal Supremo ha dictado una sentencia en la que rechaza que exista un derecho absoluto a tener presencia en las plataformas de redes sociales si no se cumplen las condiciones de uso establecidas por los proveedores de servicios.<\/p>\n\n\n\n<p>El tribunal considera justificada y leg\u00edtima la inhabilitaci\u00f3n del perfil en Facebook de una empresa por no proporcionar su nombre real ni informaci\u00f3n veraz al crear su perfil y utilizarlo, adem\u00e1s, con fines comerciales, en contra de lo prescrito en las condiciones establecidas por esta red social.<\/p>\n\n\n\n<p>En su sentencia, la Sala se\u00f1ala que el mensaje que aparece en el perfil y que indica \u00abcerrado permanentemente\u00bb no constituye una intromisi\u00f3n ileg\u00edtima en su derecho al honor y que no comunica el cierre permanente de su negocio, sino de su perfil en Facebook.<\/p>\n","protected":false},"excerpt":{"rendered":"<p>La Sala de lo Civil del Tribunal Supremo ha dictado una sentencia en la que rechaza que exista un derecho absoluto a tener presencia en las plataformas de redes sociales si no se cumplen las condiciones de uso establecidas por los proveedores de servicios. El tribunal considera justificada y leg\u00edtima la inhabilitaci\u00f3n del perfil en Facebook de una empresa por no proporcionar su nombre real ni informaci\u00f3n veraz al crear su perfil y utilizarlo, adem\u00e1s, con fines comerciales, en contra de lo prescrito en las condiciones establecidas por esta red social. En su sentencia, la Sala se\u00f1ala que el mensaje que aparece en el perfil y que indica \u00abcerrado permanentemente\u00bb no constituye una intromisi\u00f3n ileg\u00edtima en su derecho al honor y que no comunica el cierre permanente de su negocio, sino de su perfil en Facebook.<\/p>\n","protected":false},"author":1,"featured_media":0,"comment_status":"open","ping_status":"open","sticky":false,"template":"","format":"standard","meta":{"footnotes":""},"categories":[1],"tags":[],"yoast_head":"<!-- This site is optimized with the Yoast SEO plugin v22.3 - https:\/\/yoast.com\/wordpress\/plugins\/seo\/ -->\n<title>El Tribunal Supremo rechaza que exista un derecho absoluto a tener cuenta en Facebook si se incumplen las condiciones de uso &#8211;<\/title>\n<meta name=\"description\" content=\"El Tribunal Supremo rechaza que exista un derecho absoluto a tener cuenta en Facebook si se incumplen las condiciones de uso\" \/>\n<meta name=\"robots\" content=\"index, follow, max-snippet:-1, max-image-preview:large, max-video-preview:-1\" \/>\n<link rel=\"canonical\" href=\"https:\/\/garneloymunozabogados.com\/?p=3327\" \/>\n<meta property=\"og:locale\" content=\"es_ES\" \/>\n<meta property=\"og:type\" content=\"article\" \/>\n<meta property=\"og:title\" content=\"El Tribunal Supremo rechaza que exista un derecho absoluto a tener cuenta en Facebook si se incumplen las condiciones de uso &#8211;\" \/>\n<meta property=\"og:description\" content=\"El Tribunal Supremo rechaza que exista un derecho absoluto a tener cuenta en Facebook si se incumplen las condiciones de uso\" \/>\n<meta property=\"og:url\" content=\"https:\/\/garneloymunozabogados.com\/?p=3327\" \/>\n<meta property=\"article:published_time\" content=\"2024-04-08T08:08:37+00:00\" \/>\n<meta property=\"article:modified_time\" content=\"2024-04-08T08:08:38+00:00\" \/>\n<meta name=\"author\" content=\"Garnelo &amp; Mu\u00f1oz Abogados\" \/>\n<meta name=\"twitter:card\" content=\"summary_large_image\" \/>\n<meta name=\"twitter:label1\" content=\"Escrito por\" \/>\n\t<meta name=\"twitter:data1\" content=\"Garnelo &amp; Mu\u00f1oz Abogados\" \/>\n\t<meta name=\"twitter:label2\" content=\"Tiempo de lectura\" \/>\n\t<meta name=\"twitter:data2\" content=\"1 minuto\" \/>\n<script type=\"application\/ld+json\" class=\"yoast-schema-graph\">{\"@context\":\"https:\/\/schema.org\",\"@graph\":[{\"@type\":\"WebPage\",\"@id\":\"https:\/\/garneloymunozabogados.com\/?p=3327\",\"url\":\"https:\/\/garneloymunozabogados.com\/?p=3327\",\"name\":\"El Tribunal Supremo rechaza que exista un derecho absoluto a tener cuenta en Facebook si se incumplen las condiciones de uso &#8211;\",\"isPartOf\":{\"@id\":\"https:\/\/garneloymunozabogados.com\/#website\"},\"datePublished\":\"2024-04-08T08:08:37+00:00\",\"dateModified\":\"2024-04-08T08:08:38+00:00\",\"author\":{\"@id\":\"https:\/\/garneloymunozabogados.com\/#\/schema\/person\/1f23be8d68cd44ce56ab4c3a725e94f6\"},\"description\":\"El Tribunal Supremo rechaza que exista un derecho absoluto a tener cuenta en Facebook si se incumplen las condiciones de uso\",\"breadcrumb\":{\"@id\":\"https:\/\/garneloymunozabogados.com\/?p=3327#breadcrumb\"},\"inLanguage\":\"es\",\"potentialAction\":[{\"@type\":\"ReadAction\",\"target\":[\"https:\/\/garneloymunozabogados.com\/?p=3327\"]}]},{\"@type\":\"BreadcrumbList\",\"@id\":\"https:\/\/garneloymunozabogados.com\/?p=3327#breadcrumb\",\"itemListElement\":[{\"@type\":\"ListItem\",\"position\":1,\"name\":\"Portada\",\"item\":\"https:\/\/garneloymunozabogados.com\/\"},{\"@type\":\"ListItem\",\"position\":2,\"name\":\"El Tribunal Supremo rechaza que exista un derecho absoluto a tener cuenta en Facebook si se incumplen las condiciones de uso\"}]},{\"@type\":\"WebSite\",\"@id\":\"https:\/\/garneloymunozabogados.com\/#website\",\"url\":\"https:\/\/garneloymunozabogados.com\/\",\"name\":\"https:\/\/garneloymunozabogados.com\/\",\"description\":\"Despacho de abogados en Ponferrada\",\"alternateName\":\"gym-abogados\",\"potentialAction\":[{\"@type\":\"SearchAction\",\"target\":{\"@type\":\"EntryPoint\",\"urlTemplate\":\"https:\/\/garneloymunozabogados.com\/?s={search_term_string}\"},\"query-input\":\"required name=search_term_string\"}],\"inLanguage\":\"es\"},{\"@type\":\"Person\",\"@id\":\"https:\/\/garneloymunozabogados.com\/#\/schema\/person\/1f23be8d68cd44ce56ab4c3a725e94f6\",\"name\":\"Garnelo &amp; Mu\u00f1oz Abogados\",\"image\":{\"@type\":\"ImageObject\",\"inLanguage\":\"es\",\"@id\":\"https:\/\/garneloymunozabogados.com\/#\/schema\/person\/image\/\",\"url\":\"https:\/\/secure.gravatar.com\/avatar\/031613ad7e6e67e4e0a3cd0715ec36ed?s=96&d=mm&r=g\",\"contentUrl\":\"https:\/\/secure.gravatar.com\/avatar\/031613ad7e6e67e4e0a3cd0715ec36ed?s=96&d=mm&r=g\",\"caption\":\"Garnelo &amp; Mu\u00f1oz Abogados\"},\"url\":\"https:\/\/garneloymunozabogados.com\/?author=1\"}]}<\/script>\n<!-- \/ Yoast SEO plugin. -->","yoast_head_json":{"title":"El Tribunal Supremo rechaza que exista un derecho absoluto a tener cuenta en Facebook si se incumplen las condiciones de uso &#8211;","description":"El Tribunal Supremo rechaza que exista un derecho absoluto a tener cuenta en Facebook si se incumplen las condiciones de uso","robots":{"index":"index","follow":"follow","max-snippet":"max-snippet:-1","max-image-preview":"max-image-preview:large","max-video-preview":"max-video-preview:-1"},"canonical":"https:\/\/garneloymunozabogados.com\/?p=3327","og_locale":"es_ES","og_type":"article","og_title":"El Tribunal Supremo rechaza que exista un derecho absoluto a tener cuenta en Facebook si se incumplen las condiciones de uso &#8211;","og_description":"El Tribunal Supremo rechaza que exista un derecho absoluto a tener cuenta en Facebook si se incumplen las condiciones de uso","og_url":"https:\/\/garneloymunozabogados.com\/?p=3327","article_published_time":"2024-04-08T08:08:37+00:00","article_modified_time":"2024-04-08T08:08:38+00:00","author":"Garnelo &amp; Mu\u00f1oz Abogados","twitter_card":"summary_large_image","twitter_misc":{"Escrito por":"Garnelo &amp; Mu\u00f1oz Abogados","Tiempo de lectura":"1 minuto"},"schema":{"@context":"https:\/\/schema.org","@graph":[{"@type":"WebPage","@id":"https:\/\/garneloymunozabogados.com\/?p=3327","url":"https:\/\/garneloymunozabogados.com\/?p=3327","name":"El Tribunal Supremo rechaza que exista un derecho absoluto a tener cuenta en Facebook si se incumplen las condiciones de uso &#8211;","isPartOf":{"@id":"https:\/\/garneloymunozabogados.com\/#website"},"datePublished":"2024-04-08T08:08:37+00:00","dateModified":"2024-04-08T08:08:38+00:00","author":{"@id":"https:\/\/garneloymunozabogados.com\/#\/schema\/person\/1f23be8d68cd44ce56ab4c3a725e94f6"},"description":"El Tribunal Supremo rechaza que exista un derecho absoluto a tener cuenta en Facebook si se incumplen las condiciones de uso","breadcrumb":{"@id":"https:\/\/garneloymunozabogados.com\/?p=3327#breadcrumb"},"inLanguage":"es","potentialAction":[{"@type":"ReadAction","target":["https:\/\/garneloymunozabogados.com\/?p=3327"]}]},{"@type":"BreadcrumbList","@id":"https:\/\/garneloymunozabogados.com\/?p=3327#breadcrumb","itemListElement":[{"@type":"ListItem","position":1,"name":"Portada","item":"https:\/\/garneloymunozabogados.com\/"},{"@type":"ListItem","position":2,"name":"El Tribunal Supremo rechaza que exista un derecho absoluto a tener cuenta en Facebook si se incumplen las condiciones de uso"}]},{"@type":"WebSite","@id":"https:\/\/garneloymunozabogados.com\/#website","url":"https:\/\/garneloymunozabogados.com\/","name":"https:\/\/garneloymunozabogados.com\/","description":"Despacho de abogados en Ponferrada","alternateName":"gym-abogados","potentialAction":[{"@type":"SearchAction","target":{"@type":"EntryPoint","urlTemplate":"https:\/\/garneloymunozabogados.com\/?s={search_term_string}"},"query-input":"required name=search_term_string"}],"inLanguage":"es"},{"@type":"Person","@id":"https:\/\/garneloymunozabogados.com\/#\/schema\/person\/1f23be8d68cd44ce56ab4c3a725e94f6","name":"Garnelo &amp; Mu\u00f1oz Abogados","image":{"@type":"ImageObject","inLanguage":"es","@id":"https:\/\/garneloymunozabogados.com\/#\/schema\/person\/image\/","url":"https:\/\/secure.gravatar.com\/avatar\/031613ad7e6e67e4e0a3cd0715ec36ed?s=96&d=mm&r=g","contentUrl":"https:\/\/secure.gravatar.com\/avatar\/031613ad7e6e67e4e0a3cd0715ec36ed?s=96&d=mm&r=g","caption":"Garnelo &amp; Mu\u00f1oz Abogados"},"url":"https:\/\/garneloymunozabogados.com\/?author=1"}]}},"_links":{"self":[{"href":"https:\/\/garneloymunozabogados.com\/index.php?rest_route=\/wp\/v2\/posts\/3327"}],"collection":[{"href":"https:\/\/garneloymunozabogados.com\/index.php?rest_route=\/wp\/v2\/posts"}],"about":[{"href":"https:\/\/garneloymunozabogados.com\/index.php?rest_route=\/wp\/v2\/types\/post"}],"author":[{"embeddable":true,"href":"https:\/\/garneloymunozabogados.com\/index.php?rest_route=\/wp\/v2\/users\/1"}],"replies":[{"embeddable":true,"href":"https:\/\/garneloymunozabogados.com\/index.php?rest_route=%2Fwp%2Fv2%2Fcomments&post=3327"}],"version-history":[{"count":1,"href":"https:\/\/garneloymunozabogados.com\/index.php?rest_route=\/wp\/v2\/posts\/3327\/revisions"}],"predecessor-version":[{"id":3328,"href":"https:\/\/garneloymunozabogados.com\/index.php?rest_route=\/wp\/v2\/posts\/3327\/revisions\/3328"}],"wp:attachment":[{"href":"https:\/\/garneloymunozabogados.com\/index.php?rest_route=%2Fwp%2Fv2%2Fmedia&parent=3327"}],"wp:term":[{"taxonomy":"category","embeddable":true,"href":"https:\/\/garneloymunozabogados.com\/index.php?rest_route=%2Fwp%2Fv2%2Fcategories&post=3327"},{"taxonomy":"post_tag","embeddable":true,"href":"https:\/\/garneloymunozabogados.com\/index.php?rest_route=%2Fwp%2Fv2%2Ftags&post=3327"}],"curies":[{"name":"wp","href":"https:\/\/api.w.org\/{rel}","templated":true}]}}