{"id":3224,"date":"2024-03-01T12:14:13","date_gmt":"2024-03-01T12:14:13","guid":{"rendered":"https:\/\/garneloymunozabogados.com\/?p=3224"},"modified":"2024-03-01T12:14:16","modified_gmt":"2024-03-01T12:14:16","slug":"el-tribunal-supremo-considera-discriminada-a-la-madre-de-un-nino-con-una-enfermedad-rara-por-no-tramitar-su-peticion-de-medicamento-no-autorizado","status":"publish","type":"post","link":"https:\/\/garneloymunozabogados.com\/?p=3224","title":{"rendered":"El Tribunal Supremo considera discriminada a la madre de un ni\u00f1o con una enfermedad rara por no tramitar su petici\u00f3n de medicamento no autorizado"},"content":{"rendered":"\n<p>La Secci\u00f3n Cuarta de la Sala de lo Contencioso-Administrativo del Tribunal Supremo ha dictado una sentencia en la que fija doctrina en relaci\u00f3n con las solicitudes de acceso a la financiaci\u00f3n p\u00fablica de un medicamento no autorizado en Espa\u00f1a, a trav\u00e9s de una autorizaci\u00f3n excepcional, para el tratamiento de pacientes con enfermedades raras.&nbsp;<\/p>\n\n\n\n<p>La Sala establece que \u201cla solicitud del acceso a la financiaci\u00f3n p\u00fablica de un f\u00e1rmaco a trav\u00e9s de una autorizaci\u00f3n excepcional del art\u00edculo 18 del Real Decreto 1015\/2009 no permite que quien postula su tramitaci\u00f3n pueda ser discriminado con la imposici\u00f3n de una carga probatoria de indicios que alcance incluso a las circunstancias individualizadas de otros pacientes beneficiarios de la misma autorizaci\u00f3n excepcional en el Sistema Nacional de Salud\u201d.\u00a0<\/p>\n\n\n\n<p>El Tribunal Supremo se\u00f1ala que la Administraci\u00f3n auton\u00f3mica deneg\u00f3 \u201cno ya la autorizaci\u00f3n, sino el paso previo para que la autoridad competente pudiera pronunciarse sobre la solicitud, pues rechaz\u00f3 la tramitaci\u00f3n de la solicitud. Excluy\u00f3 toda posibilidad de cooperaci\u00f3n\u201d.\u00a0<\/p>\n\n\n\n<p>Se\u00f1ala que la parte que solicit\u00f3 el tratamiento excepcional e impugn\u00f3 la decisi\u00f3n negativa de la Administraci\u00f3n, \u201cdesarroll\u00f3 una actividad alegatoria suficientemente precisa y concreta en torno a los indicios de la existencia de discriminaci\u00f3n, raz\u00f3n por la que era la Administraci\u00f3n la que ven\u00eda obligada a probar, no solo que su actuaci\u00f3n fue absolutamente ajena a todo prop\u00f3sito atentatorio de derechos fundamentales, sino tambi\u00e9n que la vulneraci\u00f3n que se le atribuye no representaba objetivamente actos contrarios a la prohibici\u00f3n de discriminaci\u00f3n (STC 233\/2007, de 5 de noviembre, FJ 4)\u201d.&nbsp;<\/p>\n\n\n\n<p>La sentencia, ponencia del magistrado Antonio Jes\u00fas Fonseca-Herrero, indica que \u201ces evidente que en este caso la parte solicitante de la autorizaci\u00f3n excepcional, adem\u00e1s de contar con la recomendaci\u00f3n del tratamiento por parte del especialista que le ven\u00eda dando asistencia m\u00e9dica , justific\u00f3 sobradamente la existencia de autorizaciones excepcionales a otros pacientes dentro del Sistema Nacional de Salud\u201d.\u00a0<\/p>\n\n\n\n<p>La Sala subraya que \u201cla existencia de ese trato discriminatorio e injustificado no queda privada de raz\u00f3n por la situaci\u00f3n cl\u00ednica del medicamento que ser\u00eda objeto de la autorizaci\u00f3n excepcional, m\u00e1xime cuando al momento de la solicitud el Ataluren estaba autorizado, aunque de manera condicional para el tratamiento de aquellos pacientes que, como el hijo de la recurrente, padec\u00edan distrofia muscular de Duchenne debida a una mutaci\u00f3n sin-sentido en el gen de la distrofina (diagn\u00f3stico gen\u00e9tico) a partir de los 5 a\u00f1os que conserven la capacidad de deambulaci\u00f3n\u201d.&nbsp;<\/p>\n\n\n\n<p>En todo caso, -aclara el tribunal- ese dato deber\u00eda ser valorado por el \u00f3rgano estatal encargado de resolver la autorizaci\u00f3n excepcional de tratamiento dentro de la concepci\u00f3n unitaria del SNS, que no era el centro hospitalario ni el servicio de salud auton\u00f3mico.&nbsp;<\/p>\n\n\n\n<p><\/p>\n","protected":false},"excerpt":{"rendered":"<p>La Secci\u00f3n Cuarta de la Sala de lo Contencioso-Administrativo del Tribunal Supremo ha dictado una sentencia en la que fija doctrina en relaci\u00f3n con las solicitudes de acceso a la financiaci\u00f3n p\u00fablica de un medicamento no autorizado en Espa\u00f1a, a trav\u00e9s de una autorizaci\u00f3n excepcional, para el tratamiento de pacientes con enfermedades raras.&nbsp; La Sala establece que \u201cla solicitud del acceso a la financiaci\u00f3n p\u00fablica de un f\u00e1rmaco a trav\u00e9s de una autorizaci\u00f3n excepcional del art\u00edculo 18 del Real Decreto 1015\/2009 no permite que quien postula su tramitaci\u00f3n pueda ser discriminado con la imposici\u00f3n de una carga probatoria de indicios que alcance incluso a las circunstancias individualizadas de otros pacientes beneficiarios de la misma autorizaci\u00f3n excepcional en el Sistema Nacional de Salud\u201d.\u00a0 El Tribunal Supremo se\u00f1ala que la Administraci\u00f3n auton\u00f3mica deneg\u00f3 \u201cno ya la autorizaci\u00f3n, sino el paso previo para que la autoridad competente pudiera pronunciarse sobre la solicitud, pues rechaz\u00f3 la tramitaci\u00f3n de la solicitud. Excluy\u00f3 toda posibilidad de cooperaci\u00f3n\u201d.\u00a0 Se\u00f1ala que la parte que solicit\u00f3 el tratamiento excepcional e impugn\u00f3 la decisi\u00f3n negativa de la Administraci\u00f3n, \u201cdesarroll\u00f3 una actividad alegatoria suficientemente precisa y concreta en torno a los indicios de la existencia de discriminaci\u00f3n, raz\u00f3n por la que era la Administraci\u00f3n la que ven\u00eda obligada a probar, no solo que su actuaci\u00f3n fue absolutamente ajena a todo prop\u00f3sito atentatorio de derechos fundamentales, sino tambi\u00e9n que la vulneraci\u00f3n que se le atribuye no representaba objetivamente actos contrarios a la prohibici\u00f3n de discriminaci\u00f3n (STC 233\/2007, de 5 de noviembre, FJ 4)\u201d.&nbsp; La sentencia, ponencia del magistrado Antonio Jes\u00fas Fonseca-Herrero, indica que \u201ces evidente que en este caso la parte solicitante de la autorizaci\u00f3n excepcional, adem\u00e1s de contar con la recomendaci\u00f3n del tratamiento por parte del especialista que le ven\u00eda dando asistencia m\u00e9dica , justific\u00f3 sobradamente la existencia de autorizaciones excepcionales a otros pacientes dentro del Sistema Nacional de Salud\u201d.\u00a0 La Sala subraya que \u201cla existencia de ese trato discriminatorio e injustificado no queda privada de raz\u00f3n por la situaci\u00f3n cl\u00ednica del medicamento que ser\u00eda objeto de la autorizaci\u00f3n excepcional, m\u00e1xime cuando al momento de la solicitud el Ataluren estaba autorizado, aunque de manera condicional para el tratamiento de aquellos pacientes que, como el hijo de la recurrente, padec\u00edan distrofia muscular de Duchenne debida a una mutaci\u00f3n sin-sentido en el gen de la distrofina (diagn\u00f3stico gen\u00e9tico) a partir de los 5 a\u00f1os que conserven la capacidad de deambulaci\u00f3n\u201d.&nbsp; En todo caso, -aclara el tribunal- ese dato deber\u00eda ser valorado por el \u00f3rgano estatal encargado de resolver la autorizaci\u00f3n excepcional de tratamiento dentro de la concepci\u00f3n unitaria del SNS, que no era el centro hospitalario ni el servicio de salud auton\u00f3mico.&nbsp;<\/p>\n","protected":false},"author":1,"featured_media":0,"comment_status":"open","ping_status":"open","sticky":false,"template":"","format":"standard","meta":{"footnotes":""},"categories":[1],"tags":[],"yoast_head":"<!-- This site is optimized with the Yoast SEO plugin v22.3 - https:\/\/yoast.com\/wordpress\/plugins\/seo\/ -->\n<title>El Tribunal Supremo considera discriminada a la madre de un ni\u00f1o con una enfermedad rara por no tramitar su petici\u00f3n de medicamento no autorizado &#8211;<\/title>\n<meta name=\"description\" content=\"El Tribunal Supremo considera discriminada a la madre de un ni\u00f1o con una enfermedad rara por no tramitar su petici\u00f3n de medicamento no autorizado\" \/>\n<meta name=\"robots\" content=\"index, follow, max-snippet:-1, max-image-preview:large, max-video-preview:-1\" \/>\n<link rel=\"canonical\" href=\"https:\/\/garneloymunozabogados.com\/?p=3224\" \/>\n<meta property=\"og:locale\" content=\"es_ES\" \/>\n<meta property=\"og:type\" content=\"article\" \/>\n<meta property=\"og:title\" content=\"El Tribunal Supremo considera discriminada a la madre de un ni\u00f1o con una enfermedad rara por no tramitar su petici\u00f3n de medicamento no autorizado &#8211;\" \/>\n<meta property=\"og:description\" content=\"El Tribunal Supremo considera discriminada a la madre de un ni\u00f1o con una enfermedad rara por no tramitar su petici\u00f3n de medicamento no autorizado\" \/>\n<meta property=\"og:url\" content=\"https:\/\/garneloymunozabogados.com\/?p=3224\" \/>\n<meta property=\"article:published_time\" content=\"2024-03-01T12:14:13+00:00\" \/>\n<meta property=\"article:modified_time\" content=\"2024-03-01T12:14:16+00:00\" \/>\n<meta name=\"author\" content=\"Garnelo &amp; Mu\u00f1oz Abogados\" \/>\n<meta name=\"twitter:card\" content=\"summary_large_image\" \/>\n<meta name=\"twitter:label1\" content=\"Escrito por\" \/>\n\t<meta name=\"twitter:data1\" content=\"Garnelo &amp; Mu\u00f1oz Abogados\" \/>\n\t<meta name=\"twitter:label2\" content=\"Tiempo de lectura\" \/>\n\t<meta name=\"twitter:data2\" content=\"3 minutos\" \/>\n<script type=\"application\/ld+json\" class=\"yoast-schema-graph\">{\"@context\":\"https:\/\/schema.org\",\"@graph\":[{\"@type\":\"WebPage\",\"@id\":\"https:\/\/garneloymunozabogados.com\/?p=3224\",\"url\":\"https:\/\/garneloymunozabogados.com\/?p=3224\",\"name\":\"El Tribunal Supremo considera discriminada a la madre de un ni\u00f1o con una enfermedad rara por no tramitar su petici\u00f3n de medicamento no autorizado &#8211;\",\"isPartOf\":{\"@id\":\"https:\/\/garneloymunozabogados.com\/#website\"},\"datePublished\":\"2024-03-01T12:14:13+00:00\",\"dateModified\":\"2024-03-01T12:14:16+00:00\",\"author\":{\"@id\":\"https:\/\/garneloymunozabogados.com\/#\/schema\/person\/1f23be8d68cd44ce56ab4c3a725e94f6\"},\"description\":\"El Tribunal Supremo considera discriminada a la madre de un ni\u00f1o con una enfermedad rara por no tramitar su petici\u00f3n de medicamento no autorizado\",\"breadcrumb\":{\"@id\":\"https:\/\/garneloymunozabogados.com\/?p=3224#breadcrumb\"},\"inLanguage\":\"es\",\"potentialAction\":[{\"@type\":\"ReadAction\",\"target\":[\"https:\/\/garneloymunozabogados.com\/?p=3224\"]}]},{\"@type\":\"BreadcrumbList\",\"@id\":\"https:\/\/garneloymunozabogados.com\/?p=3224#breadcrumb\",\"itemListElement\":[{\"@type\":\"ListItem\",\"position\":1,\"name\":\"Portada\",\"item\":\"https:\/\/garneloymunozabogados.com\/\"},{\"@type\":\"ListItem\",\"position\":2,\"name\":\"El Tribunal Supremo considera discriminada a la madre de un ni\u00f1o con una enfermedad rara por no tramitar su petici\u00f3n de medicamento no autorizado\"}]},{\"@type\":\"WebSite\",\"@id\":\"https:\/\/garneloymunozabogados.com\/#website\",\"url\":\"https:\/\/garneloymunozabogados.com\/\",\"name\":\"https:\/\/garneloymunozabogados.com\/\",\"description\":\"Despacho de abogados en Ponferrada\",\"alternateName\":\"gym-abogados\",\"potentialAction\":[{\"@type\":\"SearchAction\",\"target\":{\"@type\":\"EntryPoint\",\"urlTemplate\":\"https:\/\/garneloymunozabogados.com\/?s={search_term_string}\"},\"query-input\":\"required name=search_term_string\"}],\"inLanguage\":\"es\"},{\"@type\":\"Person\",\"@id\":\"https:\/\/garneloymunozabogados.com\/#\/schema\/person\/1f23be8d68cd44ce56ab4c3a725e94f6\",\"name\":\"Garnelo &amp; Mu\u00f1oz Abogados\",\"image\":{\"@type\":\"ImageObject\",\"inLanguage\":\"es\",\"@id\":\"https:\/\/garneloymunozabogados.com\/#\/schema\/person\/image\/\",\"url\":\"https:\/\/secure.gravatar.com\/avatar\/031613ad7e6e67e4e0a3cd0715ec36ed?s=96&d=mm&r=g\",\"contentUrl\":\"https:\/\/secure.gravatar.com\/avatar\/031613ad7e6e67e4e0a3cd0715ec36ed?s=96&d=mm&r=g\",\"caption\":\"Garnelo &amp; Mu\u00f1oz Abogados\"},\"url\":\"https:\/\/garneloymunozabogados.com\/?author=1\"}]}<\/script>\n<!-- \/ Yoast SEO plugin. -->","yoast_head_json":{"title":"El Tribunal Supremo considera discriminada a la madre de un ni\u00f1o con una enfermedad rara por no tramitar su petici\u00f3n de medicamento no autorizado &#8211;","description":"El Tribunal Supremo considera discriminada a la madre de un ni\u00f1o con una enfermedad rara por no tramitar su petici\u00f3n de medicamento no autorizado","robots":{"index":"index","follow":"follow","max-snippet":"max-snippet:-1","max-image-preview":"max-image-preview:large","max-video-preview":"max-video-preview:-1"},"canonical":"https:\/\/garneloymunozabogados.com\/?p=3224","og_locale":"es_ES","og_type":"article","og_title":"El Tribunal Supremo considera discriminada a la madre de un ni\u00f1o con una enfermedad rara por no tramitar su petici\u00f3n de medicamento no autorizado &#8211;","og_description":"El Tribunal Supremo considera discriminada a la madre de un ni\u00f1o con una enfermedad rara por no tramitar su petici\u00f3n de medicamento no autorizado","og_url":"https:\/\/garneloymunozabogados.com\/?p=3224","article_published_time":"2024-03-01T12:14:13+00:00","article_modified_time":"2024-03-01T12:14:16+00:00","author":"Garnelo &amp; Mu\u00f1oz Abogados","twitter_card":"summary_large_image","twitter_misc":{"Escrito por":"Garnelo &amp; Mu\u00f1oz Abogados","Tiempo de lectura":"3 minutos"},"schema":{"@context":"https:\/\/schema.org","@graph":[{"@type":"WebPage","@id":"https:\/\/garneloymunozabogados.com\/?p=3224","url":"https:\/\/garneloymunozabogados.com\/?p=3224","name":"El Tribunal Supremo considera discriminada a la madre de un ni\u00f1o con una enfermedad rara por no tramitar su petici\u00f3n de medicamento no autorizado &#8211;","isPartOf":{"@id":"https:\/\/garneloymunozabogados.com\/#website"},"datePublished":"2024-03-01T12:14:13+00:00","dateModified":"2024-03-01T12:14:16+00:00","author":{"@id":"https:\/\/garneloymunozabogados.com\/#\/schema\/person\/1f23be8d68cd44ce56ab4c3a725e94f6"},"description":"El Tribunal Supremo considera discriminada a la madre de un ni\u00f1o con una enfermedad rara por no tramitar su petici\u00f3n de medicamento no autorizado","breadcrumb":{"@id":"https:\/\/garneloymunozabogados.com\/?p=3224#breadcrumb"},"inLanguage":"es","potentialAction":[{"@type":"ReadAction","target":["https:\/\/garneloymunozabogados.com\/?p=3224"]}]},{"@type":"BreadcrumbList","@id":"https:\/\/garneloymunozabogados.com\/?p=3224#breadcrumb","itemListElement":[{"@type":"ListItem","position":1,"name":"Portada","item":"https:\/\/garneloymunozabogados.com\/"},{"@type":"ListItem","position":2,"name":"El Tribunal Supremo considera discriminada a la madre de un ni\u00f1o con una enfermedad rara por no tramitar su petici\u00f3n de medicamento no autorizado"}]},{"@type":"WebSite","@id":"https:\/\/garneloymunozabogados.com\/#website","url":"https:\/\/garneloymunozabogados.com\/","name":"https:\/\/garneloymunozabogados.com\/","description":"Despacho de abogados en Ponferrada","alternateName":"gym-abogados","potentialAction":[{"@type":"SearchAction","target":{"@type":"EntryPoint","urlTemplate":"https:\/\/garneloymunozabogados.com\/?s={search_term_string}"},"query-input":"required name=search_term_string"}],"inLanguage":"es"},{"@type":"Person","@id":"https:\/\/garneloymunozabogados.com\/#\/schema\/person\/1f23be8d68cd44ce56ab4c3a725e94f6","name":"Garnelo &amp; Mu\u00f1oz Abogados","image":{"@type":"ImageObject","inLanguage":"es","@id":"https:\/\/garneloymunozabogados.com\/#\/schema\/person\/image\/","url":"https:\/\/secure.gravatar.com\/avatar\/031613ad7e6e67e4e0a3cd0715ec36ed?s=96&d=mm&r=g","contentUrl":"https:\/\/secure.gravatar.com\/avatar\/031613ad7e6e67e4e0a3cd0715ec36ed?s=96&d=mm&r=g","caption":"Garnelo &amp; Mu\u00f1oz Abogados"},"url":"https:\/\/garneloymunozabogados.com\/?author=1"}]}},"_links":{"self":[{"href":"https:\/\/garneloymunozabogados.com\/index.php?rest_route=\/wp\/v2\/posts\/3224"}],"collection":[{"href":"https:\/\/garneloymunozabogados.com\/index.php?rest_route=\/wp\/v2\/posts"}],"about":[{"href":"https:\/\/garneloymunozabogados.com\/index.php?rest_route=\/wp\/v2\/types\/post"}],"author":[{"embeddable":true,"href":"https:\/\/garneloymunozabogados.com\/index.php?rest_route=\/wp\/v2\/users\/1"}],"replies":[{"embeddable":true,"href":"https:\/\/garneloymunozabogados.com\/index.php?rest_route=%2Fwp%2Fv2%2Fcomments&post=3224"}],"version-history":[{"count":1,"href":"https:\/\/garneloymunozabogados.com\/index.php?rest_route=\/wp\/v2\/posts\/3224\/revisions"}],"predecessor-version":[{"id":3225,"href":"https:\/\/garneloymunozabogados.com\/index.php?rest_route=\/wp\/v2\/posts\/3224\/revisions\/3225"}],"wp:attachment":[{"href":"https:\/\/garneloymunozabogados.com\/index.php?rest_route=%2Fwp%2Fv2%2Fmedia&parent=3224"}],"wp:term":[{"taxonomy":"category","embeddable":true,"href":"https:\/\/garneloymunozabogados.com\/index.php?rest_route=%2Fwp%2Fv2%2Fcategories&post=3224"},{"taxonomy":"post_tag","embeddable":true,"href":"https:\/\/garneloymunozabogados.com\/index.php?rest_route=%2Fwp%2Fv2%2Ftags&post=3224"}],"curies":[{"name":"wp","href":"https:\/\/api.w.org\/{rel}","templated":true}]}}