{"id":3222,"date":"2024-02-27T12:39:34","date_gmt":"2024-02-27T12:39:34","guid":{"rendered":"https:\/\/garneloymunozabogados.com\/?p=3222"},"modified":"2024-02-27T12:39:37","modified_gmt":"2024-02-27T12:39:37","slug":"confirmado-el-despido-disciplinario-de-un-trabajador-por-uso-indebido-del-telefono-de-empresa","status":"publish","type":"post","link":"https:\/\/garneloymunozabogados.com\/?p=3222","title":{"rendered":"Confirmado el despido disciplinario de un trabajador por uso indebido del tel\u00e9fono de empresa"},"content":{"rendered":"\n<p>El Tribunal Superior de Justicia de Catalu\u00f1a ha confirmado el despido disciplinario de un trabajador que hizo un uso indebido del tel\u00e9fono de empresa, que estaba restringido al uso profesional. Sin embargo, estando en situaci\u00f3n de\u00a0Incapacidad Temporal (IT), el empleado realiz\u00f3 27 llamadas no relacionadas con el trabajo, hasta 576 conexiones a Internet de car\u00e1cter no profesional y tambi\u00e9n utiliz\u00f3 el servicio de mensajer\u00eda instant\u00e1nea para fines personales.\u00a0<\/p>\n\n\n\n<p>Las conductas imputadas en la carta de despido fueron la realizaci\u00f3n de actividades incompatibles con la situaci\u00f3n de incapacidad temporal, y el uso del tel\u00e9fono m\u00f3vil e Internet facilitados por la empresa para usos ajenos a la actividad profesional.&nbsp;<\/p>\n\n\n\n<p>En cuanto a la primera, la Sala se remite \u00aba la doctrina jurisprudencial que descarta que un viaje de dos d\u00edas a Andorra sea objetivamente incompatible con el estado de salud del trabajador o con el tratamiento m\u00e9dico prescrito, pues no se evidencia que este viaje de ocio fuera susceptible de perturbar la curaci\u00f3n del trabajador o evidenciara la aptitud laboral de este, con la consiguiente simulaci\u00f3n en perjuicio de la empresa\u00bb.&nbsp;<\/p>\n\n\n\n<p>Sobre la segunda, indica que en el contrato de trabajo las partes convinieron expresamente que la utilizaci\u00f3n de los sistemas inform\u00e1ticos de comunicaci\u00f3n (Internet) ser\u00eda \u00fanica y exclusivamente para fines profesionales,&nbsp;<strong>autoriz\u00e1ndose expresamente a la empresa para que pueda verificar, en cualquier momento, el contenido de los ficheros del PC del trabajador, Tablet y e-mail personal adjudicado por la misma<\/strong>, as\u00ed como que los tel\u00e9fonos m\u00f3viles y Tablet facilitados por la empresa solo podr\u00edan ser utilizados por el trabajador para fines profesionales relacionados con la entidad, habiendo facilitado la mercantil al empleado una tarjeta SIM para llevar a cabo llamadas y conexiones a internet relacionadas con el trabajo.&nbsp;<\/p>\n\n\n\n<p>El Tribunal considera que \u00abconcurre una\u00a0<strong>actuaci\u00f3n grave y culpable<\/strong>\u00a0por parte del trabajador demandante, constitutiva de transgresi\u00f3n de la buena fe contractual y de abuso de confianza, como tambi\u00e9n de\u00a0<strong>desobediencia persistente y reiterada\u00a0<\/strong>de la orden empresarial sobre c\u00f3mo utilizar el tel\u00e9fono m\u00f3vil de empresa\u00bb, y concluye que los hechos justifican la validez de la decisi\u00f3n empresarial, al haber cometido el trabajador\u00a0incumplimientos muy graves que justifican la procedencia del despido.<\/p>\n\n\n\n<p>El tribunal argumenta que esta conducta estaba expresamente prohibida por la empresa, y que el trabajador ten\u00eda conocimiento y dio su consentimiento a que el dispositivo telef\u00f3nico estuviera reservado exclusivamente para tareas o labores profesionales, excluyendo su utilizaci\u00f3n para fines personales.<\/p>\n","protected":false},"excerpt":{"rendered":"<p>El Tribunal Superior de Justicia de Catalu\u00f1a ha confirmado el despido disciplinario de un trabajador que hizo un uso indebido del tel\u00e9fono de empresa, que estaba restringido al uso profesional. Sin embargo, estando en situaci\u00f3n de\u00a0Incapacidad Temporal (IT), el empleado realiz\u00f3 27 llamadas no relacionadas con el trabajo, hasta 576 conexiones a Internet de car\u00e1cter no profesional y tambi\u00e9n utiliz\u00f3 el servicio de mensajer\u00eda instant\u00e1nea para fines personales.\u00a0 Las conductas imputadas en la carta de despido fueron la realizaci\u00f3n de actividades incompatibles con la situaci\u00f3n de incapacidad temporal, y el uso del tel\u00e9fono m\u00f3vil e Internet facilitados por la empresa para usos ajenos a la actividad profesional.&nbsp; En cuanto a la primera, la Sala se remite \u00aba la doctrina jurisprudencial que descarta que un viaje de dos d\u00edas a Andorra sea objetivamente incompatible con el estado de salud del trabajador o con el tratamiento m\u00e9dico prescrito, pues no se evidencia que este viaje de ocio fuera susceptible de perturbar la curaci\u00f3n del trabajador o evidenciara la aptitud laboral de este, con la consiguiente simulaci\u00f3n en perjuicio de la empresa\u00bb.&nbsp; Sobre la segunda, indica que en el contrato de trabajo las partes convinieron expresamente que la utilizaci\u00f3n de los sistemas inform\u00e1ticos de comunicaci\u00f3n (Internet) ser\u00eda \u00fanica y exclusivamente para fines profesionales,&nbsp;autoriz\u00e1ndose expresamente a la empresa para que pueda verificar, en cualquier momento, el contenido de los ficheros del PC del trabajador, Tablet y e-mail personal adjudicado por la misma, as\u00ed como que los tel\u00e9fonos m\u00f3viles y Tablet facilitados por la empresa solo podr\u00edan ser utilizados por el trabajador para fines profesionales relacionados con la entidad, habiendo facilitado la mercantil al empleado una tarjeta SIM para llevar a cabo llamadas y conexiones a internet relacionadas con el trabajo.&nbsp; El Tribunal considera que \u00abconcurre una\u00a0actuaci\u00f3n grave y culpable\u00a0por parte del trabajador demandante, constitutiva de transgresi\u00f3n de la buena fe contractual y de abuso de confianza, como tambi\u00e9n de\u00a0desobediencia persistente y reiterada\u00a0de la orden empresarial sobre c\u00f3mo utilizar el tel\u00e9fono m\u00f3vil de empresa\u00bb, y concluye que los hechos justifican la validez de la decisi\u00f3n empresarial, al haber cometido el trabajador\u00a0incumplimientos muy graves que justifican la procedencia del despido. El tribunal argumenta que esta conducta estaba expresamente prohibida por la empresa, y que el trabajador ten\u00eda conocimiento y dio su consentimiento a que el dispositivo telef\u00f3nico estuviera reservado exclusivamente para tareas o labores profesionales, excluyendo su utilizaci\u00f3n para fines personales.<\/p>\n","protected":false},"author":1,"featured_media":0,"comment_status":"open","ping_status":"open","sticky":false,"template":"","format":"standard","meta":{"footnotes":""},"categories":[1],"tags":[],"yoast_head":"<!-- This site is optimized with the Yoast SEO plugin v22.3 - https:\/\/yoast.com\/wordpress\/plugins\/seo\/ -->\n<title>Confirmado el despido disciplinario de un trabajador por uso indebido del tel\u00e9fono de empresa &#8211;<\/title>\n<meta name=\"description\" content=\"Confirmado el despido disciplinario de un trabajador por uso indebido del tel\u00e9fono de empresa\" \/>\n<meta name=\"robots\" content=\"index, follow, max-snippet:-1, max-image-preview:large, max-video-preview:-1\" \/>\n<link rel=\"canonical\" href=\"https:\/\/garneloymunozabogados.com\/?p=3222\" \/>\n<meta property=\"og:locale\" content=\"es_ES\" \/>\n<meta property=\"og:type\" content=\"article\" \/>\n<meta property=\"og:title\" content=\"Confirmado el despido disciplinario de un trabajador por uso indebido del tel\u00e9fono de empresa &#8211;\" \/>\n<meta property=\"og:description\" content=\"Confirmado el despido disciplinario de un trabajador por uso indebido del tel\u00e9fono de empresa\" \/>\n<meta property=\"og:url\" content=\"https:\/\/garneloymunozabogados.com\/?p=3222\" \/>\n<meta property=\"article:published_time\" content=\"2024-02-27T12:39:34+00:00\" \/>\n<meta property=\"article:modified_time\" content=\"2024-02-27T12:39:37+00:00\" \/>\n<meta name=\"author\" content=\"Garnelo &amp; Mu\u00f1oz Abogados\" \/>\n<meta name=\"twitter:card\" content=\"summary_large_image\" \/>\n<meta name=\"twitter:label1\" content=\"Escrito por\" \/>\n\t<meta name=\"twitter:data1\" content=\"Garnelo &amp; Mu\u00f1oz Abogados\" \/>\n\t<meta name=\"twitter:label2\" content=\"Tiempo de lectura\" \/>\n\t<meta name=\"twitter:data2\" content=\"2 minutos\" \/>\n<script type=\"application\/ld+json\" class=\"yoast-schema-graph\">{\"@context\":\"https:\/\/schema.org\",\"@graph\":[{\"@type\":\"WebPage\",\"@id\":\"https:\/\/garneloymunozabogados.com\/?p=3222\",\"url\":\"https:\/\/garneloymunozabogados.com\/?p=3222\",\"name\":\"Confirmado el despido disciplinario de un trabajador por uso indebido del tel\u00e9fono de empresa &#8211;\",\"isPartOf\":{\"@id\":\"https:\/\/garneloymunozabogados.com\/#website\"},\"datePublished\":\"2024-02-27T12:39:34+00:00\",\"dateModified\":\"2024-02-27T12:39:37+00:00\",\"author\":{\"@id\":\"https:\/\/garneloymunozabogados.com\/#\/schema\/person\/1f23be8d68cd44ce56ab4c3a725e94f6\"},\"description\":\"Confirmado el despido disciplinario de un trabajador por uso indebido del tel\u00e9fono de empresa\",\"breadcrumb\":{\"@id\":\"https:\/\/garneloymunozabogados.com\/?p=3222#breadcrumb\"},\"inLanguage\":\"es\",\"potentialAction\":[{\"@type\":\"ReadAction\",\"target\":[\"https:\/\/garneloymunozabogados.com\/?p=3222\"]}]},{\"@type\":\"BreadcrumbList\",\"@id\":\"https:\/\/garneloymunozabogados.com\/?p=3222#breadcrumb\",\"itemListElement\":[{\"@type\":\"ListItem\",\"position\":1,\"name\":\"Portada\",\"item\":\"https:\/\/garneloymunozabogados.com\/\"},{\"@type\":\"ListItem\",\"position\":2,\"name\":\"Confirmado el despido disciplinario de un trabajador por uso indebido del tel\u00e9fono de empresa\"}]},{\"@type\":\"WebSite\",\"@id\":\"https:\/\/garneloymunozabogados.com\/#website\",\"url\":\"https:\/\/garneloymunozabogados.com\/\",\"name\":\"https:\/\/garneloymunozabogados.com\/\",\"description\":\"Despacho de abogados en Ponferrada\",\"alternateName\":\"gym-abogados\",\"potentialAction\":[{\"@type\":\"SearchAction\",\"target\":{\"@type\":\"EntryPoint\",\"urlTemplate\":\"https:\/\/garneloymunozabogados.com\/?s={search_term_string}\"},\"query-input\":\"required name=search_term_string\"}],\"inLanguage\":\"es\"},{\"@type\":\"Person\",\"@id\":\"https:\/\/garneloymunozabogados.com\/#\/schema\/person\/1f23be8d68cd44ce56ab4c3a725e94f6\",\"name\":\"Garnelo &amp; Mu\u00f1oz Abogados\",\"image\":{\"@type\":\"ImageObject\",\"inLanguage\":\"es\",\"@id\":\"https:\/\/garneloymunozabogados.com\/#\/schema\/person\/image\/\",\"url\":\"https:\/\/secure.gravatar.com\/avatar\/031613ad7e6e67e4e0a3cd0715ec36ed?s=96&d=mm&r=g\",\"contentUrl\":\"https:\/\/secure.gravatar.com\/avatar\/031613ad7e6e67e4e0a3cd0715ec36ed?s=96&d=mm&r=g\",\"caption\":\"Garnelo &amp; Mu\u00f1oz Abogados\"},\"url\":\"https:\/\/garneloymunozabogados.com\/?author=1\"}]}<\/script>\n<!-- \/ Yoast SEO plugin. -->","yoast_head_json":{"title":"Confirmado el despido disciplinario de un trabajador por uso indebido del tel\u00e9fono de empresa &#8211;","description":"Confirmado el despido disciplinario de un trabajador por uso indebido del tel\u00e9fono de empresa","robots":{"index":"index","follow":"follow","max-snippet":"max-snippet:-1","max-image-preview":"max-image-preview:large","max-video-preview":"max-video-preview:-1"},"canonical":"https:\/\/garneloymunozabogados.com\/?p=3222","og_locale":"es_ES","og_type":"article","og_title":"Confirmado el despido disciplinario de un trabajador por uso indebido del tel\u00e9fono de empresa &#8211;","og_description":"Confirmado el despido disciplinario de un trabajador por uso indebido del tel\u00e9fono de empresa","og_url":"https:\/\/garneloymunozabogados.com\/?p=3222","article_published_time":"2024-02-27T12:39:34+00:00","article_modified_time":"2024-02-27T12:39:37+00:00","author":"Garnelo &amp; Mu\u00f1oz Abogados","twitter_card":"summary_large_image","twitter_misc":{"Escrito por":"Garnelo &amp; Mu\u00f1oz Abogados","Tiempo de lectura":"2 minutos"},"schema":{"@context":"https:\/\/schema.org","@graph":[{"@type":"WebPage","@id":"https:\/\/garneloymunozabogados.com\/?p=3222","url":"https:\/\/garneloymunozabogados.com\/?p=3222","name":"Confirmado el despido disciplinario de un trabajador por uso indebido del tel\u00e9fono de empresa &#8211;","isPartOf":{"@id":"https:\/\/garneloymunozabogados.com\/#website"},"datePublished":"2024-02-27T12:39:34+00:00","dateModified":"2024-02-27T12:39:37+00:00","author":{"@id":"https:\/\/garneloymunozabogados.com\/#\/schema\/person\/1f23be8d68cd44ce56ab4c3a725e94f6"},"description":"Confirmado el despido disciplinario de un trabajador por uso indebido del tel\u00e9fono de empresa","breadcrumb":{"@id":"https:\/\/garneloymunozabogados.com\/?p=3222#breadcrumb"},"inLanguage":"es","potentialAction":[{"@type":"ReadAction","target":["https:\/\/garneloymunozabogados.com\/?p=3222"]}]},{"@type":"BreadcrumbList","@id":"https:\/\/garneloymunozabogados.com\/?p=3222#breadcrumb","itemListElement":[{"@type":"ListItem","position":1,"name":"Portada","item":"https:\/\/garneloymunozabogados.com\/"},{"@type":"ListItem","position":2,"name":"Confirmado el despido disciplinario de un trabajador por uso indebido del tel\u00e9fono de empresa"}]},{"@type":"WebSite","@id":"https:\/\/garneloymunozabogados.com\/#website","url":"https:\/\/garneloymunozabogados.com\/","name":"https:\/\/garneloymunozabogados.com\/","description":"Despacho de abogados en Ponferrada","alternateName":"gym-abogados","potentialAction":[{"@type":"SearchAction","target":{"@type":"EntryPoint","urlTemplate":"https:\/\/garneloymunozabogados.com\/?s={search_term_string}"},"query-input":"required name=search_term_string"}],"inLanguage":"es"},{"@type":"Person","@id":"https:\/\/garneloymunozabogados.com\/#\/schema\/person\/1f23be8d68cd44ce56ab4c3a725e94f6","name":"Garnelo &amp; Mu\u00f1oz Abogados","image":{"@type":"ImageObject","inLanguage":"es","@id":"https:\/\/garneloymunozabogados.com\/#\/schema\/person\/image\/","url":"https:\/\/secure.gravatar.com\/avatar\/031613ad7e6e67e4e0a3cd0715ec36ed?s=96&d=mm&r=g","contentUrl":"https:\/\/secure.gravatar.com\/avatar\/031613ad7e6e67e4e0a3cd0715ec36ed?s=96&d=mm&r=g","caption":"Garnelo &amp; Mu\u00f1oz Abogados"},"url":"https:\/\/garneloymunozabogados.com\/?author=1"}]}},"_links":{"self":[{"href":"https:\/\/garneloymunozabogados.com\/index.php?rest_route=\/wp\/v2\/posts\/3222"}],"collection":[{"href":"https:\/\/garneloymunozabogados.com\/index.php?rest_route=\/wp\/v2\/posts"}],"about":[{"href":"https:\/\/garneloymunozabogados.com\/index.php?rest_route=\/wp\/v2\/types\/post"}],"author":[{"embeddable":true,"href":"https:\/\/garneloymunozabogados.com\/index.php?rest_route=\/wp\/v2\/users\/1"}],"replies":[{"embeddable":true,"href":"https:\/\/garneloymunozabogados.com\/index.php?rest_route=%2Fwp%2Fv2%2Fcomments&post=3222"}],"version-history":[{"count":1,"href":"https:\/\/garneloymunozabogados.com\/index.php?rest_route=\/wp\/v2\/posts\/3222\/revisions"}],"predecessor-version":[{"id":3223,"href":"https:\/\/garneloymunozabogados.com\/index.php?rest_route=\/wp\/v2\/posts\/3222\/revisions\/3223"}],"wp:attachment":[{"href":"https:\/\/garneloymunozabogados.com\/index.php?rest_route=%2Fwp%2Fv2%2Fmedia&parent=3222"}],"wp:term":[{"taxonomy":"category","embeddable":true,"href":"https:\/\/garneloymunozabogados.com\/index.php?rest_route=%2Fwp%2Fv2%2Fcategories&post=3222"},{"taxonomy":"post_tag","embeddable":true,"href":"https:\/\/garneloymunozabogados.com\/index.php?rest_route=%2Fwp%2Fv2%2Ftags&post=3222"}],"curies":[{"name":"wp","href":"https:\/\/api.w.org\/{rel}","templated":true}]}}