{"id":3210,"date":"2024-01-31T11:22:12","date_gmt":"2024-01-31T11:22:12","guid":{"rendered":"https:\/\/garneloymunozabogados.com\/?p=3210"},"modified":"2024-01-31T11:22:15","modified_gmt":"2024-01-31T11:22:15","slug":"el-tribunal-supremo-condena-a-una-comunidad-de-propietarios-a-pagar-los-danos-por-las-filtraciones-en-la-cubierta-por-ser-elemento-comun","status":"publish","type":"post","link":"https:\/\/garneloymunozabogados.com\/?p=3210","title":{"rendered":"El Tribunal Supremo condena a una comunidad de propietarios a pagar los da\u00f1os por las filtraciones en la cubierta por ser elemento com\u00fan"},"content":{"rendered":"\n<p>La Sala Civil del Tribunal Supremo ha condenado a la comunidad de propietarios de un edificio a sufragar  el coste de la reparaci\u00f3n de la tela asf\u00e1ltica de aislamiento de la cubierta , que estaba originando filtraciones. Estima de esta forma el recurso del vecino propietario de la terraza donde se registr\u00f3 el problema y que realiz\u00f3 el arreglo a su costa ante la negativa de la comunidad a hacerlo. Ahora, la comunidad deber\u00e1 pagarle la suma gastada con intereses.<\/p>\n\n\n\n<p>En su sentencia, el alto tribunal analiza a qui\u00e9n corresponde la responsabilidad de abonar las reparaciones cuando se trata de terrazas de uso privativo de un vecino que son al mismo tiempo elemento com\u00fan por su car\u00e1cter estructural de cubierta.<\/p>\n\n\n\n<p>El tribunal se\u00f1ala que se debe determinar en cada caso la \u00edndole o la raz\u00f3n de la aver\u00eda, de modo que si de lo que se trata es de hacer reparaciones propias del mantenimiento de la terraza ser\u00e1 cuesti\u00f3n del propietario; pero si el defecto es estructural, si afecta a la propia configuraci\u00f3n de la terraza como elemento de la construcci\u00f3n, debe ser reparado a costa de los fondos comunes.<\/p>\n\n\n\n<p>Para el Supremo,&nbsp;las terrazas son elementos comunes por destino, lo que permite atribuir el uso privativo de las mismas a uno de los propietarios, pero \u201clo que no es posible, seg\u00fan nuestra jurisprudencia, es atribuir la propiedad exclusiva en favor de alg\u00fan propietario de las cubiertas de los edificios, que no pueden perder su naturaleza de elemento com\u00fan debido a la funci\u00f3n que cumplen en el \u00e1mbito de la propiedad horizontal, y ello pese a que la terraza situada en la \u00faltima planta del edificio se configure como privativa\u201d.<\/p>\n\n\n\n<p>Por ello, entiende que el hecho de que los da\u00f1os que se causaron se deban al mal estado de la tela asf\u00e1ltica, que asegura la impermeabilizaci\u00f3n del edificio, y que esta se encuentre situada bajo el suelo de la terraza que sirve de cubierta del edificio, determina su naturaleza com\u00fan al ser uno de los elementos esenciales de la comunidad de propietarios, por lo que su reparaci\u00f3n constituye una obligaci\u00f3n propia de la comunidad.<\/p>\n\n\n\n<p><\/p>\n\n\n\n<p><\/p>\n\n\n\n<p><\/p>\n","protected":false},"excerpt":{"rendered":"<p>La Sala Civil del Tribunal Supremo ha condenado a la comunidad de propietarios de un edificio a sufragar el coste de la reparaci\u00f3n de la tela asf\u00e1ltica de aislamiento de la cubierta , que estaba originando filtraciones. Estima de esta forma el recurso del vecino propietario de la terraza donde se registr\u00f3 el problema y que realiz\u00f3 el arreglo a su costa ante la negativa de la comunidad a hacerlo. Ahora, la comunidad deber\u00e1 pagarle la suma gastada con intereses. En su sentencia, el alto tribunal analiza a qui\u00e9n corresponde la responsabilidad de abonar las reparaciones cuando se trata de terrazas de uso privativo de un vecino que son al mismo tiempo elemento com\u00fan por su car\u00e1cter estructural de cubierta. El tribunal se\u00f1ala que se debe determinar en cada caso la \u00edndole o la raz\u00f3n de la aver\u00eda, de modo que si de lo que se trata es de hacer reparaciones propias del mantenimiento de la terraza ser\u00e1 cuesti\u00f3n del propietario; pero si el defecto es estructural, si afecta a la propia configuraci\u00f3n de la terraza como elemento de la construcci\u00f3n, debe ser reparado a costa de los fondos comunes. Para el Supremo,&nbsp;las terrazas son elementos comunes por destino, lo que permite atribuir el uso privativo de las mismas a uno de los propietarios, pero \u201clo que no es posible, seg\u00fan nuestra jurisprudencia, es atribuir la propiedad exclusiva en favor de alg\u00fan propietario de las cubiertas de los edificios, que no pueden perder su naturaleza de elemento com\u00fan debido a la funci\u00f3n que cumplen en el \u00e1mbito de la propiedad horizontal, y ello pese a que la terraza situada en la \u00faltima planta del edificio se configure como privativa\u201d. Por ello, entiende que el hecho de que los da\u00f1os que se causaron se deban al mal estado de la tela asf\u00e1ltica, que asegura la impermeabilizaci\u00f3n del edificio, y que esta se encuentre situada bajo el suelo de la terraza que sirve de cubierta del edificio, determina su naturaleza com\u00fan al ser uno de los elementos esenciales de la comunidad de propietarios, por lo que su reparaci\u00f3n constituye una obligaci\u00f3n propia de la comunidad.<\/p>\n","protected":false},"author":1,"featured_media":0,"comment_status":"open","ping_status":"open","sticky":false,"template":"","format":"standard","meta":{"footnotes":""},"categories":[1],"tags":[],"yoast_head":"<!-- This site is optimized with the Yoast SEO plugin v22.3 - https:\/\/yoast.com\/wordpress\/plugins\/seo\/ -->\n<title>El Tribunal Supremo condena a una comunidad de propietarios a pagar los da\u00f1os por las filtraciones en la cubierta por ser elemento com\u00fan &#8211;<\/title>\n<meta name=\"description\" content=\"El Tribunal Supremo condena a una comunidad de propietarios a pagar los da\u00f1os por las filtraciones en la cubierta por ser elemento com\u00fan\" \/>\n<meta name=\"robots\" content=\"index, follow, max-snippet:-1, max-image-preview:large, max-video-preview:-1\" \/>\n<link rel=\"canonical\" href=\"https:\/\/garneloymunozabogados.com\/?p=3210\" \/>\n<meta property=\"og:locale\" content=\"es_ES\" \/>\n<meta property=\"og:type\" content=\"article\" \/>\n<meta property=\"og:title\" content=\"El Tribunal Supremo condena a una comunidad de propietarios a pagar los da\u00f1os por las filtraciones en la cubierta por ser elemento com\u00fan &#8211;\" \/>\n<meta property=\"og:description\" content=\"El Tribunal Supremo condena a una comunidad de propietarios a pagar los da\u00f1os por las filtraciones en la cubierta por ser elemento com\u00fan\" \/>\n<meta property=\"og:url\" content=\"https:\/\/garneloymunozabogados.com\/?p=3210\" \/>\n<meta property=\"article:published_time\" content=\"2024-01-31T11:22:12+00:00\" \/>\n<meta property=\"article:modified_time\" content=\"2024-01-31T11:22:15+00:00\" \/>\n<meta name=\"author\" content=\"Garnelo &amp; Mu\u00f1oz Abogados\" \/>\n<meta name=\"twitter:card\" content=\"summary_large_image\" \/>\n<meta name=\"twitter:label1\" content=\"Escrito por\" \/>\n\t<meta name=\"twitter:data1\" content=\"Garnelo &amp; Mu\u00f1oz Abogados\" \/>\n\t<meta name=\"twitter:label2\" content=\"Tiempo de lectura\" \/>\n\t<meta name=\"twitter:data2\" content=\"2 minutos\" \/>\n<script type=\"application\/ld+json\" class=\"yoast-schema-graph\">{\"@context\":\"https:\/\/schema.org\",\"@graph\":[{\"@type\":\"WebPage\",\"@id\":\"https:\/\/garneloymunozabogados.com\/?p=3210\",\"url\":\"https:\/\/garneloymunozabogados.com\/?p=3210\",\"name\":\"El Tribunal Supremo condena a una comunidad de propietarios a pagar los da\u00f1os por las filtraciones en la cubierta por ser elemento com\u00fan &#8211;\",\"isPartOf\":{\"@id\":\"https:\/\/garneloymunozabogados.com\/#website\"},\"datePublished\":\"2024-01-31T11:22:12+00:00\",\"dateModified\":\"2024-01-31T11:22:15+00:00\",\"author\":{\"@id\":\"https:\/\/garneloymunozabogados.com\/#\/schema\/person\/1f23be8d68cd44ce56ab4c3a725e94f6\"},\"description\":\"El Tribunal Supremo condena a una comunidad de propietarios a pagar los da\u00f1os por las filtraciones en la cubierta por ser elemento com\u00fan\",\"breadcrumb\":{\"@id\":\"https:\/\/garneloymunozabogados.com\/?p=3210#breadcrumb\"},\"inLanguage\":\"es\",\"potentialAction\":[{\"@type\":\"ReadAction\",\"target\":[\"https:\/\/garneloymunozabogados.com\/?p=3210\"]}]},{\"@type\":\"BreadcrumbList\",\"@id\":\"https:\/\/garneloymunozabogados.com\/?p=3210#breadcrumb\",\"itemListElement\":[{\"@type\":\"ListItem\",\"position\":1,\"name\":\"Portada\",\"item\":\"https:\/\/garneloymunozabogados.com\/\"},{\"@type\":\"ListItem\",\"position\":2,\"name\":\"El Tribunal Supremo condena a una comunidad de propietarios a pagar los da\u00f1os por las filtraciones en la cubierta por ser elemento com\u00fan\"}]},{\"@type\":\"WebSite\",\"@id\":\"https:\/\/garneloymunozabogados.com\/#website\",\"url\":\"https:\/\/garneloymunozabogados.com\/\",\"name\":\"https:\/\/garneloymunozabogados.com\/\",\"description\":\"Despacho de abogados en Ponferrada\",\"alternateName\":\"gym-abogados\",\"potentialAction\":[{\"@type\":\"SearchAction\",\"target\":{\"@type\":\"EntryPoint\",\"urlTemplate\":\"https:\/\/garneloymunozabogados.com\/?s={search_term_string}\"},\"query-input\":\"required name=search_term_string\"}],\"inLanguage\":\"es\"},{\"@type\":\"Person\",\"@id\":\"https:\/\/garneloymunozabogados.com\/#\/schema\/person\/1f23be8d68cd44ce56ab4c3a725e94f6\",\"name\":\"Garnelo &amp; Mu\u00f1oz Abogados\",\"image\":{\"@type\":\"ImageObject\",\"inLanguage\":\"es\",\"@id\":\"https:\/\/garneloymunozabogados.com\/#\/schema\/person\/image\/\",\"url\":\"https:\/\/secure.gravatar.com\/avatar\/031613ad7e6e67e4e0a3cd0715ec36ed?s=96&d=mm&r=g\",\"contentUrl\":\"https:\/\/secure.gravatar.com\/avatar\/031613ad7e6e67e4e0a3cd0715ec36ed?s=96&d=mm&r=g\",\"caption\":\"Garnelo &amp; Mu\u00f1oz Abogados\"},\"url\":\"https:\/\/garneloymunozabogados.com\/?author=1\"}]}<\/script>\n<!-- \/ Yoast SEO plugin. -->","yoast_head_json":{"title":"El Tribunal Supremo condena a una comunidad de propietarios a pagar los da\u00f1os por las filtraciones en la cubierta por ser elemento com\u00fan &#8211;","description":"El Tribunal Supremo condena a una comunidad de propietarios a pagar los da\u00f1os por las filtraciones en la cubierta por ser elemento com\u00fan","robots":{"index":"index","follow":"follow","max-snippet":"max-snippet:-1","max-image-preview":"max-image-preview:large","max-video-preview":"max-video-preview:-1"},"canonical":"https:\/\/garneloymunozabogados.com\/?p=3210","og_locale":"es_ES","og_type":"article","og_title":"El Tribunal Supremo condena a una comunidad de propietarios a pagar los da\u00f1os por las filtraciones en la cubierta por ser elemento com\u00fan &#8211;","og_description":"El Tribunal Supremo condena a una comunidad de propietarios a pagar los da\u00f1os por las filtraciones en la cubierta por ser elemento com\u00fan","og_url":"https:\/\/garneloymunozabogados.com\/?p=3210","article_published_time":"2024-01-31T11:22:12+00:00","article_modified_time":"2024-01-31T11:22:15+00:00","author":"Garnelo &amp; Mu\u00f1oz Abogados","twitter_card":"summary_large_image","twitter_misc":{"Escrito por":"Garnelo &amp; Mu\u00f1oz Abogados","Tiempo de lectura":"2 minutos"},"schema":{"@context":"https:\/\/schema.org","@graph":[{"@type":"WebPage","@id":"https:\/\/garneloymunozabogados.com\/?p=3210","url":"https:\/\/garneloymunozabogados.com\/?p=3210","name":"El Tribunal Supremo condena a una comunidad de propietarios a pagar los da\u00f1os por las filtraciones en la cubierta por ser elemento com\u00fan &#8211;","isPartOf":{"@id":"https:\/\/garneloymunozabogados.com\/#website"},"datePublished":"2024-01-31T11:22:12+00:00","dateModified":"2024-01-31T11:22:15+00:00","author":{"@id":"https:\/\/garneloymunozabogados.com\/#\/schema\/person\/1f23be8d68cd44ce56ab4c3a725e94f6"},"description":"El Tribunal Supremo condena a una comunidad de propietarios a pagar los da\u00f1os por las filtraciones en la cubierta por ser elemento com\u00fan","breadcrumb":{"@id":"https:\/\/garneloymunozabogados.com\/?p=3210#breadcrumb"},"inLanguage":"es","potentialAction":[{"@type":"ReadAction","target":["https:\/\/garneloymunozabogados.com\/?p=3210"]}]},{"@type":"BreadcrumbList","@id":"https:\/\/garneloymunozabogados.com\/?p=3210#breadcrumb","itemListElement":[{"@type":"ListItem","position":1,"name":"Portada","item":"https:\/\/garneloymunozabogados.com\/"},{"@type":"ListItem","position":2,"name":"El Tribunal Supremo condena a una comunidad de propietarios a pagar los da\u00f1os por las filtraciones en la cubierta por ser elemento com\u00fan"}]},{"@type":"WebSite","@id":"https:\/\/garneloymunozabogados.com\/#website","url":"https:\/\/garneloymunozabogados.com\/","name":"https:\/\/garneloymunozabogados.com\/","description":"Despacho de abogados en Ponferrada","alternateName":"gym-abogados","potentialAction":[{"@type":"SearchAction","target":{"@type":"EntryPoint","urlTemplate":"https:\/\/garneloymunozabogados.com\/?s={search_term_string}"},"query-input":"required name=search_term_string"}],"inLanguage":"es"},{"@type":"Person","@id":"https:\/\/garneloymunozabogados.com\/#\/schema\/person\/1f23be8d68cd44ce56ab4c3a725e94f6","name":"Garnelo &amp; Mu\u00f1oz Abogados","image":{"@type":"ImageObject","inLanguage":"es","@id":"https:\/\/garneloymunozabogados.com\/#\/schema\/person\/image\/","url":"https:\/\/secure.gravatar.com\/avatar\/031613ad7e6e67e4e0a3cd0715ec36ed?s=96&d=mm&r=g","contentUrl":"https:\/\/secure.gravatar.com\/avatar\/031613ad7e6e67e4e0a3cd0715ec36ed?s=96&d=mm&r=g","caption":"Garnelo &amp; Mu\u00f1oz Abogados"},"url":"https:\/\/garneloymunozabogados.com\/?author=1"}]}},"_links":{"self":[{"href":"https:\/\/garneloymunozabogados.com\/index.php?rest_route=\/wp\/v2\/posts\/3210"}],"collection":[{"href":"https:\/\/garneloymunozabogados.com\/index.php?rest_route=\/wp\/v2\/posts"}],"about":[{"href":"https:\/\/garneloymunozabogados.com\/index.php?rest_route=\/wp\/v2\/types\/post"}],"author":[{"embeddable":true,"href":"https:\/\/garneloymunozabogados.com\/index.php?rest_route=\/wp\/v2\/users\/1"}],"replies":[{"embeddable":true,"href":"https:\/\/garneloymunozabogados.com\/index.php?rest_route=%2Fwp%2Fv2%2Fcomments&post=3210"}],"version-history":[{"count":1,"href":"https:\/\/garneloymunozabogados.com\/index.php?rest_route=\/wp\/v2\/posts\/3210\/revisions"}],"predecessor-version":[{"id":3211,"href":"https:\/\/garneloymunozabogados.com\/index.php?rest_route=\/wp\/v2\/posts\/3210\/revisions\/3211"}],"wp:attachment":[{"href":"https:\/\/garneloymunozabogados.com\/index.php?rest_route=%2Fwp%2Fv2%2Fmedia&parent=3210"}],"wp:term":[{"taxonomy":"category","embeddable":true,"href":"https:\/\/garneloymunozabogados.com\/index.php?rest_route=%2Fwp%2Fv2%2Fcategories&post=3210"},{"taxonomy":"post_tag","embeddable":true,"href":"https:\/\/garneloymunozabogados.com\/index.php?rest_route=%2Fwp%2Fv2%2Ftags&post=3210"}],"curies":[{"name":"wp","href":"https:\/\/api.w.org\/{rel}","templated":true}]}}