{"id":3187,"date":"2024-01-24T10:13:39","date_gmt":"2024-01-24T10:13:39","guid":{"rendered":"https:\/\/garneloymunozabogados.com\/?p=3187"},"modified":"2024-01-24T10:13:42","modified_gmt":"2024-01-24T10:13:42","slug":"el-tribunal-supremo-ampara-a-un-instituto-que-ante-un-contagio-de-covid-acordo-la-cuarentena-domiciliaria-de-los-alumnos-no-vacunados","status":"publish","type":"post","link":"https:\/\/garneloymunozabogados.com\/?p=3187","title":{"rendered":"El Tribunal Supremo ampara a un instituto que ante un contagio de Covid acord\u00f3 la cuarentena domiciliaria de los alumnos no vacunados"},"content":{"rendered":"\n<p>La Sala de lo Contencioso del Tribunal Supremo ha estimado el recurso que interpuso la Generalitat de Catalu\u00f1a contra una sentencia del TSJ de Catalu\u00f1a que consider\u00f3 que un instituto de Barcelona hab\u00eda vulnerado los derechos fundamentales de un alumno no vacunado al que ante un contagio por Covid se le impuso la cuarentena domiciliaria de 10 d\u00edas.&nbsp;<\/p>\n\n\n\n<p>La Sala responde a la cuesti\u00f3n de inter\u00e9s casacional diciendo que la libertad de circulaci\u00f3n que consagra el art\u00edculo 19 de la Constituci\u00f3n se ver\u00e1 afectada cuando la sentencia constate la falta de competencia del \u00f3rgano que adopte la medida impugnada. Con ello admite que ese vicio de legalidad ordinaria, por s\u00ed solo, pueda originar la vulneraci\u00f3n del derecho fundamental.\u00a0<\/p>\n\n\n\n<p>A partir de ah\u00ed, y en referencia al caso concreto, considera que no cabe apreciar vulneraci\u00f3n de derecho fundamental ni vicio de competencia, por dos consideraciones:\u00a0<\/p>\n\n\n\n<p>1\u00aa) Reconoci\u00f3 la competencia de las autoridades educativas para adoptar la medida que permit\u00eda al menor recibir sus clases desde casa y sin asistir al centro escolar. Las autoridades educativas del instituto realizaron \u201cuna reordenaci\u00f3n de la ense\u00f1anza ante la constataci\u00f3n de un caso de COVID-19 en una de sus aulas\u201d y con el objetivo de prevenir la salud de los alumnos. El tribunal explica que no puede quedar excluida la potestad de ordenaci\u00f3n de la ense\u00f1anza correspondiente a la direcci\u00f3n de un centro escolar en situaciones evidentes de riesgo para la salud de los alumnos de su centro educativo. Por eso, niega el vicio de competencia apreciado por la Sala del TSJ.&nbsp;<\/p>\n\n\n\n<p>2\u00aa) La medida adoptada, as\u00ed entendida, no representa una limitaci\u00f3n de la libertad personal del alumno ni de su libertad de circulaci\u00f3n, \u201cello por la sencilla raz\u00f3n de que nunca se le limit\u00f3 su posibilidad de movimientos, de deambular ni de salir a la calle; como tampoco se limit\u00f3 la posibilidad de recibir las clases al habilitarse un mecanismo alternativo eficaz y nunca cuestionado\u201d.<\/p>\n","protected":false},"excerpt":{"rendered":"<p>La Sala de lo Contencioso del Tribunal Supremo ha estimado el recurso que interpuso la Generalitat de Catalu\u00f1a contra una sentencia del TSJ de Catalu\u00f1a que consider\u00f3 que un instituto de Barcelona hab\u00eda vulnerado los derechos fundamentales de un alumno no vacunado al que ante un contagio por Covid se le impuso la cuarentena domiciliaria de 10 d\u00edas.&nbsp; La Sala responde a la cuesti\u00f3n de inter\u00e9s casacional diciendo que la libertad de circulaci\u00f3n que consagra el art\u00edculo 19 de la Constituci\u00f3n se ver\u00e1 afectada cuando la sentencia constate la falta de competencia del \u00f3rgano que adopte la medida impugnada. Con ello admite que ese vicio de legalidad ordinaria, por s\u00ed solo, pueda originar la vulneraci\u00f3n del derecho fundamental.\u00a0 A partir de ah\u00ed, y en referencia al caso concreto, considera que no cabe apreciar vulneraci\u00f3n de derecho fundamental ni vicio de competencia, por dos consideraciones:\u00a0 1\u00aa) Reconoci\u00f3 la competencia de las autoridades educativas para adoptar la medida que permit\u00eda al menor recibir sus clases desde casa y sin asistir al centro escolar. Las autoridades educativas del instituto realizaron \u201cuna reordenaci\u00f3n de la ense\u00f1anza ante la constataci\u00f3n de un caso de COVID-19 en una de sus aulas\u201d y con el objetivo de prevenir la salud de los alumnos. El tribunal explica que no puede quedar excluida la potestad de ordenaci\u00f3n de la ense\u00f1anza correspondiente a la direcci\u00f3n de un centro escolar en situaciones evidentes de riesgo para la salud de los alumnos de su centro educativo. Por eso, niega el vicio de competencia apreciado por la Sala del TSJ.&nbsp; 2\u00aa) La medida adoptada, as\u00ed entendida, no representa una limitaci\u00f3n de la libertad personal del alumno ni de su libertad de circulaci\u00f3n, \u201cello por la sencilla raz\u00f3n de que nunca se le limit\u00f3 su posibilidad de movimientos, de deambular ni de salir a la calle; como tampoco se limit\u00f3 la posibilidad de recibir las clases al habilitarse un mecanismo alternativo eficaz y nunca cuestionado\u201d.<\/p>\n","protected":false},"author":1,"featured_media":0,"comment_status":"open","ping_status":"open","sticky":false,"template":"","format":"standard","meta":{"footnotes":""},"categories":[1],"tags":[],"yoast_head":"<!-- This site is optimized with the Yoast SEO plugin v22.3 - https:\/\/yoast.com\/wordpress\/plugins\/seo\/ -->\n<title>El Tribunal Supremo ampara a un instituto que ante un contagio de Covid acord\u00f3 la cuarentena domiciliaria de los alumnos no vacunados &#8211;<\/title>\n<meta name=\"description\" content=\"El Tribunal Supremo ampara a un instituto que ante un contagio de Covid acord\u00f3 la cuarentena domiciliaria de los alumnos no vacunados\" \/>\n<meta name=\"robots\" content=\"index, follow, max-snippet:-1, max-image-preview:large, max-video-preview:-1\" \/>\n<link rel=\"canonical\" href=\"https:\/\/garneloymunozabogados.com\/?p=3187\" \/>\n<meta property=\"og:locale\" content=\"es_ES\" \/>\n<meta property=\"og:type\" content=\"article\" \/>\n<meta property=\"og:title\" content=\"El Tribunal Supremo ampara a un instituto que ante un contagio de Covid acord\u00f3 la cuarentena domiciliaria de los alumnos no vacunados &#8211;\" \/>\n<meta property=\"og:description\" content=\"El Tribunal Supremo ampara a un instituto que ante un contagio de Covid acord\u00f3 la cuarentena domiciliaria de los alumnos no vacunados\" \/>\n<meta property=\"og:url\" content=\"https:\/\/garneloymunozabogados.com\/?p=3187\" \/>\n<meta property=\"article:published_time\" content=\"2024-01-24T10:13:39+00:00\" \/>\n<meta property=\"article:modified_time\" content=\"2024-01-24T10:13:42+00:00\" \/>\n<meta name=\"author\" content=\"Garnelo &amp; Mu\u00f1oz Abogados\" \/>\n<meta name=\"twitter:card\" content=\"summary_large_image\" \/>\n<meta name=\"twitter:label1\" content=\"Escrito por\" \/>\n\t<meta name=\"twitter:data1\" content=\"Garnelo &amp; Mu\u00f1oz Abogados\" \/>\n\t<meta name=\"twitter:label2\" content=\"Tiempo de lectura\" \/>\n\t<meta name=\"twitter:data2\" content=\"2 minutos\" \/>\n<script type=\"application\/ld+json\" class=\"yoast-schema-graph\">{\"@context\":\"https:\/\/schema.org\",\"@graph\":[{\"@type\":\"WebPage\",\"@id\":\"https:\/\/garneloymunozabogados.com\/?p=3187\",\"url\":\"https:\/\/garneloymunozabogados.com\/?p=3187\",\"name\":\"El Tribunal Supremo ampara a un instituto que ante un contagio de Covid acord\u00f3 la cuarentena domiciliaria de los alumnos no vacunados &#8211;\",\"isPartOf\":{\"@id\":\"https:\/\/garneloymunozabogados.com\/#website\"},\"datePublished\":\"2024-01-24T10:13:39+00:00\",\"dateModified\":\"2024-01-24T10:13:42+00:00\",\"author\":{\"@id\":\"https:\/\/garneloymunozabogados.com\/#\/schema\/person\/1f23be8d68cd44ce56ab4c3a725e94f6\"},\"description\":\"El Tribunal Supremo ampara a un instituto que ante un contagio de Covid acord\u00f3 la cuarentena domiciliaria de los alumnos no vacunados\",\"breadcrumb\":{\"@id\":\"https:\/\/garneloymunozabogados.com\/?p=3187#breadcrumb\"},\"inLanguage\":\"es\",\"potentialAction\":[{\"@type\":\"ReadAction\",\"target\":[\"https:\/\/garneloymunozabogados.com\/?p=3187\"]}]},{\"@type\":\"BreadcrumbList\",\"@id\":\"https:\/\/garneloymunozabogados.com\/?p=3187#breadcrumb\",\"itemListElement\":[{\"@type\":\"ListItem\",\"position\":1,\"name\":\"Portada\",\"item\":\"https:\/\/garneloymunozabogados.com\/\"},{\"@type\":\"ListItem\",\"position\":2,\"name\":\"El Tribunal Supremo ampara a un instituto que ante un contagio de Covid acord\u00f3 la cuarentena domiciliaria de los alumnos no vacunados\"}]},{\"@type\":\"WebSite\",\"@id\":\"https:\/\/garneloymunozabogados.com\/#website\",\"url\":\"https:\/\/garneloymunozabogados.com\/\",\"name\":\"https:\/\/garneloymunozabogados.com\/\",\"description\":\"Despacho de abogados en Ponferrada\",\"alternateName\":\"gym-abogados\",\"potentialAction\":[{\"@type\":\"SearchAction\",\"target\":{\"@type\":\"EntryPoint\",\"urlTemplate\":\"https:\/\/garneloymunozabogados.com\/?s={search_term_string}\"},\"query-input\":\"required name=search_term_string\"}],\"inLanguage\":\"es\"},{\"@type\":\"Person\",\"@id\":\"https:\/\/garneloymunozabogados.com\/#\/schema\/person\/1f23be8d68cd44ce56ab4c3a725e94f6\",\"name\":\"Garnelo &amp; Mu\u00f1oz Abogados\",\"image\":{\"@type\":\"ImageObject\",\"inLanguage\":\"es\",\"@id\":\"https:\/\/garneloymunozabogados.com\/#\/schema\/person\/image\/\",\"url\":\"https:\/\/secure.gravatar.com\/avatar\/031613ad7e6e67e4e0a3cd0715ec36ed?s=96&d=mm&r=g\",\"contentUrl\":\"https:\/\/secure.gravatar.com\/avatar\/031613ad7e6e67e4e0a3cd0715ec36ed?s=96&d=mm&r=g\",\"caption\":\"Garnelo &amp; Mu\u00f1oz Abogados\"},\"url\":\"https:\/\/garneloymunozabogados.com\/?author=1\"}]}<\/script>\n<!-- \/ Yoast SEO plugin. -->","yoast_head_json":{"title":"El Tribunal Supremo ampara a un instituto que ante un contagio de Covid acord\u00f3 la cuarentena domiciliaria de los alumnos no vacunados &#8211;","description":"El Tribunal Supremo ampara a un instituto que ante un contagio de Covid acord\u00f3 la cuarentena domiciliaria de los alumnos no vacunados","robots":{"index":"index","follow":"follow","max-snippet":"max-snippet:-1","max-image-preview":"max-image-preview:large","max-video-preview":"max-video-preview:-1"},"canonical":"https:\/\/garneloymunozabogados.com\/?p=3187","og_locale":"es_ES","og_type":"article","og_title":"El Tribunal Supremo ampara a un instituto que ante un contagio de Covid acord\u00f3 la cuarentena domiciliaria de los alumnos no vacunados &#8211;","og_description":"El Tribunal Supremo ampara a un instituto que ante un contagio de Covid acord\u00f3 la cuarentena domiciliaria de los alumnos no vacunados","og_url":"https:\/\/garneloymunozabogados.com\/?p=3187","article_published_time":"2024-01-24T10:13:39+00:00","article_modified_time":"2024-01-24T10:13:42+00:00","author":"Garnelo &amp; Mu\u00f1oz Abogados","twitter_card":"summary_large_image","twitter_misc":{"Escrito por":"Garnelo &amp; Mu\u00f1oz Abogados","Tiempo de lectura":"2 minutos"},"schema":{"@context":"https:\/\/schema.org","@graph":[{"@type":"WebPage","@id":"https:\/\/garneloymunozabogados.com\/?p=3187","url":"https:\/\/garneloymunozabogados.com\/?p=3187","name":"El Tribunal Supremo ampara a un instituto que ante un contagio de Covid acord\u00f3 la cuarentena domiciliaria de los alumnos no vacunados &#8211;","isPartOf":{"@id":"https:\/\/garneloymunozabogados.com\/#website"},"datePublished":"2024-01-24T10:13:39+00:00","dateModified":"2024-01-24T10:13:42+00:00","author":{"@id":"https:\/\/garneloymunozabogados.com\/#\/schema\/person\/1f23be8d68cd44ce56ab4c3a725e94f6"},"description":"El Tribunal Supremo ampara a un instituto que ante un contagio de Covid acord\u00f3 la cuarentena domiciliaria de los alumnos no vacunados","breadcrumb":{"@id":"https:\/\/garneloymunozabogados.com\/?p=3187#breadcrumb"},"inLanguage":"es","potentialAction":[{"@type":"ReadAction","target":["https:\/\/garneloymunozabogados.com\/?p=3187"]}]},{"@type":"BreadcrumbList","@id":"https:\/\/garneloymunozabogados.com\/?p=3187#breadcrumb","itemListElement":[{"@type":"ListItem","position":1,"name":"Portada","item":"https:\/\/garneloymunozabogados.com\/"},{"@type":"ListItem","position":2,"name":"El Tribunal Supremo ampara a un instituto que ante un contagio de Covid acord\u00f3 la cuarentena domiciliaria de los alumnos no vacunados"}]},{"@type":"WebSite","@id":"https:\/\/garneloymunozabogados.com\/#website","url":"https:\/\/garneloymunozabogados.com\/","name":"https:\/\/garneloymunozabogados.com\/","description":"Despacho de abogados en Ponferrada","alternateName":"gym-abogados","potentialAction":[{"@type":"SearchAction","target":{"@type":"EntryPoint","urlTemplate":"https:\/\/garneloymunozabogados.com\/?s={search_term_string}"},"query-input":"required name=search_term_string"}],"inLanguage":"es"},{"@type":"Person","@id":"https:\/\/garneloymunozabogados.com\/#\/schema\/person\/1f23be8d68cd44ce56ab4c3a725e94f6","name":"Garnelo &amp; Mu\u00f1oz Abogados","image":{"@type":"ImageObject","inLanguage":"es","@id":"https:\/\/garneloymunozabogados.com\/#\/schema\/person\/image\/","url":"https:\/\/secure.gravatar.com\/avatar\/031613ad7e6e67e4e0a3cd0715ec36ed?s=96&d=mm&r=g","contentUrl":"https:\/\/secure.gravatar.com\/avatar\/031613ad7e6e67e4e0a3cd0715ec36ed?s=96&d=mm&r=g","caption":"Garnelo &amp; Mu\u00f1oz Abogados"},"url":"https:\/\/garneloymunozabogados.com\/?author=1"}]}},"_links":{"self":[{"href":"https:\/\/garneloymunozabogados.com\/index.php?rest_route=\/wp\/v2\/posts\/3187"}],"collection":[{"href":"https:\/\/garneloymunozabogados.com\/index.php?rest_route=\/wp\/v2\/posts"}],"about":[{"href":"https:\/\/garneloymunozabogados.com\/index.php?rest_route=\/wp\/v2\/types\/post"}],"author":[{"embeddable":true,"href":"https:\/\/garneloymunozabogados.com\/index.php?rest_route=\/wp\/v2\/users\/1"}],"replies":[{"embeddable":true,"href":"https:\/\/garneloymunozabogados.com\/index.php?rest_route=%2Fwp%2Fv2%2Fcomments&post=3187"}],"version-history":[{"count":1,"href":"https:\/\/garneloymunozabogados.com\/index.php?rest_route=\/wp\/v2\/posts\/3187\/revisions"}],"predecessor-version":[{"id":3188,"href":"https:\/\/garneloymunozabogados.com\/index.php?rest_route=\/wp\/v2\/posts\/3187\/revisions\/3188"}],"wp:attachment":[{"href":"https:\/\/garneloymunozabogados.com\/index.php?rest_route=%2Fwp%2Fv2%2Fmedia&parent=3187"}],"wp:term":[{"taxonomy":"category","embeddable":true,"href":"https:\/\/garneloymunozabogados.com\/index.php?rest_route=%2Fwp%2Fv2%2Fcategories&post=3187"},{"taxonomy":"post_tag","embeddable":true,"href":"https:\/\/garneloymunozabogados.com\/index.php?rest_route=%2Fwp%2Fv2%2Ftags&post=3187"}],"curies":[{"name":"wp","href":"https:\/\/api.w.org\/{rel}","templated":true}]}}