{"id":3184,"date":"2024-01-22T12:28:48","date_gmt":"2024-01-22T12:28:48","guid":{"rendered":"https:\/\/garneloymunozabogados.com\/?p=3184"},"modified":"2024-01-22T12:28:50","modified_gmt":"2024-01-22T12:28:50","slug":"el-tribunal-supremo-extiende-la-deduccion-por-maternidad-en-el-irpf-a-los-gastos-de-custodia-en-guarderia","status":"publish","type":"post","link":"https:\/\/garneloymunozabogados.com\/?p=3184","title":{"rendered":"El Tribunal Supremo extiende la deducci\u00f3n por maternidad en el IRPF a los gastos de custodia en guarder\u00eda"},"content":{"rendered":"\n<p>La Secci\u00f3n Segunda de la Sala Tercera del Tribunal Supremo ha resuelto uno de los aspectos m\u00e1s controvertidos del derecho a la deducci\u00f3n fiscal por maternidad prevista en la ley del Impuesto sobre la Renta de las Personas F\u00edsicas, el de la extensi\u00f3n de la deducci\u00f3n a los gastos de custodia de menores de tres a\u00f1os en guarder\u00edas.&nbsp;<\/p>\n\n\n\n<p>En la sentencia 7\/2024, de 8 de enero de 2024 (recurso de casaci\u00f3n 2779\/2022) el Tribunal Supremo ha anulado la decisi\u00f3n de la Agencia Estatal de la Administraci\u00f3n tributaria (AEAT), que deneg\u00f3 a una madre trabajadora el derecho al incremento de la deducci\u00f3n de maternidad hasta en mil euros adicionales en el IRPF, por los gastos de custodia en guarder\u00eda de sus hijos menores de tres a\u00f1os.\u00a0<\/p>\n\n\n\n<p>El criterio de la Administraci\u00f3n tributaria es que tan solo son deducibles los gastos de custodia abonados a guarder\u00edas que cuenten, adem\u00e1s de los permisos de funcionamiento propios de esta actividad, con una autorizaci\u00f3n como centro educativo otorgada por la Administraci\u00f3n educativa competente. Este criterio, que se ha venido aplicando por la AEAT con car\u00e1cter general desde la introducci\u00f3n de esta deducci\u00f3n en la ley del IRPF en el a\u00f1o 2018, se basa en una interpretaci\u00f3n del Reglamento de la Ley del Impuesto sobre la Renta de las Personas F\u00edsicas que limita la obligaci\u00f3n de emitir informaci\u00f3n fiscal para la deducci\u00f3n a los centros que cuenten con autorizaci\u00f3n de la administraci\u00f3n educativa competente. Como las guarder\u00edas no disponen, por lo general, de este tipo de autorizaci\u00f3n para impartir educaci\u00f3n infantil, no pueden emitir la informaci\u00f3n fiscal correspondiente, y la Administraci\u00f3n tributaria no admite que los gastos abonados a las guarder\u00edas se computen para obtener la deducci\u00f3n fiscal.\u00a0<\/p>\n\n\n\n<p>El Tribunal Supremo considera que al aplicar este criterio, Hacienda impone un requisito no establecido en la ley del&nbsp; IRPF, que restringe las opciones de las madres trabajadoras para poder disfrutar de esta deducci\u00f3n, y concluye que los gastos de custodia ser\u00e1n deducibles, dentro de los l\u00edmites legales, tanto si se abonan a guarder\u00edas como a centros de educaci\u00f3n infantil ya que la ley \u201cen modo alguno condiciona los requisitos del centro en que las madres trabajadores decidan contratar los servicios de custodia\u201d en el sentido pretendido por la AEAT. La sentencia advierte que, en todo caso, \u201clas guarder\u00edas deber\u00e1n estar debidamente autorizadas, al igual que los centros de educaci\u00f3n infantil \u201cpara la apertura y funcionamiento de la actividad de custodia de menores, incluida la asistencia, cuidado y alimentaci\u00f3n, pero que no resulta exigible legalmente que las guarder\u00edas en que las contribuyentes haya contratado estos servicios de custodia dispongan de autorizaci\u00f3n como centro educativo infantil.&nbsp;<\/p>\n\n\n\n<p>Con esta sentencia, y otra de la misma fecha en la que se rechaza un recurso de casaci\u00f3n interpuesto por la Administraci\u00f3n tributaria (recurso de casaci\u00f3n 4995\/2023), el Tribunal Supremo unifica el criterio de los juzgados y tribunales y corrige la interpretaci\u00f3n restrictiva de la deducci\u00f3n aplicada por la Administraci\u00f3n.<\/p>\n","protected":false},"excerpt":{"rendered":"<p>La Secci\u00f3n Segunda de la Sala Tercera del Tribunal Supremo ha resuelto uno de los aspectos m\u00e1s controvertidos del derecho a la deducci\u00f3n fiscal por maternidad prevista en la ley del Impuesto sobre la Renta de las Personas F\u00edsicas, el de la extensi\u00f3n de la deducci\u00f3n a los gastos de custodia de menores de tres a\u00f1os en guarder\u00edas.&nbsp; En la sentencia 7\/2024, de 8 de enero de 2024 (recurso de casaci\u00f3n 2779\/2022) el Tribunal Supremo ha anulado la decisi\u00f3n de la Agencia Estatal de la Administraci\u00f3n tributaria (AEAT), que deneg\u00f3 a una madre trabajadora el derecho al incremento de la deducci\u00f3n de maternidad hasta en mil euros adicionales en el IRPF, por los gastos de custodia en guarder\u00eda de sus hijos menores de tres a\u00f1os.\u00a0 El criterio de la Administraci\u00f3n tributaria es que tan solo son deducibles los gastos de custodia abonados a guarder\u00edas que cuenten, adem\u00e1s de los permisos de funcionamiento propios de esta actividad, con una autorizaci\u00f3n como centro educativo otorgada por la Administraci\u00f3n educativa competente. Este criterio, que se ha venido aplicando por la AEAT con car\u00e1cter general desde la introducci\u00f3n de esta deducci\u00f3n en la ley del IRPF en el a\u00f1o 2018, se basa en una interpretaci\u00f3n del Reglamento de la Ley del Impuesto sobre la Renta de las Personas F\u00edsicas que limita la obligaci\u00f3n de emitir informaci\u00f3n fiscal para la deducci\u00f3n a los centros que cuenten con autorizaci\u00f3n de la administraci\u00f3n educativa competente. Como las guarder\u00edas no disponen, por lo general, de este tipo de autorizaci\u00f3n para impartir educaci\u00f3n infantil, no pueden emitir la informaci\u00f3n fiscal correspondiente, y la Administraci\u00f3n tributaria no admite que los gastos abonados a las guarder\u00edas se computen para obtener la deducci\u00f3n fiscal.\u00a0 El Tribunal Supremo considera que al aplicar este criterio, Hacienda impone un requisito no establecido en la ley del&nbsp; IRPF, que restringe las opciones de las madres trabajadoras para poder disfrutar de esta deducci\u00f3n, y concluye que los gastos de custodia ser\u00e1n deducibles, dentro de los l\u00edmites legales, tanto si se abonan a guarder\u00edas como a centros de educaci\u00f3n infantil ya que la ley \u201cen modo alguno condiciona los requisitos del centro en que las madres trabajadores decidan contratar los servicios de custodia\u201d en el sentido pretendido por la AEAT. La sentencia advierte que, en todo caso, \u201clas guarder\u00edas deber\u00e1n estar debidamente autorizadas, al igual que los centros de educaci\u00f3n infantil \u201cpara la apertura y funcionamiento de la actividad de custodia de menores, incluida la asistencia, cuidado y alimentaci\u00f3n, pero que no resulta exigible legalmente que las guarder\u00edas en que las contribuyentes haya contratado estos servicios de custodia dispongan de autorizaci\u00f3n como centro educativo infantil.&nbsp; Con esta sentencia, y otra de la misma fecha en la que se rechaza un recurso de casaci\u00f3n interpuesto por la Administraci\u00f3n tributaria (recurso de casaci\u00f3n 4995\/2023), el Tribunal Supremo unifica el criterio de los juzgados y tribunales y corrige la interpretaci\u00f3n restrictiva de la deducci\u00f3n aplicada por la Administraci\u00f3n.<\/p>\n","protected":false},"author":1,"featured_media":0,"comment_status":"open","ping_status":"open","sticky":false,"template":"","format":"standard","meta":{"footnotes":""},"categories":[1],"tags":[],"yoast_head":"<!-- This site is optimized with the Yoast SEO plugin v22.3 - https:\/\/yoast.com\/wordpress\/plugins\/seo\/ -->\n<title>El Tribunal Supremo extiende la deducci\u00f3n por maternidad en el IRPF a los gastos de custodia en guarder\u00eda &#8211;<\/title>\n<meta name=\"description\" content=\"El Tribunal Supremo extiende la deducci\u00f3n por maternidad en el IRPF a los gastos de custodia en guarder\u00eda\" \/>\n<meta name=\"robots\" content=\"index, follow, max-snippet:-1, max-image-preview:large, max-video-preview:-1\" \/>\n<link rel=\"canonical\" href=\"https:\/\/garneloymunozabogados.com\/?p=3184\" \/>\n<meta property=\"og:locale\" content=\"es_ES\" \/>\n<meta property=\"og:type\" content=\"article\" \/>\n<meta property=\"og:title\" content=\"El Tribunal Supremo extiende la deducci\u00f3n por maternidad en el IRPF a los gastos de custodia en guarder\u00eda &#8211;\" \/>\n<meta property=\"og:description\" content=\"El Tribunal Supremo extiende la deducci\u00f3n por maternidad en el IRPF a los gastos de custodia en guarder\u00eda\" \/>\n<meta property=\"og:url\" content=\"https:\/\/garneloymunozabogados.com\/?p=3184\" \/>\n<meta property=\"article:published_time\" content=\"2024-01-22T12:28:48+00:00\" \/>\n<meta property=\"article:modified_time\" content=\"2024-01-22T12:28:50+00:00\" \/>\n<meta name=\"author\" content=\"Garnelo &amp; Mu\u00f1oz Abogados\" \/>\n<meta name=\"twitter:card\" content=\"summary_large_image\" \/>\n<meta name=\"twitter:label1\" content=\"Escrito por\" \/>\n\t<meta name=\"twitter:data1\" content=\"Garnelo &amp; Mu\u00f1oz Abogados\" \/>\n\t<meta name=\"twitter:label2\" content=\"Tiempo de lectura\" \/>\n\t<meta name=\"twitter:data2\" content=\"3 minutos\" \/>\n<script type=\"application\/ld+json\" class=\"yoast-schema-graph\">{\"@context\":\"https:\/\/schema.org\",\"@graph\":[{\"@type\":\"WebPage\",\"@id\":\"https:\/\/garneloymunozabogados.com\/?p=3184\",\"url\":\"https:\/\/garneloymunozabogados.com\/?p=3184\",\"name\":\"El Tribunal Supremo extiende la deducci\u00f3n por maternidad en el IRPF a los gastos de custodia en guarder\u00eda &#8211;\",\"isPartOf\":{\"@id\":\"https:\/\/garneloymunozabogados.com\/#website\"},\"datePublished\":\"2024-01-22T12:28:48+00:00\",\"dateModified\":\"2024-01-22T12:28:50+00:00\",\"author\":{\"@id\":\"https:\/\/garneloymunozabogados.com\/#\/schema\/person\/1f23be8d68cd44ce56ab4c3a725e94f6\"},\"description\":\"El Tribunal Supremo extiende la deducci\u00f3n por maternidad en el IRPF a los gastos de custodia en guarder\u00eda\",\"breadcrumb\":{\"@id\":\"https:\/\/garneloymunozabogados.com\/?p=3184#breadcrumb\"},\"inLanguage\":\"es\",\"potentialAction\":[{\"@type\":\"ReadAction\",\"target\":[\"https:\/\/garneloymunozabogados.com\/?p=3184\"]}]},{\"@type\":\"BreadcrumbList\",\"@id\":\"https:\/\/garneloymunozabogados.com\/?p=3184#breadcrumb\",\"itemListElement\":[{\"@type\":\"ListItem\",\"position\":1,\"name\":\"Portada\",\"item\":\"https:\/\/garneloymunozabogados.com\/\"},{\"@type\":\"ListItem\",\"position\":2,\"name\":\"El Tribunal Supremo extiende la deducci\u00f3n por maternidad en el IRPF a los gastos de custodia en guarder\u00eda\"}]},{\"@type\":\"WebSite\",\"@id\":\"https:\/\/garneloymunozabogados.com\/#website\",\"url\":\"https:\/\/garneloymunozabogados.com\/\",\"name\":\"https:\/\/garneloymunozabogados.com\/\",\"description\":\"Despacho de abogados en Ponferrada\",\"alternateName\":\"gym-abogados\",\"potentialAction\":[{\"@type\":\"SearchAction\",\"target\":{\"@type\":\"EntryPoint\",\"urlTemplate\":\"https:\/\/garneloymunozabogados.com\/?s={search_term_string}\"},\"query-input\":\"required name=search_term_string\"}],\"inLanguage\":\"es\"},{\"@type\":\"Person\",\"@id\":\"https:\/\/garneloymunozabogados.com\/#\/schema\/person\/1f23be8d68cd44ce56ab4c3a725e94f6\",\"name\":\"Garnelo &amp; Mu\u00f1oz Abogados\",\"image\":{\"@type\":\"ImageObject\",\"inLanguage\":\"es\",\"@id\":\"https:\/\/garneloymunozabogados.com\/#\/schema\/person\/image\/\",\"url\":\"https:\/\/secure.gravatar.com\/avatar\/031613ad7e6e67e4e0a3cd0715ec36ed?s=96&d=mm&r=g\",\"contentUrl\":\"https:\/\/secure.gravatar.com\/avatar\/031613ad7e6e67e4e0a3cd0715ec36ed?s=96&d=mm&r=g\",\"caption\":\"Garnelo &amp; Mu\u00f1oz Abogados\"},\"url\":\"https:\/\/garneloymunozabogados.com\/?author=1\"}]}<\/script>\n<!-- \/ Yoast SEO plugin. -->","yoast_head_json":{"title":"El Tribunal Supremo extiende la deducci\u00f3n por maternidad en el IRPF a los gastos de custodia en guarder\u00eda &#8211;","description":"El Tribunal Supremo extiende la deducci\u00f3n por maternidad en el IRPF a los gastos de custodia en guarder\u00eda","robots":{"index":"index","follow":"follow","max-snippet":"max-snippet:-1","max-image-preview":"max-image-preview:large","max-video-preview":"max-video-preview:-1"},"canonical":"https:\/\/garneloymunozabogados.com\/?p=3184","og_locale":"es_ES","og_type":"article","og_title":"El Tribunal Supremo extiende la deducci\u00f3n por maternidad en el IRPF a los gastos de custodia en guarder\u00eda &#8211;","og_description":"El Tribunal Supremo extiende la deducci\u00f3n por maternidad en el IRPF a los gastos de custodia en guarder\u00eda","og_url":"https:\/\/garneloymunozabogados.com\/?p=3184","article_published_time":"2024-01-22T12:28:48+00:00","article_modified_time":"2024-01-22T12:28:50+00:00","author":"Garnelo &amp; Mu\u00f1oz Abogados","twitter_card":"summary_large_image","twitter_misc":{"Escrito por":"Garnelo &amp; Mu\u00f1oz Abogados","Tiempo de lectura":"3 minutos"},"schema":{"@context":"https:\/\/schema.org","@graph":[{"@type":"WebPage","@id":"https:\/\/garneloymunozabogados.com\/?p=3184","url":"https:\/\/garneloymunozabogados.com\/?p=3184","name":"El Tribunal Supremo extiende la deducci\u00f3n por maternidad en el IRPF a los gastos de custodia en guarder\u00eda &#8211;","isPartOf":{"@id":"https:\/\/garneloymunozabogados.com\/#website"},"datePublished":"2024-01-22T12:28:48+00:00","dateModified":"2024-01-22T12:28:50+00:00","author":{"@id":"https:\/\/garneloymunozabogados.com\/#\/schema\/person\/1f23be8d68cd44ce56ab4c3a725e94f6"},"description":"El Tribunal Supremo extiende la deducci\u00f3n por maternidad en el IRPF a los gastos de custodia en guarder\u00eda","breadcrumb":{"@id":"https:\/\/garneloymunozabogados.com\/?p=3184#breadcrumb"},"inLanguage":"es","potentialAction":[{"@type":"ReadAction","target":["https:\/\/garneloymunozabogados.com\/?p=3184"]}]},{"@type":"BreadcrumbList","@id":"https:\/\/garneloymunozabogados.com\/?p=3184#breadcrumb","itemListElement":[{"@type":"ListItem","position":1,"name":"Portada","item":"https:\/\/garneloymunozabogados.com\/"},{"@type":"ListItem","position":2,"name":"El Tribunal Supremo extiende la deducci\u00f3n por maternidad en el IRPF a los gastos de custodia en guarder\u00eda"}]},{"@type":"WebSite","@id":"https:\/\/garneloymunozabogados.com\/#website","url":"https:\/\/garneloymunozabogados.com\/","name":"https:\/\/garneloymunozabogados.com\/","description":"Despacho de abogados en Ponferrada","alternateName":"gym-abogados","potentialAction":[{"@type":"SearchAction","target":{"@type":"EntryPoint","urlTemplate":"https:\/\/garneloymunozabogados.com\/?s={search_term_string}"},"query-input":"required name=search_term_string"}],"inLanguage":"es"},{"@type":"Person","@id":"https:\/\/garneloymunozabogados.com\/#\/schema\/person\/1f23be8d68cd44ce56ab4c3a725e94f6","name":"Garnelo &amp; Mu\u00f1oz Abogados","image":{"@type":"ImageObject","inLanguage":"es","@id":"https:\/\/garneloymunozabogados.com\/#\/schema\/person\/image\/","url":"https:\/\/secure.gravatar.com\/avatar\/031613ad7e6e67e4e0a3cd0715ec36ed?s=96&d=mm&r=g","contentUrl":"https:\/\/secure.gravatar.com\/avatar\/031613ad7e6e67e4e0a3cd0715ec36ed?s=96&d=mm&r=g","caption":"Garnelo &amp; Mu\u00f1oz Abogados"},"url":"https:\/\/garneloymunozabogados.com\/?author=1"}]}},"_links":{"self":[{"href":"https:\/\/garneloymunozabogados.com\/index.php?rest_route=\/wp\/v2\/posts\/3184"}],"collection":[{"href":"https:\/\/garneloymunozabogados.com\/index.php?rest_route=\/wp\/v2\/posts"}],"about":[{"href":"https:\/\/garneloymunozabogados.com\/index.php?rest_route=\/wp\/v2\/types\/post"}],"author":[{"embeddable":true,"href":"https:\/\/garneloymunozabogados.com\/index.php?rest_route=\/wp\/v2\/users\/1"}],"replies":[{"embeddable":true,"href":"https:\/\/garneloymunozabogados.com\/index.php?rest_route=%2Fwp%2Fv2%2Fcomments&post=3184"}],"version-history":[{"count":1,"href":"https:\/\/garneloymunozabogados.com\/index.php?rest_route=\/wp\/v2\/posts\/3184\/revisions"}],"predecessor-version":[{"id":3185,"href":"https:\/\/garneloymunozabogados.com\/index.php?rest_route=\/wp\/v2\/posts\/3184\/revisions\/3185"}],"wp:attachment":[{"href":"https:\/\/garneloymunozabogados.com\/index.php?rest_route=%2Fwp%2Fv2%2Fmedia&parent=3184"}],"wp:term":[{"taxonomy":"category","embeddable":true,"href":"https:\/\/garneloymunozabogados.com\/index.php?rest_route=%2Fwp%2Fv2%2Fcategories&post=3184"},{"taxonomy":"post_tag","embeddable":true,"href":"https:\/\/garneloymunozabogados.com\/index.php?rest_route=%2Fwp%2Fv2%2Ftags&post=3184"}],"curies":[{"name":"wp","href":"https:\/\/api.w.org\/{rel}","templated":true}]}}