{"id":3171,"date":"2024-01-08T08:53:45","date_gmt":"2024-01-08T08:53:45","guid":{"rendered":"https:\/\/garneloymunozabogados.com\/?p=3171"},"modified":"2024-01-08T08:53:47","modified_gmt":"2024-01-08T08:53:47","slug":"el-tribunal-supremo-avala-el-veto-de-los-apartamentos-turisticos-en-las-comunidades-de-vecinos-que-prohiben-el-uso-de-actividades-economicas","status":"publish","type":"post","link":"https:\/\/garneloymunozabogados.com\/?p=3171","title":{"rendered":"El Tribunal Supremo avala el veto de los \u2018apartamentos tur\u00edsticos\u2019 en las comunidades de vecinos que proh\u00edben el uso de actividades econ\u00f3micas"},"content":{"rendered":"\n<p>El Tribunal aclara que en ninguno de los casos examinados se trata de aplicar la nueva regulaci\u00f3n de la Ley de Propiedad Horizontal que dispone que el acuerdo por el que se limite o condicione el ejercicio de esta actividad requerir\u00e1 el voto favorable de las tres quintas partes del total de los propietarios, sino de determinar si en los estatutos comunitarios existe una prohibici\u00f3n de destinar los pisos al uso tur\u00edstico.\u00a0<\/p>\n\n\n\n<p>En el primer asunto la Sala da la raz\u00f3n a la comunidad de propietarios y ordena el cese de la actividad de alquiler tur\u00edstico que se desarrolla por entender que si se aplican los estatutos sociales  resulta que concurre una prohibici\u00f3n estatutaria, cuya validez no se discute, conforme a la cual en las viviendas no podr\u00e1n ejercerse actividades profesionales, empresariales, mercantiles o comerciales de ning\u00fan tipo; reserv\u00e1ndose su uso al de car\u00e1cter exclusivamente residencial.\u00a0<\/p>\n\n\n\n<p>Para la Sala, la actividad desplegada tiene \u201cnaturaleza empresarial y comercial, prestada por una sociedad mercantil, y, por ello, entiende que existe una prohibici\u00f3n estatutaria inscrita, que vedaba el destino de los referidos inmuebles como viviendas de uso tur\u00edstico.\u00a0<\/p>\n\n\n\n<p>A la misma conclusi\u00f3n llega el Tribunal en el segundo asunto resuelto respecto de algunos propietarios de viviendas que demandaron a su comunidad con el fin de que se anulara la prohibici\u00f3n recogida en las normas del edificio por la promotora, e incluidas en los contratos de compraventa de viviendas, que establec\u00eda que quedaba terminantemente prohibida la realizaci\u00f3n de actividad econ\u00f3mica alguna salvo que la propia subcomunidad del portal lo autorizara por unanimidad.\u00a0<\/p>\n\n\n\n<p>La Sala subraya \u201cla condici\u00f3n de actividad econ\u00f3mica de la actividad de alquiler de las viviendas que se ofrezcan o comercialicen como alojamiento por motivos tur\u00edsticos o vacacionales, y que son cedidas temporalmente por la persona propietaria, explotadora o gestora y comercializadas directamente por ella misma o indirectamente, a terceros, de forma reiterada o habitual y a cambio de contraprestaci\u00f3n econ\u00f3mica\u201d.\u00a0Y a\u00f1ade que \u201cel que el desempe\u00f1o de esa actividad comporte una serie de requisitos y condiciones, incluidos los de funcionamiento, implica la prestaci\u00f3n de una serie de servicios y la asunci\u00f3n de determinados deberes inherentes a la comercializaci\u00f3n de las viviendas para uso tur\u00edstico que determinan que la actividad y la prestaci\u00f3n del servicio tur\u00edstico se desarrolle en la propia vivienda\u201d.\u00a0<\/p>\n\n\n\n<p>El Tribunal concluye que esta interpretaci\u00f3n es conforme con la jurisprudencia de la Sala acerca de que \u201clas limitaciones tienen que ser claras, precisas y expresas porque la inclusi\u00f3n de la actividad tur\u00edstica en la prohibici\u00f3n estatutaria es perfectamente coherente con su letra y esp\u00edritu, que no es otra que prohibir que en las viviendas se ejercite una actividad econ\u00f3mica con un car\u00e1cter comercial, profesional o empresarial como sucede con los apartamentos tur\u00edsticos\u201d.<\/p>\n","protected":false},"excerpt":{"rendered":"<p>El Tribunal aclara que en ninguno de los casos examinados se trata de aplicar la nueva regulaci\u00f3n de la Ley de Propiedad Horizontal que dispone que el acuerdo por el que se limite o condicione el ejercicio de esta actividad requerir\u00e1 el voto favorable de las tres quintas partes del total de los propietarios, sino de determinar si en los estatutos comunitarios existe una prohibici\u00f3n de destinar los pisos al uso tur\u00edstico.\u00a0 En el primer asunto la Sala da la raz\u00f3n a la comunidad de propietarios y ordena el cese de la actividad de alquiler tur\u00edstico que se desarrolla por entender que si se aplican los estatutos sociales resulta que concurre una prohibici\u00f3n estatutaria, cuya validez no se discute, conforme a la cual en las viviendas no podr\u00e1n ejercerse actividades profesionales, empresariales, mercantiles o comerciales de ning\u00fan tipo; reserv\u00e1ndose su uso al de car\u00e1cter exclusivamente residencial.\u00a0 Para la Sala, la actividad desplegada tiene \u201cnaturaleza empresarial y comercial, prestada por una sociedad mercantil, y, por ello, entiende que existe una prohibici\u00f3n estatutaria inscrita, que vedaba el destino de los referidos inmuebles como viviendas de uso tur\u00edstico.\u00a0 A la misma conclusi\u00f3n llega el Tribunal en el segundo asunto resuelto respecto de algunos propietarios de viviendas que demandaron a su comunidad con el fin de que se anulara la prohibici\u00f3n recogida en las normas del edificio por la promotora, e incluidas en los contratos de compraventa de viviendas, que establec\u00eda que quedaba terminantemente prohibida la realizaci\u00f3n de actividad econ\u00f3mica alguna salvo que la propia subcomunidad del portal lo autorizara por unanimidad.\u00a0 La Sala subraya \u201cla condici\u00f3n de actividad econ\u00f3mica de la actividad de alquiler de las viviendas que se ofrezcan o comercialicen como alojamiento por motivos tur\u00edsticos o vacacionales, y que son cedidas temporalmente por la persona propietaria, explotadora o gestora y comercializadas directamente por ella misma o indirectamente, a terceros, de forma reiterada o habitual y a cambio de contraprestaci\u00f3n econ\u00f3mica\u201d.\u00a0Y a\u00f1ade que \u201cel que el desempe\u00f1o de esa actividad comporte una serie de requisitos y condiciones, incluidos los de funcionamiento, implica la prestaci\u00f3n de una serie de servicios y la asunci\u00f3n de determinados deberes inherentes a la comercializaci\u00f3n de las viviendas para uso tur\u00edstico que determinan que la actividad y la prestaci\u00f3n del servicio tur\u00edstico se desarrolle en la propia vivienda\u201d.\u00a0 El Tribunal concluye que esta interpretaci\u00f3n es conforme con la jurisprudencia de la Sala acerca de que \u201clas limitaciones tienen que ser claras, precisas y expresas porque la inclusi\u00f3n de la actividad tur\u00edstica en la prohibici\u00f3n estatutaria es perfectamente coherente con su letra y esp\u00edritu, que no es otra que prohibir que en las viviendas se ejercite una actividad econ\u00f3mica con un car\u00e1cter comercial, profesional o empresarial como sucede con los apartamentos tur\u00edsticos\u201d.<\/p>\n","protected":false},"author":1,"featured_media":0,"comment_status":"open","ping_status":"open","sticky":false,"template":"","format":"standard","meta":{"footnotes":""},"categories":[1],"tags":[],"yoast_head":"<!-- This site is optimized with the Yoast SEO plugin v22.3 - https:\/\/yoast.com\/wordpress\/plugins\/seo\/ -->\n<title>El Tribunal Supremo avala el veto de los \u2018apartamentos tur\u00edsticos\u2019 en las comunidades de vecinos que proh\u00edben el uso de actividades econ\u00f3micas &#8211;<\/title>\n<meta name=\"description\" content=\"El Tribunal Supremo avala el veto de los \u2018apartamentos tur\u00edsticos\u2019 en las comunidades de vecinos que proh\u00edben el uso de actividades econ\u00f3micas\" \/>\n<meta name=\"robots\" content=\"index, follow, max-snippet:-1, max-image-preview:large, max-video-preview:-1\" \/>\n<link rel=\"canonical\" href=\"https:\/\/garneloymunozabogados.com\/?p=3171\" \/>\n<meta property=\"og:locale\" content=\"es_ES\" \/>\n<meta property=\"og:type\" content=\"article\" \/>\n<meta property=\"og:title\" content=\"El Tribunal Supremo avala el veto de los \u2018apartamentos tur\u00edsticos\u2019 en las comunidades de vecinos que proh\u00edben el uso de actividades econ\u00f3micas &#8211;\" \/>\n<meta property=\"og:description\" content=\"El Tribunal Supremo avala el veto de los \u2018apartamentos tur\u00edsticos\u2019 en las comunidades de vecinos que proh\u00edben el uso de actividades econ\u00f3micas\" \/>\n<meta property=\"og:url\" content=\"https:\/\/garneloymunozabogados.com\/?p=3171\" \/>\n<meta property=\"article:published_time\" content=\"2024-01-08T08:53:45+00:00\" \/>\n<meta property=\"article:modified_time\" content=\"2024-01-08T08:53:47+00:00\" \/>\n<meta name=\"author\" content=\"Garnelo &amp; Mu\u00f1oz Abogados\" \/>\n<meta name=\"twitter:card\" content=\"summary_large_image\" \/>\n<meta name=\"twitter:label1\" content=\"Escrito por\" \/>\n\t<meta name=\"twitter:data1\" content=\"Garnelo &amp; Mu\u00f1oz Abogados\" \/>\n\t<meta name=\"twitter:label2\" content=\"Tiempo de lectura\" \/>\n\t<meta name=\"twitter:data2\" content=\"2 minutos\" \/>\n<script type=\"application\/ld+json\" class=\"yoast-schema-graph\">{\"@context\":\"https:\/\/schema.org\",\"@graph\":[{\"@type\":\"WebPage\",\"@id\":\"https:\/\/garneloymunozabogados.com\/?p=3171\",\"url\":\"https:\/\/garneloymunozabogados.com\/?p=3171\",\"name\":\"El Tribunal Supremo avala el veto de los \u2018apartamentos tur\u00edsticos\u2019 en las comunidades de vecinos que proh\u00edben el uso de actividades econ\u00f3micas &#8211;\",\"isPartOf\":{\"@id\":\"https:\/\/garneloymunozabogados.com\/#website\"},\"datePublished\":\"2024-01-08T08:53:45+00:00\",\"dateModified\":\"2024-01-08T08:53:47+00:00\",\"author\":{\"@id\":\"https:\/\/garneloymunozabogados.com\/#\/schema\/person\/1f23be8d68cd44ce56ab4c3a725e94f6\"},\"description\":\"El Tribunal Supremo avala el veto de los \u2018apartamentos tur\u00edsticos\u2019 en las comunidades de vecinos que proh\u00edben el uso de actividades econ\u00f3micas\",\"breadcrumb\":{\"@id\":\"https:\/\/garneloymunozabogados.com\/?p=3171#breadcrumb\"},\"inLanguage\":\"es\",\"potentialAction\":[{\"@type\":\"ReadAction\",\"target\":[\"https:\/\/garneloymunozabogados.com\/?p=3171\"]}]},{\"@type\":\"BreadcrumbList\",\"@id\":\"https:\/\/garneloymunozabogados.com\/?p=3171#breadcrumb\",\"itemListElement\":[{\"@type\":\"ListItem\",\"position\":1,\"name\":\"Portada\",\"item\":\"https:\/\/garneloymunozabogados.com\/\"},{\"@type\":\"ListItem\",\"position\":2,\"name\":\"El Tribunal Supremo avala el veto de los \u2018apartamentos tur\u00edsticos\u2019 en las comunidades de vecinos que proh\u00edben el uso de actividades econ\u00f3micas\"}]},{\"@type\":\"WebSite\",\"@id\":\"https:\/\/garneloymunozabogados.com\/#website\",\"url\":\"https:\/\/garneloymunozabogados.com\/\",\"name\":\"https:\/\/garneloymunozabogados.com\/\",\"description\":\"Despacho de abogados en Ponferrada\",\"alternateName\":\"gym-abogados\",\"potentialAction\":[{\"@type\":\"SearchAction\",\"target\":{\"@type\":\"EntryPoint\",\"urlTemplate\":\"https:\/\/garneloymunozabogados.com\/?s={search_term_string}\"},\"query-input\":\"required name=search_term_string\"}],\"inLanguage\":\"es\"},{\"@type\":\"Person\",\"@id\":\"https:\/\/garneloymunozabogados.com\/#\/schema\/person\/1f23be8d68cd44ce56ab4c3a725e94f6\",\"name\":\"Garnelo &amp; Mu\u00f1oz Abogados\",\"image\":{\"@type\":\"ImageObject\",\"inLanguage\":\"es\",\"@id\":\"https:\/\/garneloymunozabogados.com\/#\/schema\/person\/image\/\",\"url\":\"https:\/\/secure.gravatar.com\/avatar\/031613ad7e6e67e4e0a3cd0715ec36ed?s=96&d=mm&r=g\",\"contentUrl\":\"https:\/\/secure.gravatar.com\/avatar\/031613ad7e6e67e4e0a3cd0715ec36ed?s=96&d=mm&r=g\",\"caption\":\"Garnelo &amp; Mu\u00f1oz Abogados\"},\"url\":\"https:\/\/garneloymunozabogados.com\/?author=1\"}]}<\/script>\n<!-- \/ Yoast SEO plugin. -->","yoast_head_json":{"title":"El Tribunal Supremo avala el veto de los \u2018apartamentos tur\u00edsticos\u2019 en las comunidades de vecinos que proh\u00edben el uso de actividades econ\u00f3micas &#8211;","description":"El Tribunal Supremo avala el veto de los \u2018apartamentos tur\u00edsticos\u2019 en las comunidades de vecinos que proh\u00edben el uso de actividades econ\u00f3micas","robots":{"index":"index","follow":"follow","max-snippet":"max-snippet:-1","max-image-preview":"max-image-preview:large","max-video-preview":"max-video-preview:-1"},"canonical":"https:\/\/garneloymunozabogados.com\/?p=3171","og_locale":"es_ES","og_type":"article","og_title":"El Tribunal Supremo avala el veto de los \u2018apartamentos tur\u00edsticos\u2019 en las comunidades de vecinos que proh\u00edben el uso de actividades econ\u00f3micas &#8211;","og_description":"El Tribunal Supremo avala el veto de los \u2018apartamentos tur\u00edsticos\u2019 en las comunidades de vecinos que proh\u00edben el uso de actividades econ\u00f3micas","og_url":"https:\/\/garneloymunozabogados.com\/?p=3171","article_published_time":"2024-01-08T08:53:45+00:00","article_modified_time":"2024-01-08T08:53:47+00:00","author":"Garnelo &amp; Mu\u00f1oz Abogados","twitter_card":"summary_large_image","twitter_misc":{"Escrito por":"Garnelo &amp; Mu\u00f1oz Abogados","Tiempo de lectura":"2 minutos"},"schema":{"@context":"https:\/\/schema.org","@graph":[{"@type":"WebPage","@id":"https:\/\/garneloymunozabogados.com\/?p=3171","url":"https:\/\/garneloymunozabogados.com\/?p=3171","name":"El Tribunal Supremo avala el veto de los \u2018apartamentos tur\u00edsticos\u2019 en las comunidades de vecinos que proh\u00edben el uso de actividades econ\u00f3micas &#8211;","isPartOf":{"@id":"https:\/\/garneloymunozabogados.com\/#website"},"datePublished":"2024-01-08T08:53:45+00:00","dateModified":"2024-01-08T08:53:47+00:00","author":{"@id":"https:\/\/garneloymunozabogados.com\/#\/schema\/person\/1f23be8d68cd44ce56ab4c3a725e94f6"},"description":"El Tribunal Supremo avala el veto de los \u2018apartamentos tur\u00edsticos\u2019 en las comunidades de vecinos que proh\u00edben el uso de actividades econ\u00f3micas","breadcrumb":{"@id":"https:\/\/garneloymunozabogados.com\/?p=3171#breadcrumb"},"inLanguage":"es","potentialAction":[{"@type":"ReadAction","target":["https:\/\/garneloymunozabogados.com\/?p=3171"]}]},{"@type":"BreadcrumbList","@id":"https:\/\/garneloymunozabogados.com\/?p=3171#breadcrumb","itemListElement":[{"@type":"ListItem","position":1,"name":"Portada","item":"https:\/\/garneloymunozabogados.com\/"},{"@type":"ListItem","position":2,"name":"El Tribunal Supremo avala el veto de los \u2018apartamentos tur\u00edsticos\u2019 en las comunidades de vecinos que proh\u00edben el uso de actividades econ\u00f3micas"}]},{"@type":"WebSite","@id":"https:\/\/garneloymunozabogados.com\/#website","url":"https:\/\/garneloymunozabogados.com\/","name":"https:\/\/garneloymunozabogados.com\/","description":"Despacho de abogados en Ponferrada","alternateName":"gym-abogados","potentialAction":[{"@type":"SearchAction","target":{"@type":"EntryPoint","urlTemplate":"https:\/\/garneloymunozabogados.com\/?s={search_term_string}"},"query-input":"required name=search_term_string"}],"inLanguage":"es"},{"@type":"Person","@id":"https:\/\/garneloymunozabogados.com\/#\/schema\/person\/1f23be8d68cd44ce56ab4c3a725e94f6","name":"Garnelo &amp; Mu\u00f1oz Abogados","image":{"@type":"ImageObject","inLanguage":"es","@id":"https:\/\/garneloymunozabogados.com\/#\/schema\/person\/image\/","url":"https:\/\/secure.gravatar.com\/avatar\/031613ad7e6e67e4e0a3cd0715ec36ed?s=96&d=mm&r=g","contentUrl":"https:\/\/secure.gravatar.com\/avatar\/031613ad7e6e67e4e0a3cd0715ec36ed?s=96&d=mm&r=g","caption":"Garnelo &amp; Mu\u00f1oz Abogados"},"url":"https:\/\/garneloymunozabogados.com\/?author=1"}]}},"_links":{"self":[{"href":"https:\/\/garneloymunozabogados.com\/index.php?rest_route=\/wp\/v2\/posts\/3171"}],"collection":[{"href":"https:\/\/garneloymunozabogados.com\/index.php?rest_route=\/wp\/v2\/posts"}],"about":[{"href":"https:\/\/garneloymunozabogados.com\/index.php?rest_route=\/wp\/v2\/types\/post"}],"author":[{"embeddable":true,"href":"https:\/\/garneloymunozabogados.com\/index.php?rest_route=\/wp\/v2\/users\/1"}],"replies":[{"embeddable":true,"href":"https:\/\/garneloymunozabogados.com\/index.php?rest_route=%2Fwp%2Fv2%2Fcomments&post=3171"}],"version-history":[{"count":1,"href":"https:\/\/garneloymunozabogados.com\/index.php?rest_route=\/wp\/v2\/posts\/3171\/revisions"}],"predecessor-version":[{"id":3172,"href":"https:\/\/garneloymunozabogados.com\/index.php?rest_route=\/wp\/v2\/posts\/3171\/revisions\/3172"}],"wp:attachment":[{"href":"https:\/\/garneloymunozabogados.com\/index.php?rest_route=%2Fwp%2Fv2%2Fmedia&parent=3171"}],"wp:term":[{"taxonomy":"category","embeddable":true,"href":"https:\/\/garneloymunozabogados.com\/index.php?rest_route=%2Fwp%2Fv2%2Fcategories&post=3171"},{"taxonomy":"post_tag","embeddable":true,"href":"https:\/\/garneloymunozabogados.com\/index.php?rest_route=%2Fwp%2Fv2%2Ftags&post=3171"}],"curies":[{"name":"wp","href":"https:\/\/api.w.org\/{rel}","templated":true}]}}