{"id":2528,"date":"2023-12-04T11:33:18","date_gmt":"2023-12-04T11:33:18","guid":{"rendered":"https:\/\/garneloymunozabogados.com\/?p=2528"},"modified":"2023-12-04T11:33:20","modified_gmt":"2023-12-04T11:33:20","slug":"se-concede-la-custodia-de-dos-ninos-a-sus-abuelos-maternos-que-ya-la-ostentaban-de-facto-por-el-desinteres-de-sus-padres-y-el-no-ejercicio-de-la-custodia-por-la-madre","status":"publish","type":"post","link":"https:\/\/garneloymunozabogados.com\/?p=2528","title":{"rendered":"Se concede la custodia de dos ni\u00f1os a sus abuelos maternos, que ya la ostentaban de facto, por el desinter\u00e9s de sus padres y el no ejercicio de la custodia por la madre"},"content":{"rendered":"\n<p>Se funda la solicitud en una interpretaci\u00f3n amplia del art\u00edculo 103 del C\u00f3digo Civil, que establece que excepcionalmente los hijos podr\u00e1n ser encomendados a los abuelos confiri\u00e9ndoseles las funciones tutelares que ejercer\u00e1n bajo la autoridad del juez.\u00a0<\/p>\n\n\n\n<p>La prueba practicada en el acto de la vista -tanto certificados m\u00e9dicos, pedi\u00e1tricos, de tutores del colegio, declaraciones de vecinos, etc.- puso de manifiesto la idoneidad de los abuelos y que la situaci\u00f3n actual, de ejercicio de guarda y custodia de facto por los abuelos, satisfac\u00eda las necesidades materiales, f\u00edsicas, educativas, emocionales y afectivas de los menores; permitiendo que se desarrollen en un entorno familiar adecuado y la consiguiente salvaguarda del inter\u00e9s superior del menor.<\/p>\n\n\n\n<p><strong>\u00a0<\/strong><\/p>\n","protected":false},"excerpt":{"rendered":"<p>Se funda la solicitud en una interpretaci\u00f3n amplia del art\u00edculo 103 del C\u00f3digo Civil, que establece que excepcionalmente los hijos podr\u00e1n ser encomendados a los abuelos confiri\u00e9ndoseles las funciones tutelares que ejercer\u00e1n bajo la autoridad del juez.\u00a0 La prueba practicada en el acto de la vista -tanto certificados m\u00e9dicos, pedi\u00e1tricos, de tutores del colegio, declaraciones de vecinos, etc.- puso de manifiesto la idoneidad de los abuelos y que la situaci\u00f3n actual, de ejercicio de guarda y custodia de facto por los abuelos, satisfac\u00eda las necesidades materiales, f\u00edsicas, educativas, emocionales y afectivas de los menores; permitiendo que se desarrollen en un entorno familiar adecuado y la consiguiente salvaguarda del inter\u00e9s superior del menor. \u00a0<\/p>\n","protected":false},"author":1,"featured_media":0,"comment_status":"open","ping_status":"open","sticky":false,"template":"","format":"standard","meta":{"footnotes":""},"categories":[1],"tags":[],"yoast_head":"<!-- This site is optimized with the Yoast SEO plugin v22.3 - https:\/\/yoast.com\/wordpress\/plugins\/seo\/ -->\n<title>Se concede la custodia de dos ni\u00f1os a sus abuelos maternos, que ya la ostentaban de facto, por el desinter\u00e9s de sus padres y el no ejercicio de la custodia por la madre &#8211;<\/title>\n<meta name=\"description\" content=\"Se concede la custodia de dos ni\u00f1os a sus abuelos maternos, que ya la ostentaban de facto, por el desinter\u00e9s de sus padres y el no ejercicio de la custodia por la madre\" \/>\n<meta name=\"robots\" content=\"index, follow, max-snippet:-1, max-image-preview:large, max-video-preview:-1\" \/>\n<link rel=\"canonical\" href=\"https:\/\/garneloymunozabogados.com\/?p=2528\" \/>\n<meta property=\"og:locale\" content=\"es_ES\" \/>\n<meta property=\"og:type\" content=\"article\" \/>\n<meta property=\"og:title\" content=\"Se concede la custodia de dos ni\u00f1os a sus abuelos maternos, que ya la ostentaban de facto, por el desinter\u00e9s de sus padres y el no ejercicio de la custodia por la madre &#8211;\" \/>\n<meta property=\"og:description\" content=\"Se concede la custodia de dos ni\u00f1os a sus abuelos maternos, que ya la ostentaban de facto, por el desinter\u00e9s de sus padres y el no ejercicio de la custodia por la madre\" \/>\n<meta property=\"og:url\" content=\"https:\/\/garneloymunozabogados.com\/?p=2528\" \/>\n<meta property=\"article:published_time\" content=\"2023-12-04T11:33:18+00:00\" \/>\n<meta property=\"article:modified_time\" content=\"2023-12-04T11:33:20+00:00\" \/>\n<meta name=\"author\" content=\"Garnelo &amp; Mu\u00f1oz Abogados\" \/>\n<meta name=\"twitter:card\" content=\"summary_large_image\" \/>\n<meta name=\"twitter:label1\" content=\"Escrito por\" \/>\n\t<meta name=\"twitter:data1\" content=\"Garnelo &amp; Mu\u00f1oz Abogados\" \/>\n\t<meta name=\"twitter:label2\" content=\"Tiempo de lectura\" \/>\n\t<meta name=\"twitter:data2\" content=\"1 minuto\" \/>\n<script type=\"application\/ld+json\" class=\"yoast-schema-graph\">{\"@context\":\"https:\/\/schema.org\",\"@graph\":[{\"@type\":\"WebPage\",\"@id\":\"https:\/\/garneloymunozabogados.com\/?p=2528\",\"url\":\"https:\/\/garneloymunozabogados.com\/?p=2528\",\"name\":\"Se concede la custodia de dos ni\u00f1os a sus abuelos maternos, que ya la ostentaban de facto, por el desinter\u00e9s de sus padres y el no ejercicio de la custodia por la madre &#8211;\",\"isPartOf\":{\"@id\":\"https:\/\/garneloymunozabogados.com\/#website\"},\"datePublished\":\"2023-12-04T11:33:18+00:00\",\"dateModified\":\"2023-12-04T11:33:20+00:00\",\"author\":{\"@id\":\"https:\/\/garneloymunozabogados.com\/#\/schema\/person\/1f23be8d68cd44ce56ab4c3a725e94f6\"},\"description\":\"Se concede la custodia de dos ni\u00f1os a sus abuelos maternos, que ya la ostentaban de facto, por el desinter\u00e9s de sus padres y el no ejercicio de la custodia por la madre\",\"breadcrumb\":{\"@id\":\"https:\/\/garneloymunozabogados.com\/?p=2528#breadcrumb\"},\"inLanguage\":\"es\",\"potentialAction\":[{\"@type\":\"ReadAction\",\"target\":[\"https:\/\/garneloymunozabogados.com\/?p=2528\"]}]},{\"@type\":\"BreadcrumbList\",\"@id\":\"https:\/\/garneloymunozabogados.com\/?p=2528#breadcrumb\",\"itemListElement\":[{\"@type\":\"ListItem\",\"position\":1,\"name\":\"Portada\",\"item\":\"https:\/\/garneloymunozabogados.com\/\"},{\"@type\":\"ListItem\",\"position\":2,\"name\":\"Se concede la custodia de dos ni\u00f1os a sus abuelos maternos, que ya la ostentaban de facto, por el desinter\u00e9s de sus padres y el no ejercicio de la custodia por la madre\"}]},{\"@type\":\"WebSite\",\"@id\":\"https:\/\/garneloymunozabogados.com\/#website\",\"url\":\"https:\/\/garneloymunozabogados.com\/\",\"name\":\"https:\/\/garneloymunozabogados.com\/\",\"description\":\"Despacho de abogados en Ponferrada\",\"alternateName\":\"gym-abogados\",\"potentialAction\":[{\"@type\":\"SearchAction\",\"target\":{\"@type\":\"EntryPoint\",\"urlTemplate\":\"https:\/\/garneloymunozabogados.com\/?s={search_term_string}\"},\"query-input\":\"required name=search_term_string\"}],\"inLanguage\":\"es\"},{\"@type\":\"Person\",\"@id\":\"https:\/\/garneloymunozabogados.com\/#\/schema\/person\/1f23be8d68cd44ce56ab4c3a725e94f6\",\"name\":\"Garnelo &amp; Mu\u00f1oz Abogados\",\"image\":{\"@type\":\"ImageObject\",\"inLanguage\":\"es\",\"@id\":\"https:\/\/garneloymunozabogados.com\/#\/schema\/person\/image\/\",\"url\":\"https:\/\/secure.gravatar.com\/avatar\/031613ad7e6e67e4e0a3cd0715ec36ed?s=96&d=mm&r=g\",\"contentUrl\":\"https:\/\/secure.gravatar.com\/avatar\/031613ad7e6e67e4e0a3cd0715ec36ed?s=96&d=mm&r=g\",\"caption\":\"Garnelo &amp; Mu\u00f1oz Abogados\"},\"url\":\"https:\/\/garneloymunozabogados.com\/?author=1\"}]}<\/script>\n<!-- \/ Yoast SEO plugin. -->","yoast_head_json":{"title":"Se concede la custodia de dos ni\u00f1os a sus abuelos maternos, que ya la ostentaban de facto, por el desinter\u00e9s de sus padres y el no ejercicio de la custodia por la madre &#8211;","description":"Se concede la custodia de dos ni\u00f1os a sus abuelos maternos, que ya la ostentaban de facto, por el desinter\u00e9s de sus padres y el no ejercicio de la custodia por la madre","robots":{"index":"index","follow":"follow","max-snippet":"max-snippet:-1","max-image-preview":"max-image-preview:large","max-video-preview":"max-video-preview:-1"},"canonical":"https:\/\/garneloymunozabogados.com\/?p=2528","og_locale":"es_ES","og_type":"article","og_title":"Se concede la custodia de dos ni\u00f1os a sus abuelos maternos, que ya la ostentaban de facto, por el desinter\u00e9s de sus padres y el no ejercicio de la custodia por la madre &#8211;","og_description":"Se concede la custodia de dos ni\u00f1os a sus abuelos maternos, que ya la ostentaban de facto, por el desinter\u00e9s de sus padres y el no ejercicio de la custodia por la madre","og_url":"https:\/\/garneloymunozabogados.com\/?p=2528","article_published_time":"2023-12-04T11:33:18+00:00","article_modified_time":"2023-12-04T11:33:20+00:00","author":"Garnelo &amp; Mu\u00f1oz Abogados","twitter_card":"summary_large_image","twitter_misc":{"Escrito por":"Garnelo &amp; Mu\u00f1oz Abogados","Tiempo de lectura":"1 minuto"},"schema":{"@context":"https:\/\/schema.org","@graph":[{"@type":"WebPage","@id":"https:\/\/garneloymunozabogados.com\/?p=2528","url":"https:\/\/garneloymunozabogados.com\/?p=2528","name":"Se concede la custodia de dos ni\u00f1os a sus abuelos maternos, que ya la ostentaban de facto, por el desinter\u00e9s de sus padres y el no ejercicio de la custodia por la madre &#8211;","isPartOf":{"@id":"https:\/\/garneloymunozabogados.com\/#website"},"datePublished":"2023-12-04T11:33:18+00:00","dateModified":"2023-12-04T11:33:20+00:00","author":{"@id":"https:\/\/garneloymunozabogados.com\/#\/schema\/person\/1f23be8d68cd44ce56ab4c3a725e94f6"},"description":"Se concede la custodia de dos ni\u00f1os a sus abuelos maternos, que ya la ostentaban de facto, por el desinter\u00e9s de sus padres y el no ejercicio de la custodia por la madre","breadcrumb":{"@id":"https:\/\/garneloymunozabogados.com\/?p=2528#breadcrumb"},"inLanguage":"es","potentialAction":[{"@type":"ReadAction","target":["https:\/\/garneloymunozabogados.com\/?p=2528"]}]},{"@type":"BreadcrumbList","@id":"https:\/\/garneloymunozabogados.com\/?p=2528#breadcrumb","itemListElement":[{"@type":"ListItem","position":1,"name":"Portada","item":"https:\/\/garneloymunozabogados.com\/"},{"@type":"ListItem","position":2,"name":"Se concede la custodia de dos ni\u00f1os a sus abuelos maternos, que ya la ostentaban de facto, por el desinter\u00e9s de sus padres y el no ejercicio de la custodia por la madre"}]},{"@type":"WebSite","@id":"https:\/\/garneloymunozabogados.com\/#website","url":"https:\/\/garneloymunozabogados.com\/","name":"https:\/\/garneloymunozabogados.com\/","description":"Despacho de abogados en Ponferrada","alternateName":"gym-abogados","potentialAction":[{"@type":"SearchAction","target":{"@type":"EntryPoint","urlTemplate":"https:\/\/garneloymunozabogados.com\/?s={search_term_string}"},"query-input":"required name=search_term_string"}],"inLanguage":"es"},{"@type":"Person","@id":"https:\/\/garneloymunozabogados.com\/#\/schema\/person\/1f23be8d68cd44ce56ab4c3a725e94f6","name":"Garnelo &amp; Mu\u00f1oz Abogados","image":{"@type":"ImageObject","inLanguage":"es","@id":"https:\/\/garneloymunozabogados.com\/#\/schema\/person\/image\/","url":"https:\/\/secure.gravatar.com\/avatar\/031613ad7e6e67e4e0a3cd0715ec36ed?s=96&d=mm&r=g","contentUrl":"https:\/\/secure.gravatar.com\/avatar\/031613ad7e6e67e4e0a3cd0715ec36ed?s=96&d=mm&r=g","caption":"Garnelo &amp; Mu\u00f1oz Abogados"},"url":"https:\/\/garneloymunozabogados.com\/?author=1"}]}},"_links":{"self":[{"href":"https:\/\/garneloymunozabogados.com\/index.php?rest_route=\/wp\/v2\/posts\/2528"}],"collection":[{"href":"https:\/\/garneloymunozabogados.com\/index.php?rest_route=\/wp\/v2\/posts"}],"about":[{"href":"https:\/\/garneloymunozabogados.com\/index.php?rest_route=\/wp\/v2\/types\/post"}],"author":[{"embeddable":true,"href":"https:\/\/garneloymunozabogados.com\/index.php?rest_route=\/wp\/v2\/users\/1"}],"replies":[{"embeddable":true,"href":"https:\/\/garneloymunozabogados.com\/index.php?rest_route=%2Fwp%2Fv2%2Fcomments&post=2528"}],"version-history":[{"count":1,"href":"https:\/\/garneloymunozabogados.com\/index.php?rest_route=\/wp\/v2\/posts\/2528\/revisions"}],"predecessor-version":[{"id":2529,"href":"https:\/\/garneloymunozabogados.com\/index.php?rest_route=\/wp\/v2\/posts\/2528\/revisions\/2529"}],"wp:attachment":[{"href":"https:\/\/garneloymunozabogados.com\/index.php?rest_route=%2Fwp%2Fv2%2Fmedia&parent=2528"}],"wp:term":[{"taxonomy":"category","embeddable":true,"href":"https:\/\/garneloymunozabogados.com\/index.php?rest_route=%2Fwp%2Fv2%2Fcategories&post=2528"},{"taxonomy":"post_tag","embeddable":true,"href":"https:\/\/garneloymunozabogados.com\/index.php?rest_route=%2Fwp%2Fv2%2Ftags&post=2528"}],"curies":[{"name":"wp","href":"https:\/\/api.w.org\/{rel}","templated":true}]}}