{"id":2525,"date":"2023-11-29T11:39:10","date_gmt":"2023-11-29T11:39:10","guid":{"rendered":"https:\/\/garneloymunozabogados.com\/?p=2525"},"modified":"2023-11-29T11:39:12","modified_gmt":"2023-11-29T11:39:12","slug":"la-audiencia-nacional-confirma-el-procesamiento-por-terrorismo-para-el-acusado-de-enviar-seis-cartas-con-artefactos-explosivos","status":"publish","type":"post","link":"https:\/\/garneloymunozabogados.com\/?p=2525","title":{"rendered":"La Audiencia Nacional confirma el procesamiento por terrorismo para el acusado de enviar seis cartas con artefactos explosivos"},"content":{"rendered":"\n<p>La Sala de lo Penal de la Audiencia Nacional ha confirmado el procesamiento por delitos de terrorismo y fabricaci\u00f3n y empleo de artefactos explosivos con finalidad terrorista para el hombre de 74 a\u00f1os detenido en Burgos por el env\u00edo de seis cartas con artefactos explosivos, en noviembre del pasado a\u00f1o, al presidente del Gobierno, Pedro S\u00e1nchez, a la ministra de Defensa, Margarita Robles, a las instalaciones de la empresa Instalaza en Zaragoza, a la Embajadas de Estados Unidos y Ucrania en Madrid y al centro de sat\u00e9lites de la Base A\u00e9rea de Torrej\u00f3n de Ardoz.<\/p>\n\n\n\n<p>El Tribunal\u00a0explica que el auto de procesamiento contiene el relato de los hechos y sus conclusiones se fundamentan en la entrada y registro practicados, los documentos y dispositivos de almacenamiento masivo incautados, las declaraciones testificales, los informes periciales, as\u00ed como la intervenci\u00f3n de las comunicaciones telef\u00f3nicas.<\/p>\n\n\n\n<p>En cuanto a la calificaci\u00f3n jur\u00eddica de terrorismo discutida por el investigado, la Sala indica que el auto recurrido se\u00f1ala que no hay indicios de que el procesado pertenezca o colabore con un grupo organizado terrorista, si bien los hechos que se le imputan, el contexto en el que se producen (guerra de Ucrania), la viabilidad de que los artefactos explosionaran, as\u00ed como las personas a las que iban dirigidos, evidencia, seg\u00fan el tribunal, que en el \u00e1nimo del procesado est\u00e1 presente el objetivo de alterar gravemente la paz p\u00fablica, as\u00ed como obligar a los poderes p\u00fablicos de nuestro pa\u00eds a abstenerse del apoyo a Ucrania.<\/p>\n\n\n\n<p>Respecto a la modalidad agravada de dos delitos de terrorismo, el Tribunal recuerda que dos los env\u00edos se dirigieron expresamente al presidente del Gobierno y a la ministra de Defensa, por lo que tales circunstancias justificar\u00edan incardinar los hechos en el tipo agravado.\u00a0<\/p>\n\n\n\n<p>El auto concluye recordando que ser\u00e1 en el acto de juicio oral donde se abrir\u00e1 la puerta para la valoraci\u00f3n de todos los indicios y considerar si pueden ser considerados como prueba de cargo suficiente para sustentar un pronunciamiento condenatorio.<\/p>\n","protected":false},"excerpt":{"rendered":"<p>La Sala de lo Penal de la Audiencia Nacional ha confirmado el procesamiento por delitos de terrorismo y fabricaci\u00f3n y empleo de artefactos explosivos con finalidad terrorista para el hombre de 74 a\u00f1os detenido en Burgos por el env\u00edo de seis cartas con artefactos explosivos, en noviembre del pasado a\u00f1o, al presidente del Gobierno, Pedro S\u00e1nchez, a la ministra de Defensa, Margarita Robles, a las instalaciones de la empresa Instalaza en Zaragoza, a la Embajadas de Estados Unidos y Ucrania en Madrid y al centro de sat\u00e9lites de la Base A\u00e9rea de Torrej\u00f3n de Ardoz. El Tribunal\u00a0explica que el auto de procesamiento contiene el relato de los hechos y sus conclusiones se fundamentan en la entrada y registro practicados, los documentos y dispositivos de almacenamiento masivo incautados, las declaraciones testificales, los informes periciales, as\u00ed como la intervenci\u00f3n de las comunicaciones telef\u00f3nicas. En cuanto a la calificaci\u00f3n jur\u00eddica de terrorismo discutida por el investigado, la Sala indica que el auto recurrido se\u00f1ala que no hay indicios de que el procesado pertenezca o colabore con un grupo organizado terrorista, si bien los hechos que se le imputan, el contexto en el que se producen (guerra de Ucrania), la viabilidad de que los artefactos explosionaran, as\u00ed como las personas a las que iban dirigidos, evidencia, seg\u00fan el tribunal, que en el \u00e1nimo del procesado est\u00e1 presente el objetivo de alterar gravemente la paz p\u00fablica, as\u00ed como obligar a los poderes p\u00fablicos de nuestro pa\u00eds a abstenerse del apoyo a Ucrania. Respecto a la modalidad agravada de dos delitos de terrorismo, el Tribunal recuerda que dos los env\u00edos se dirigieron expresamente al presidente del Gobierno y a la ministra de Defensa, por lo que tales circunstancias justificar\u00edan incardinar los hechos en el tipo agravado.\u00a0 El auto concluye recordando que ser\u00e1 en el acto de juicio oral donde se abrir\u00e1 la puerta para la valoraci\u00f3n de todos los indicios y considerar si pueden ser considerados como prueba de cargo suficiente para sustentar un pronunciamiento condenatorio.<\/p>\n","protected":false},"author":1,"featured_media":0,"comment_status":"open","ping_status":"open","sticky":false,"template":"","format":"standard","meta":{"footnotes":""},"categories":[1],"tags":[],"yoast_head":"<!-- This site is optimized with the Yoast SEO plugin v22.3 - https:\/\/yoast.com\/wordpress\/plugins\/seo\/ -->\n<title>La Audiencia Nacional confirma el procesamiento por terrorismo para el acusado de enviar seis cartas con artefactos explosivos &#8211;<\/title>\n<meta name=\"description\" content=\"La Audiencia Nacional confirma el procesamiento por terrorismo para el acusado de enviar seis cartas con artefactos explosivos\" \/>\n<meta name=\"robots\" content=\"index, follow, max-snippet:-1, max-image-preview:large, max-video-preview:-1\" \/>\n<link rel=\"canonical\" href=\"https:\/\/garneloymunozabogados.com\/?p=2525\" \/>\n<meta property=\"og:locale\" content=\"es_ES\" \/>\n<meta property=\"og:type\" content=\"article\" \/>\n<meta property=\"og:title\" content=\"La Audiencia Nacional confirma el procesamiento por terrorismo para el acusado de enviar seis cartas con artefactos explosivos &#8211;\" \/>\n<meta property=\"og:description\" content=\"La Audiencia Nacional confirma el procesamiento por terrorismo para el acusado de enviar seis cartas con artefactos explosivos\" \/>\n<meta property=\"og:url\" content=\"https:\/\/garneloymunozabogados.com\/?p=2525\" \/>\n<meta property=\"article:published_time\" content=\"2023-11-29T11:39:10+00:00\" \/>\n<meta property=\"article:modified_time\" content=\"2023-11-29T11:39:12+00:00\" \/>\n<meta name=\"author\" content=\"Garnelo &amp; Mu\u00f1oz Abogados\" \/>\n<meta name=\"twitter:card\" content=\"summary_large_image\" \/>\n<meta name=\"twitter:label1\" content=\"Escrito por\" \/>\n\t<meta name=\"twitter:data1\" content=\"Garnelo &amp; Mu\u00f1oz Abogados\" \/>\n\t<meta name=\"twitter:label2\" content=\"Tiempo de lectura\" \/>\n\t<meta name=\"twitter:data2\" content=\"2 minutos\" \/>\n<script type=\"application\/ld+json\" class=\"yoast-schema-graph\">{\"@context\":\"https:\/\/schema.org\",\"@graph\":[{\"@type\":\"WebPage\",\"@id\":\"https:\/\/garneloymunozabogados.com\/?p=2525\",\"url\":\"https:\/\/garneloymunozabogados.com\/?p=2525\",\"name\":\"La Audiencia Nacional confirma el procesamiento por terrorismo para el acusado de enviar seis cartas con artefactos explosivos &#8211;\",\"isPartOf\":{\"@id\":\"https:\/\/garneloymunozabogados.com\/#website\"},\"datePublished\":\"2023-11-29T11:39:10+00:00\",\"dateModified\":\"2023-11-29T11:39:12+00:00\",\"author\":{\"@id\":\"https:\/\/garneloymunozabogados.com\/#\/schema\/person\/1f23be8d68cd44ce56ab4c3a725e94f6\"},\"description\":\"La Audiencia Nacional confirma el procesamiento por terrorismo para el acusado de enviar seis cartas con artefactos explosivos\",\"breadcrumb\":{\"@id\":\"https:\/\/garneloymunozabogados.com\/?p=2525#breadcrumb\"},\"inLanguage\":\"es\",\"potentialAction\":[{\"@type\":\"ReadAction\",\"target\":[\"https:\/\/garneloymunozabogados.com\/?p=2525\"]}]},{\"@type\":\"BreadcrumbList\",\"@id\":\"https:\/\/garneloymunozabogados.com\/?p=2525#breadcrumb\",\"itemListElement\":[{\"@type\":\"ListItem\",\"position\":1,\"name\":\"Portada\",\"item\":\"https:\/\/garneloymunozabogados.com\/\"},{\"@type\":\"ListItem\",\"position\":2,\"name\":\"La Audiencia Nacional confirma el procesamiento por terrorismo para el acusado de enviar seis cartas con artefactos explosivos\"}]},{\"@type\":\"WebSite\",\"@id\":\"https:\/\/garneloymunozabogados.com\/#website\",\"url\":\"https:\/\/garneloymunozabogados.com\/\",\"name\":\"https:\/\/garneloymunozabogados.com\/\",\"description\":\"Despacho de abogados en Ponferrada\",\"alternateName\":\"gym-abogados\",\"potentialAction\":[{\"@type\":\"SearchAction\",\"target\":{\"@type\":\"EntryPoint\",\"urlTemplate\":\"https:\/\/garneloymunozabogados.com\/?s={search_term_string}\"},\"query-input\":\"required name=search_term_string\"}],\"inLanguage\":\"es\"},{\"@type\":\"Person\",\"@id\":\"https:\/\/garneloymunozabogados.com\/#\/schema\/person\/1f23be8d68cd44ce56ab4c3a725e94f6\",\"name\":\"Garnelo &amp; Mu\u00f1oz Abogados\",\"image\":{\"@type\":\"ImageObject\",\"inLanguage\":\"es\",\"@id\":\"https:\/\/garneloymunozabogados.com\/#\/schema\/person\/image\/\",\"url\":\"https:\/\/secure.gravatar.com\/avatar\/031613ad7e6e67e4e0a3cd0715ec36ed?s=96&d=mm&r=g\",\"contentUrl\":\"https:\/\/secure.gravatar.com\/avatar\/031613ad7e6e67e4e0a3cd0715ec36ed?s=96&d=mm&r=g\",\"caption\":\"Garnelo &amp; Mu\u00f1oz Abogados\"},\"url\":\"https:\/\/garneloymunozabogados.com\/?author=1\"}]}<\/script>\n<!-- \/ Yoast SEO plugin. -->","yoast_head_json":{"title":"La Audiencia Nacional confirma el procesamiento por terrorismo para el acusado de enviar seis cartas con artefactos explosivos &#8211;","description":"La Audiencia Nacional confirma el procesamiento por terrorismo para el acusado de enviar seis cartas con artefactos explosivos","robots":{"index":"index","follow":"follow","max-snippet":"max-snippet:-1","max-image-preview":"max-image-preview:large","max-video-preview":"max-video-preview:-1"},"canonical":"https:\/\/garneloymunozabogados.com\/?p=2525","og_locale":"es_ES","og_type":"article","og_title":"La Audiencia Nacional confirma el procesamiento por terrorismo para el acusado de enviar seis cartas con artefactos explosivos &#8211;","og_description":"La Audiencia Nacional confirma el procesamiento por terrorismo para el acusado de enviar seis cartas con artefactos explosivos","og_url":"https:\/\/garneloymunozabogados.com\/?p=2525","article_published_time":"2023-11-29T11:39:10+00:00","article_modified_time":"2023-11-29T11:39:12+00:00","author":"Garnelo &amp; Mu\u00f1oz Abogados","twitter_card":"summary_large_image","twitter_misc":{"Escrito por":"Garnelo &amp; Mu\u00f1oz Abogados","Tiempo de lectura":"2 minutos"},"schema":{"@context":"https:\/\/schema.org","@graph":[{"@type":"WebPage","@id":"https:\/\/garneloymunozabogados.com\/?p=2525","url":"https:\/\/garneloymunozabogados.com\/?p=2525","name":"La Audiencia Nacional confirma el procesamiento por terrorismo para el acusado de enviar seis cartas con artefactos explosivos &#8211;","isPartOf":{"@id":"https:\/\/garneloymunozabogados.com\/#website"},"datePublished":"2023-11-29T11:39:10+00:00","dateModified":"2023-11-29T11:39:12+00:00","author":{"@id":"https:\/\/garneloymunozabogados.com\/#\/schema\/person\/1f23be8d68cd44ce56ab4c3a725e94f6"},"description":"La Audiencia Nacional confirma el procesamiento por terrorismo para el acusado de enviar seis cartas con artefactos explosivos","breadcrumb":{"@id":"https:\/\/garneloymunozabogados.com\/?p=2525#breadcrumb"},"inLanguage":"es","potentialAction":[{"@type":"ReadAction","target":["https:\/\/garneloymunozabogados.com\/?p=2525"]}]},{"@type":"BreadcrumbList","@id":"https:\/\/garneloymunozabogados.com\/?p=2525#breadcrumb","itemListElement":[{"@type":"ListItem","position":1,"name":"Portada","item":"https:\/\/garneloymunozabogados.com\/"},{"@type":"ListItem","position":2,"name":"La Audiencia Nacional confirma el procesamiento por terrorismo para el acusado de enviar seis cartas con artefactos explosivos"}]},{"@type":"WebSite","@id":"https:\/\/garneloymunozabogados.com\/#website","url":"https:\/\/garneloymunozabogados.com\/","name":"https:\/\/garneloymunozabogados.com\/","description":"Despacho de abogados en Ponferrada","alternateName":"gym-abogados","potentialAction":[{"@type":"SearchAction","target":{"@type":"EntryPoint","urlTemplate":"https:\/\/garneloymunozabogados.com\/?s={search_term_string}"},"query-input":"required name=search_term_string"}],"inLanguage":"es"},{"@type":"Person","@id":"https:\/\/garneloymunozabogados.com\/#\/schema\/person\/1f23be8d68cd44ce56ab4c3a725e94f6","name":"Garnelo &amp; Mu\u00f1oz Abogados","image":{"@type":"ImageObject","inLanguage":"es","@id":"https:\/\/garneloymunozabogados.com\/#\/schema\/person\/image\/","url":"https:\/\/secure.gravatar.com\/avatar\/031613ad7e6e67e4e0a3cd0715ec36ed?s=96&d=mm&r=g","contentUrl":"https:\/\/secure.gravatar.com\/avatar\/031613ad7e6e67e4e0a3cd0715ec36ed?s=96&d=mm&r=g","caption":"Garnelo &amp; Mu\u00f1oz Abogados"},"url":"https:\/\/garneloymunozabogados.com\/?author=1"}]}},"_links":{"self":[{"href":"https:\/\/garneloymunozabogados.com\/index.php?rest_route=\/wp\/v2\/posts\/2525"}],"collection":[{"href":"https:\/\/garneloymunozabogados.com\/index.php?rest_route=\/wp\/v2\/posts"}],"about":[{"href":"https:\/\/garneloymunozabogados.com\/index.php?rest_route=\/wp\/v2\/types\/post"}],"author":[{"embeddable":true,"href":"https:\/\/garneloymunozabogados.com\/index.php?rest_route=\/wp\/v2\/users\/1"}],"replies":[{"embeddable":true,"href":"https:\/\/garneloymunozabogados.com\/index.php?rest_route=%2Fwp%2Fv2%2Fcomments&post=2525"}],"version-history":[{"count":1,"href":"https:\/\/garneloymunozabogados.com\/index.php?rest_route=\/wp\/v2\/posts\/2525\/revisions"}],"predecessor-version":[{"id":2526,"href":"https:\/\/garneloymunozabogados.com\/index.php?rest_route=\/wp\/v2\/posts\/2525\/revisions\/2526"}],"wp:attachment":[{"href":"https:\/\/garneloymunozabogados.com\/index.php?rest_route=%2Fwp%2Fv2%2Fmedia&parent=2525"}],"wp:term":[{"taxonomy":"category","embeddable":true,"href":"https:\/\/garneloymunozabogados.com\/index.php?rest_route=%2Fwp%2Fv2%2Fcategories&post=2525"},{"taxonomy":"post_tag","embeddable":true,"href":"https:\/\/garneloymunozabogados.com\/index.php?rest_route=%2Fwp%2Fv2%2Ftags&post=2525"}],"curies":[{"name":"wp","href":"https:\/\/api.w.org\/{rel}","templated":true}]}}