{"id":2515,"date":"2023-10-23T08:18:05","date_gmt":"2023-10-23T08:18:05","guid":{"rendered":"https:\/\/garneloymunozabogados.com\/?p=2515"},"modified":"2023-10-23T08:18:08","modified_gmt":"2023-10-23T08:18:08","slug":"el-juzgado-de-lo-contencioso-administrativo-2-de-burgos-ha-declarado-la-nulidad-del-procedimiento-de-contratacion-desarrollado-por-el-ayuntamiento-de-burgos-para-la-implantacion-de-la-zona-de-bajas-em","status":"publish","type":"post","link":"https:\/\/garneloymunozabogados.com\/?p=2515","title":{"rendered":"El Juzgado de lo Contencioso-Administrativo 2 de Burgos ha declarado la nulidad del procedimiento de contrataci\u00f3n desarrollado por el Ayuntamiento de Burgos para la implantaci\u00f3n de la Zona de Bajas Emisiones"},"content":{"rendered":"\n<p>El juez entiende que dicha ordenanza requiere para su aprobaci\u00f3n una informaci\u00f3n p\u00fablica con el fin de hacer posible que los ciudadanos puedan alegar al respecto. Sin embargo, en este caso, el consistorio -a trav\u00e9s del contrato y del proyecto por el que se ejecuta- ha fijado primero la zona, decidiendo qu\u00e9 lugares concretos crear e instalando los puntos de control correspondientes, y ha dejado para m\u00e1s adelante la aprobaci\u00f3n de la ordenanza.&nbsp;&nbsp;<\/p>\n\n\n\n<p>El Juzgado ya se pronunci\u00f3 en su momento sobre esta nulidad y adopt\u00f3 como medida cautelar la suspensi\u00f3n del contrato, decisi\u00f3n que fue confirmada por la Sala de lo Contencioso-Administrativo del TSJCyL con los mismos argumentos.&nbsp;&nbsp;<\/p>\n","protected":false},"excerpt":{"rendered":"<p>El juez entiende que dicha ordenanza requiere para su aprobaci\u00f3n una informaci\u00f3n p\u00fablica con el fin de hacer posible que los ciudadanos puedan alegar al respecto. Sin embargo, en este caso, el consistorio -a trav\u00e9s del contrato y del proyecto por el que se ejecuta- ha fijado primero la zona, decidiendo qu\u00e9 lugares concretos crear e instalando los puntos de control correspondientes, y ha dejado para m\u00e1s adelante la aprobaci\u00f3n de la ordenanza.&nbsp;&nbsp; El Juzgado ya se pronunci\u00f3 en su momento sobre esta nulidad y adopt\u00f3 como medida cautelar la suspensi\u00f3n del contrato, decisi\u00f3n que fue confirmada por la Sala de lo Contencioso-Administrativo del TSJCyL con los mismos argumentos.&nbsp;&nbsp;<\/p>\n","protected":false},"author":1,"featured_media":0,"comment_status":"open","ping_status":"open","sticky":false,"template":"","format":"standard","meta":{"footnotes":""},"categories":[1],"tags":[],"yoast_head":"<!-- This site is optimized with the Yoast SEO plugin v22.3 - https:\/\/yoast.com\/wordpress\/plugins\/seo\/ -->\n<title>El Juzgado de lo Contencioso-Administrativo 2 de Burgos ha declarado la nulidad del procedimiento de contrataci\u00f3n desarrollado por el Ayuntamiento de Burgos para la implantaci\u00f3n de la Zona de Bajas Emisiones &#8211;<\/title>\n<meta name=\"description\" content=\"El Juzgado de lo Contencioso-Administrativo 2 de Burgos ha declarado la nulidad del procedimiento de contrataci\u00f3n desarrollado por el Ayuntamiento de Burgos para la implantaci\u00f3n de la Zona de Bajas Emisiones\" \/>\n<meta name=\"robots\" content=\"index, follow, max-snippet:-1, max-image-preview:large, max-video-preview:-1\" \/>\n<link rel=\"canonical\" href=\"https:\/\/garneloymunozabogados.com\/?p=2515\" \/>\n<meta property=\"og:locale\" content=\"es_ES\" \/>\n<meta property=\"og:type\" content=\"article\" \/>\n<meta property=\"og:title\" content=\"El Juzgado de lo Contencioso-Administrativo 2 de Burgos ha declarado la nulidad del procedimiento de contrataci\u00f3n desarrollado por el Ayuntamiento de Burgos para la implantaci\u00f3n de la Zona de Bajas Emisiones &#8211;\" \/>\n<meta property=\"og:description\" content=\"El Juzgado de lo Contencioso-Administrativo 2 de Burgos ha declarado la nulidad del procedimiento de contrataci\u00f3n desarrollado por el Ayuntamiento de Burgos para la implantaci\u00f3n de la Zona de Bajas Emisiones\" \/>\n<meta property=\"og:url\" content=\"https:\/\/garneloymunozabogados.com\/?p=2515\" \/>\n<meta property=\"article:published_time\" content=\"2023-10-23T08:18:05+00:00\" \/>\n<meta property=\"article:modified_time\" content=\"2023-10-23T08:18:08+00:00\" \/>\n<meta name=\"author\" content=\"Garnelo &amp; Mu\u00f1oz Abogados\" \/>\n<meta name=\"twitter:card\" content=\"summary_large_image\" \/>\n<meta name=\"twitter:label1\" content=\"Escrito por\" \/>\n\t<meta name=\"twitter:data1\" content=\"Garnelo &amp; Mu\u00f1oz Abogados\" \/>\n\t<meta name=\"twitter:label2\" content=\"Tiempo de lectura\" \/>\n\t<meta name=\"twitter:data2\" content=\"1 minuto\" \/>\n<script type=\"application\/ld+json\" class=\"yoast-schema-graph\">{\"@context\":\"https:\/\/schema.org\",\"@graph\":[{\"@type\":\"WebPage\",\"@id\":\"https:\/\/garneloymunozabogados.com\/?p=2515\",\"url\":\"https:\/\/garneloymunozabogados.com\/?p=2515\",\"name\":\"El Juzgado de lo Contencioso-Administrativo 2 de Burgos ha declarado la nulidad del procedimiento de contrataci\u00f3n desarrollado por el Ayuntamiento de Burgos para la implantaci\u00f3n de la Zona de Bajas Emisiones &#8211;\",\"isPartOf\":{\"@id\":\"https:\/\/garneloymunozabogados.com\/#website\"},\"datePublished\":\"2023-10-23T08:18:05+00:00\",\"dateModified\":\"2023-10-23T08:18:08+00:00\",\"author\":{\"@id\":\"https:\/\/garneloymunozabogados.com\/#\/schema\/person\/1f23be8d68cd44ce56ab4c3a725e94f6\"},\"description\":\"El Juzgado de lo Contencioso-Administrativo 2 de Burgos ha declarado la nulidad del procedimiento de contrataci\u00f3n desarrollado por el Ayuntamiento de Burgos para la implantaci\u00f3n de la Zona de Bajas Emisiones\",\"breadcrumb\":{\"@id\":\"https:\/\/garneloymunozabogados.com\/?p=2515#breadcrumb\"},\"inLanguage\":\"es\",\"potentialAction\":[{\"@type\":\"ReadAction\",\"target\":[\"https:\/\/garneloymunozabogados.com\/?p=2515\"]}]},{\"@type\":\"BreadcrumbList\",\"@id\":\"https:\/\/garneloymunozabogados.com\/?p=2515#breadcrumb\",\"itemListElement\":[{\"@type\":\"ListItem\",\"position\":1,\"name\":\"Portada\",\"item\":\"https:\/\/garneloymunozabogados.com\/\"},{\"@type\":\"ListItem\",\"position\":2,\"name\":\"El Juzgado de lo Contencioso-Administrativo 2 de Burgos ha declarado la nulidad del procedimiento de contrataci\u00f3n desarrollado por el Ayuntamiento de Burgos para la implantaci\u00f3n de la Zona de Bajas Emisiones\"}]},{\"@type\":\"WebSite\",\"@id\":\"https:\/\/garneloymunozabogados.com\/#website\",\"url\":\"https:\/\/garneloymunozabogados.com\/\",\"name\":\"https:\/\/garneloymunozabogados.com\/\",\"description\":\"Despacho de abogados en Ponferrada\",\"alternateName\":\"gym-abogados\",\"potentialAction\":[{\"@type\":\"SearchAction\",\"target\":{\"@type\":\"EntryPoint\",\"urlTemplate\":\"https:\/\/garneloymunozabogados.com\/?s={search_term_string}\"},\"query-input\":\"required name=search_term_string\"}],\"inLanguage\":\"es\"},{\"@type\":\"Person\",\"@id\":\"https:\/\/garneloymunozabogados.com\/#\/schema\/person\/1f23be8d68cd44ce56ab4c3a725e94f6\",\"name\":\"Garnelo &amp; Mu\u00f1oz Abogados\",\"image\":{\"@type\":\"ImageObject\",\"inLanguage\":\"es\",\"@id\":\"https:\/\/garneloymunozabogados.com\/#\/schema\/person\/image\/\",\"url\":\"https:\/\/secure.gravatar.com\/avatar\/031613ad7e6e67e4e0a3cd0715ec36ed?s=96&d=mm&r=g\",\"contentUrl\":\"https:\/\/secure.gravatar.com\/avatar\/031613ad7e6e67e4e0a3cd0715ec36ed?s=96&d=mm&r=g\",\"caption\":\"Garnelo &amp; Mu\u00f1oz Abogados\"},\"url\":\"https:\/\/garneloymunozabogados.com\/?author=1\"}]}<\/script>\n<!-- \/ Yoast SEO plugin. -->","yoast_head_json":{"title":"El Juzgado de lo Contencioso-Administrativo 2 de Burgos ha declarado la nulidad del procedimiento de contrataci\u00f3n desarrollado por el Ayuntamiento de Burgos para la implantaci\u00f3n de la Zona de Bajas Emisiones &#8211;","description":"El Juzgado de lo Contencioso-Administrativo 2 de Burgos ha declarado la nulidad del procedimiento de contrataci\u00f3n desarrollado por el Ayuntamiento de Burgos para la implantaci\u00f3n de la Zona de Bajas Emisiones","robots":{"index":"index","follow":"follow","max-snippet":"max-snippet:-1","max-image-preview":"max-image-preview:large","max-video-preview":"max-video-preview:-1"},"canonical":"https:\/\/garneloymunozabogados.com\/?p=2515","og_locale":"es_ES","og_type":"article","og_title":"El Juzgado de lo Contencioso-Administrativo 2 de Burgos ha declarado la nulidad del procedimiento de contrataci\u00f3n desarrollado por el Ayuntamiento de Burgos para la implantaci\u00f3n de la Zona de Bajas Emisiones &#8211;","og_description":"El Juzgado de lo Contencioso-Administrativo 2 de Burgos ha declarado la nulidad del procedimiento de contrataci\u00f3n desarrollado por el Ayuntamiento de Burgos para la implantaci\u00f3n de la Zona de Bajas Emisiones","og_url":"https:\/\/garneloymunozabogados.com\/?p=2515","article_published_time":"2023-10-23T08:18:05+00:00","article_modified_time":"2023-10-23T08:18:08+00:00","author":"Garnelo &amp; Mu\u00f1oz Abogados","twitter_card":"summary_large_image","twitter_misc":{"Escrito por":"Garnelo &amp; Mu\u00f1oz Abogados","Tiempo de lectura":"1 minuto"},"schema":{"@context":"https:\/\/schema.org","@graph":[{"@type":"WebPage","@id":"https:\/\/garneloymunozabogados.com\/?p=2515","url":"https:\/\/garneloymunozabogados.com\/?p=2515","name":"El Juzgado de lo Contencioso-Administrativo 2 de Burgos ha declarado la nulidad del procedimiento de contrataci\u00f3n desarrollado por el Ayuntamiento de Burgos para la implantaci\u00f3n de la Zona de Bajas Emisiones &#8211;","isPartOf":{"@id":"https:\/\/garneloymunozabogados.com\/#website"},"datePublished":"2023-10-23T08:18:05+00:00","dateModified":"2023-10-23T08:18:08+00:00","author":{"@id":"https:\/\/garneloymunozabogados.com\/#\/schema\/person\/1f23be8d68cd44ce56ab4c3a725e94f6"},"description":"El Juzgado de lo Contencioso-Administrativo 2 de Burgos ha declarado la nulidad del procedimiento de contrataci\u00f3n desarrollado por el Ayuntamiento de Burgos para la implantaci\u00f3n de la Zona de Bajas Emisiones","breadcrumb":{"@id":"https:\/\/garneloymunozabogados.com\/?p=2515#breadcrumb"},"inLanguage":"es","potentialAction":[{"@type":"ReadAction","target":["https:\/\/garneloymunozabogados.com\/?p=2515"]}]},{"@type":"BreadcrumbList","@id":"https:\/\/garneloymunozabogados.com\/?p=2515#breadcrumb","itemListElement":[{"@type":"ListItem","position":1,"name":"Portada","item":"https:\/\/garneloymunozabogados.com\/"},{"@type":"ListItem","position":2,"name":"El Juzgado de lo Contencioso-Administrativo 2 de Burgos ha declarado la nulidad del procedimiento de contrataci\u00f3n desarrollado por el Ayuntamiento de Burgos para la implantaci\u00f3n de la Zona de Bajas Emisiones"}]},{"@type":"WebSite","@id":"https:\/\/garneloymunozabogados.com\/#website","url":"https:\/\/garneloymunozabogados.com\/","name":"https:\/\/garneloymunozabogados.com\/","description":"Despacho de abogados en Ponferrada","alternateName":"gym-abogados","potentialAction":[{"@type":"SearchAction","target":{"@type":"EntryPoint","urlTemplate":"https:\/\/garneloymunozabogados.com\/?s={search_term_string}"},"query-input":"required name=search_term_string"}],"inLanguage":"es"},{"@type":"Person","@id":"https:\/\/garneloymunozabogados.com\/#\/schema\/person\/1f23be8d68cd44ce56ab4c3a725e94f6","name":"Garnelo &amp; Mu\u00f1oz Abogados","image":{"@type":"ImageObject","inLanguage":"es","@id":"https:\/\/garneloymunozabogados.com\/#\/schema\/person\/image\/","url":"https:\/\/secure.gravatar.com\/avatar\/031613ad7e6e67e4e0a3cd0715ec36ed?s=96&d=mm&r=g","contentUrl":"https:\/\/secure.gravatar.com\/avatar\/031613ad7e6e67e4e0a3cd0715ec36ed?s=96&d=mm&r=g","caption":"Garnelo &amp; Mu\u00f1oz Abogados"},"url":"https:\/\/garneloymunozabogados.com\/?author=1"}]}},"_links":{"self":[{"href":"https:\/\/garneloymunozabogados.com\/index.php?rest_route=\/wp\/v2\/posts\/2515"}],"collection":[{"href":"https:\/\/garneloymunozabogados.com\/index.php?rest_route=\/wp\/v2\/posts"}],"about":[{"href":"https:\/\/garneloymunozabogados.com\/index.php?rest_route=\/wp\/v2\/types\/post"}],"author":[{"embeddable":true,"href":"https:\/\/garneloymunozabogados.com\/index.php?rest_route=\/wp\/v2\/users\/1"}],"replies":[{"embeddable":true,"href":"https:\/\/garneloymunozabogados.com\/index.php?rest_route=%2Fwp%2Fv2%2Fcomments&post=2515"}],"version-history":[{"count":1,"href":"https:\/\/garneloymunozabogados.com\/index.php?rest_route=\/wp\/v2\/posts\/2515\/revisions"}],"predecessor-version":[{"id":2516,"href":"https:\/\/garneloymunozabogados.com\/index.php?rest_route=\/wp\/v2\/posts\/2515\/revisions\/2516"}],"wp:attachment":[{"href":"https:\/\/garneloymunozabogados.com\/index.php?rest_route=%2Fwp%2Fv2%2Fmedia&parent=2515"}],"wp:term":[{"taxonomy":"category","embeddable":true,"href":"https:\/\/garneloymunozabogados.com\/index.php?rest_route=%2Fwp%2Fv2%2Fcategories&post=2515"},{"taxonomy":"post_tag","embeddable":true,"href":"https:\/\/garneloymunozabogados.com\/index.php?rest_route=%2Fwp%2Fv2%2Ftags&post=2515"}],"curies":[{"name":"wp","href":"https:\/\/api.w.org\/{rel}","templated":true}]}}