{"id":2513,"date":"2023-10-18T07:41:01","date_gmt":"2023-10-18T07:41:01","guid":{"rendered":"https:\/\/garneloymunozabogados.com\/?p=2513"},"modified":"2023-10-18T07:41:35","modified_gmt":"2023-10-18T07:41:35","slug":"el-tribunal-supremo-declara-que-el-cobro-aplazado-de-la-indemnizacion-por-despido-no-impide-cobrar-el-subsidio-por-desempleo","status":"publish","type":"post","link":"https:\/\/garneloymunozabogados.com\/?p=2513","title":{"rendered":"El Tribunal Supremo declara que el cobro aplazado de la indemnizaci\u00f3n por despido no impide cobrar el subsidio por desempleo"},"content":{"rendered":"\n<p>La Sala Cuarta del Tribunal Supremo corrige el criterio del SE<em>PE<\/em><\/p>\n\n\n\n<p>La Sala Cuarta del Tribunal Supremo, mediante su sentencia 694\/2023 de 3 de octubre, concluye que la indemnizaci\u00f3n por despido abonada en cantidades progresivas mensuales durante un largo per\u00edodo de tiempo (garantizadas mediante p\u00f3liza de seguros) no computa como renta a efectos de percibir el subsidio de desempleo.&nbsp;<\/p>\n\n\n\n<p>El Servicio P\u00fablico de Empleo Estatal manten\u00eda como argumento que esa consideraci\u00f3n viene impuesta por las leyes fiscales. En consecuencia, deb\u00eda computarse a efectos de determinar el nivel de ingresos del trabajador e imped\u00eda el cobro del subsidio.\u00a0<\/p>\n\n\n\n<p>Esta sentencia hace prevalecer la regla espec\u00edfica de la Ley General de Seguridad Social, conforme a la cual la indemnizaci\u00f3n legal por despido no tiene la consideraci\u00f3n de renta. Por tanto, con independencia de la forma de pago, a la hora de acceder al subsidio por desempleo, no debe computarse como ingreso a efectos de determinar si se perciben o no rentas superiores al 75% del Salario M\u00ednimo Interprofesional, que es el requisito exigido.<\/p>\n","protected":false},"excerpt":{"rendered":"<p>La Sala Cuarta del Tribunal Supremo corrige el criterio del SEPE La Sala Cuarta del Tribunal Supremo, mediante su sentencia 694\/2023 de 3 de octubre, concluye que la indemnizaci\u00f3n por despido abonada en cantidades progresivas mensuales durante un largo per\u00edodo de tiempo (garantizadas mediante p\u00f3liza de seguros) no computa como renta a efectos de percibir el subsidio de desempleo.&nbsp; El Servicio P\u00fablico de Empleo Estatal manten\u00eda como argumento que esa consideraci\u00f3n viene impuesta por las leyes fiscales. En consecuencia, deb\u00eda computarse a efectos de determinar el nivel de ingresos del trabajador e imped\u00eda el cobro del subsidio.\u00a0 Esta sentencia hace prevalecer la regla espec\u00edfica de la Ley General de Seguridad Social, conforme a la cual la indemnizaci\u00f3n legal por despido no tiene la consideraci\u00f3n de renta. Por tanto, con independencia de la forma de pago, a la hora de acceder al subsidio por desempleo, no debe computarse como ingreso a efectos de determinar si se perciben o no rentas superiores al 75% del Salario M\u00ednimo Interprofesional, que es el requisito exigido.<\/p>\n","protected":false},"author":1,"featured_media":0,"comment_status":"open","ping_status":"open","sticky":false,"template":"","format":"standard","meta":{"footnotes":""},"categories":[1],"tags":[],"yoast_head":"<!-- This site is optimized with the Yoast SEO plugin v22.3 - https:\/\/yoast.com\/wordpress\/plugins\/seo\/ -->\n<title>El Tribunal Supremo declara que el cobro aplazado de la indemnizaci\u00f3n por despido no impide cobrar el subsidio por desempleo &#8211;<\/title>\n<meta name=\"description\" content=\"El Tribunal Supremo declara que el cobro aplazado de la indemnizaci\u00f3n por despido no impide cobrar el subsidio por desempleo\" \/>\n<meta name=\"robots\" content=\"index, follow, max-snippet:-1, max-image-preview:large, max-video-preview:-1\" \/>\n<link rel=\"canonical\" href=\"https:\/\/garneloymunozabogados.com\/?p=2513\" \/>\n<meta property=\"og:locale\" content=\"es_ES\" \/>\n<meta property=\"og:type\" content=\"article\" \/>\n<meta property=\"og:title\" content=\"El Tribunal Supremo declara que el cobro aplazado de la indemnizaci\u00f3n por despido no impide cobrar el subsidio por desempleo &#8211;\" \/>\n<meta property=\"og:description\" content=\"El Tribunal Supremo declara que el cobro aplazado de la indemnizaci\u00f3n por despido no impide cobrar el subsidio por desempleo\" \/>\n<meta property=\"og:url\" content=\"https:\/\/garneloymunozabogados.com\/?p=2513\" \/>\n<meta property=\"article:published_time\" content=\"2023-10-18T07:41:01+00:00\" \/>\n<meta property=\"article:modified_time\" content=\"2023-10-18T07:41:35+00:00\" \/>\n<meta name=\"author\" content=\"Garnelo &amp; Mu\u00f1oz Abogados\" \/>\n<meta name=\"twitter:card\" content=\"summary_large_image\" \/>\n<meta name=\"twitter:label1\" content=\"Escrito por\" \/>\n\t<meta name=\"twitter:data1\" content=\"Garnelo &amp; Mu\u00f1oz Abogados\" \/>\n\t<meta name=\"twitter:label2\" content=\"Tiempo de lectura\" \/>\n\t<meta name=\"twitter:data2\" content=\"1 minuto\" \/>\n<script type=\"application\/ld+json\" class=\"yoast-schema-graph\">{\"@context\":\"https:\/\/schema.org\",\"@graph\":[{\"@type\":\"WebPage\",\"@id\":\"https:\/\/garneloymunozabogados.com\/?p=2513\",\"url\":\"https:\/\/garneloymunozabogados.com\/?p=2513\",\"name\":\"El Tribunal Supremo declara que el cobro aplazado de la indemnizaci\u00f3n por despido no impide cobrar el subsidio por desempleo &#8211;\",\"isPartOf\":{\"@id\":\"https:\/\/garneloymunozabogados.com\/#website\"},\"datePublished\":\"2023-10-18T07:41:01+00:00\",\"dateModified\":\"2023-10-18T07:41:35+00:00\",\"author\":{\"@id\":\"https:\/\/garneloymunozabogados.com\/#\/schema\/person\/1f23be8d68cd44ce56ab4c3a725e94f6\"},\"description\":\"El Tribunal Supremo declara que el cobro aplazado de la indemnizaci\u00f3n por despido no impide cobrar el subsidio por desempleo\",\"breadcrumb\":{\"@id\":\"https:\/\/garneloymunozabogados.com\/?p=2513#breadcrumb\"},\"inLanguage\":\"es\",\"potentialAction\":[{\"@type\":\"ReadAction\",\"target\":[\"https:\/\/garneloymunozabogados.com\/?p=2513\"]}]},{\"@type\":\"BreadcrumbList\",\"@id\":\"https:\/\/garneloymunozabogados.com\/?p=2513#breadcrumb\",\"itemListElement\":[{\"@type\":\"ListItem\",\"position\":1,\"name\":\"Portada\",\"item\":\"https:\/\/garneloymunozabogados.com\/\"},{\"@type\":\"ListItem\",\"position\":2,\"name\":\"El Tribunal Supremo declara que el cobro aplazado de la indemnizaci\u00f3n por despido no impide cobrar el subsidio por desempleo\"}]},{\"@type\":\"WebSite\",\"@id\":\"https:\/\/garneloymunozabogados.com\/#website\",\"url\":\"https:\/\/garneloymunozabogados.com\/\",\"name\":\"https:\/\/garneloymunozabogados.com\/\",\"description\":\"Despacho de abogados en Ponferrada\",\"alternateName\":\"gym-abogados\",\"potentialAction\":[{\"@type\":\"SearchAction\",\"target\":{\"@type\":\"EntryPoint\",\"urlTemplate\":\"https:\/\/garneloymunozabogados.com\/?s={search_term_string}\"},\"query-input\":\"required name=search_term_string\"}],\"inLanguage\":\"es\"},{\"@type\":\"Person\",\"@id\":\"https:\/\/garneloymunozabogados.com\/#\/schema\/person\/1f23be8d68cd44ce56ab4c3a725e94f6\",\"name\":\"Garnelo &amp; Mu\u00f1oz Abogados\",\"image\":{\"@type\":\"ImageObject\",\"inLanguage\":\"es\",\"@id\":\"https:\/\/garneloymunozabogados.com\/#\/schema\/person\/image\/\",\"url\":\"https:\/\/secure.gravatar.com\/avatar\/031613ad7e6e67e4e0a3cd0715ec36ed?s=96&d=mm&r=g\",\"contentUrl\":\"https:\/\/secure.gravatar.com\/avatar\/031613ad7e6e67e4e0a3cd0715ec36ed?s=96&d=mm&r=g\",\"caption\":\"Garnelo &amp; Mu\u00f1oz Abogados\"},\"url\":\"https:\/\/garneloymunozabogados.com\/?author=1\"}]}<\/script>\n<!-- \/ Yoast SEO plugin. -->","yoast_head_json":{"title":"El Tribunal Supremo declara que el cobro aplazado de la indemnizaci\u00f3n por despido no impide cobrar el subsidio por desempleo &#8211;","description":"El Tribunal Supremo declara que el cobro aplazado de la indemnizaci\u00f3n por despido no impide cobrar el subsidio por desempleo","robots":{"index":"index","follow":"follow","max-snippet":"max-snippet:-1","max-image-preview":"max-image-preview:large","max-video-preview":"max-video-preview:-1"},"canonical":"https:\/\/garneloymunozabogados.com\/?p=2513","og_locale":"es_ES","og_type":"article","og_title":"El Tribunal Supremo declara que el cobro aplazado de la indemnizaci\u00f3n por despido no impide cobrar el subsidio por desempleo &#8211;","og_description":"El Tribunal Supremo declara que el cobro aplazado de la indemnizaci\u00f3n por despido no impide cobrar el subsidio por desempleo","og_url":"https:\/\/garneloymunozabogados.com\/?p=2513","article_published_time":"2023-10-18T07:41:01+00:00","article_modified_time":"2023-10-18T07:41:35+00:00","author":"Garnelo &amp; Mu\u00f1oz Abogados","twitter_card":"summary_large_image","twitter_misc":{"Escrito por":"Garnelo &amp; Mu\u00f1oz Abogados","Tiempo de lectura":"1 minuto"},"schema":{"@context":"https:\/\/schema.org","@graph":[{"@type":"WebPage","@id":"https:\/\/garneloymunozabogados.com\/?p=2513","url":"https:\/\/garneloymunozabogados.com\/?p=2513","name":"El Tribunal Supremo declara que el cobro aplazado de la indemnizaci\u00f3n por despido no impide cobrar el subsidio por desempleo &#8211;","isPartOf":{"@id":"https:\/\/garneloymunozabogados.com\/#website"},"datePublished":"2023-10-18T07:41:01+00:00","dateModified":"2023-10-18T07:41:35+00:00","author":{"@id":"https:\/\/garneloymunozabogados.com\/#\/schema\/person\/1f23be8d68cd44ce56ab4c3a725e94f6"},"description":"El Tribunal Supremo declara que el cobro aplazado de la indemnizaci\u00f3n por despido no impide cobrar el subsidio por desempleo","breadcrumb":{"@id":"https:\/\/garneloymunozabogados.com\/?p=2513#breadcrumb"},"inLanguage":"es","potentialAction":[{"@type":"ReadAction","target":["https:\/\/garneloymunozabogados.com\/?p=2513"]}]},{"@type":"BreadcrumbList","@id":"https:\/\/garneloymunozabogados.com\/?p=2513#breadcrumb","itemListElement":[{"@type":"ListItem","position":1,"name":"Portada","item":"https:\/\/garneloymunozabogados.com\/"},{"@type":"ListItem","position":2,"name":"El Tribunal Supremo declara que el cobro aplazado de la indemnizaci\u00f3n por despido no impide cobrar el subsidio por desempleo"}]},{"@type":"WebSite","@id":"https:\/\/garneloymunozabogados.com\/#website","url":"https:\/\/garneloymunozabogados.com\/","name":"https:\/\/garneloymunozabogados.com\/","description":"Despacho de abogados en Ponferrada","alternateName":"gym-abogados","potentialAction":[{"@type":"SearchAction","target":{"@type":"EntryPoint","urlTemplate":"https:\/\/garneloymunozabogados.com\/?s={search_term_string}"},"query-input":"required name=search_term_string"}],"inLanguage":"es"},{"@type":"Person","@id":"https:\/\/garneloymunozabogados.com\/#\/schema\/person\/1f23be8d68cd44ce56ab4c3a725e94f6","name":"Garnelo &amp; Mu\u00f1oz Abogados","image":{"@type":"ImageObject","inLanguage":"es","@id":"https:\/\/garneloymunozabogados.com\/#\/schema\/person\/image\/","url":"https:\/\/secure.gravatar.com\/avatar\/031613ad7e6e67e4e0a3cd0715ec36ed?s=96&d=mm&r=g","contentUrl":"https:\/\/secure.gravatar.com\/avatar\/031613ad7e6e67e4e0a3cd0715ec36ed?s=96&d=mm&r=g","caption":"Garnelo &amp; Mu\u00f1oz Abogados"},"url":"https:\/\/garneloymunozabogados.com\/?author=1"}]}},"_links":{"self":[{"href":"https:\/\/garneloymunozabogados.com\/index.php?rest_route=\/wp\/v2\/posts\/2513"}],"collection":[{"href":"https:\/\/garneloymunozabogados.com\/index.php?rest_route=\/wp\/v2\/posts"}],"about":[{"href":"https:\/\/garneloymunozabogados.com\/index.php?rest_route=\/wp\/v2\/types\/post"}],"author":[{"embeddable":true,"href":"https:\/\/garneloymunozabogados.com\/index.php?rest_route=\/wp\/v2\/users\/1"}],"replies":[{"embeddable":true,"href":"https:\/\/garneloymunozabogados.com\/index.php?rest_route=%2Fwp%2Fv2%2Fcomments&post=2513"}],"version-history":[{"count":1,"href":"https:\/\/garneloymunozabogados.com\/index.php?rest_route=\/wp\/v2\/posts\/2513\/revisions"}],"predecessor-version":[{"id":2514,"href":"https:\/\/garneloymunozabogados.com\/index.php?rest_route=\/wp\/v2\/posts\/2513\/revisions\/2514"}],"wp:attachment":[{"href":"https:\/\/garneloymunozabogados.com\/index.php?rest_route=%2Fwp%2Fv2%2Fmedia&parent=2513"}],"wp:term":[{"taxonomy":"category","embeddable":true,"href":"https:\/\/garneloymunozabogados.com\/index.php?rest_route=%2Fwp%2Fv2%2Fcategories&post=2513"},{"taxonomy":"post_tag","embeddable":true,"href":"https:\/\/garneloymunozabogados.com\/index.php?rest_route=%2Fwp%2Fv2%2Ftags&post=2513"}],"curies":[{"name":"wp","href":"https:\/\/api.w.org\/{rel}","templated":true}]}}