{"id":2507,"date":"2023-09-26T11:02:13","date_gmt":"2023-09-26T11:02:13","guid":{"rendered":"https:\/\/garneloymunozabogados.com\/?p=2507"},"modified":"2024-01-08T23:21:43","modified_gmt":"2024-01-08T23:21:43","slug":"proteccion-de-datos","status":"publish","type":"post","link":"https:\/\/garneloymunozabogados.com\/?p=2507","title":{"rendered":"PROTECCI\u00d3N DE DATOS"},"content":{"rendered":"\n<p>Una empresa  ha pagado una sanci\u00f3n de\u00a0<strong>72.000 euros por no garantizar un tratamiento adecuado de los datos personales<\/strong>\u00a0en sus funciones de reparto. El procedimiento se inici\u00f3 con la reclamaci\u00f3n de una usuaria porque hab\u00edan entregado un paquete\u00a0<strong>a una persona equivocada<\/strong>, poniendo en riesgo los datos del usuario al que le deb\u00eda llegar el producto.<\/p>\n\n\n\n<p>La reclamante esperaba un paquete de Carrefour. El repartidor le avis\u00f3 al llegar a su casa y, al no encontrarse en su domicilio en ese momento, el destinatario le pidi\u00f3 que\u00a0<strong>se lo dejase a uno de sus vecinos<\/strong>\u00a0con el que ten\u00eda relaci\u00f3n, al que identific\u00f3 por el n\u00famero de portal. Cuando lleg\u00f3 a la vivienda del vecino indicado, este manifest\u00f3 que no le hab\u00edan dejado ning\u00fan paquete. De esta forma,\u00a0<strong>adem\u00e1s de perder el contenido del paquete<\/strong>, sus datos personales (nombre, apellidos, DNI, n\u00famero de tel\u00e9fono e incluso datos bancarios que se encontrasen en la factura) han quedado expuestos y a disposici\u00f3n de la persona que ha recogido el paquete.<\/p>\n\n\n\n<p>As\u00ed, por incumplir dos apartados del art\u00edculo 28 del Reglamento General de Protecci\u00f3n de Datos, la Administraci\u00f3n propuso dos&nbsp;<strong>sanciones iniciales que sumaban 120.000 euros<\/strong>. Sin embargo, la empresa se benefici\u00f3 de dos reducciones acumulables del 20%, por reconocer su responsabilidad y efectuar el pago con prontitud. De esa forma, la mercantil ha pagado 72.000 euros y el procedimiento se ha dado por concluido.<\/p>\n","protected":false},"excerpt":{"rendered":"<p>Una empresa ha pagado una sanci\u00f3n de\u00a072.000 euros por no garantizar un tratamiento adecuado de los datos personales\u00a0en sus funciones de reparto. El procedimiento se inici\u00f3 con la reclamaci\u00f3n de una usuaria porque hab\u00edan entregado un paquete\u00a0a una persona equivocada, poniendo en riesgo los datos del usuario al que le deb\u00eda llegar el producto. La reclamante esperaba un paquete de Carrefour. El repartidor le avis\u00f3 al llegar a su casa y, al no encontrarse en su domicilio en ese momento, el destinatario le pidi\u00f3 que\u00a0se lo dejase a uno de sus vecinos\u00a0con el que ten\u00eda relaci\u00f3n, al que identific\u00f3 por el n\u00famero de portal. Cuando lleg\u00f3 a la vivienda del vecino indicado, este manifest\u00f3 que no le hab\u00edan dejado ning\u00fan paquete. De esta forma,\u00a0adem\u00e1s de perder el contenido del paquete, sus datos personales (nombre, apellidos, DNI, n\u00famero de tel\u00e9fono e incluso datos bancarios que se encontrasen en la factura) han quedado expuestos y a disposici\u00f3n de la persona que ha recogido el paquete. As\u00ed, por incumplir dos apartados del art\u00edculo 28 del Reglamento General de Protecci\u00f3n de Datos, la Administraci\u00f3n propuso dos&nbsp;sanciones iniciales que sumaban 120.000 euros. Sin embargo, la empresa se benefici\u00f3 de dos reducciones acumulables del 20%, por reconocer su responsabilidad y efectuar el pago con prontitud. De esa forma, la mercantil ha pagado 72.000 euros y el procedimiento se ha dado por concluido.<\/p>\n","protected":false},"author":1,"featured_media":0,"comment_status":"open","ping_status":"open","sticky":false,"template":"","format":"standard","meta":{"footnotes":""},"categories":[9],"tags":[],"yoast_head":"<!-- This site is optimized with the Yoast SEO plugin v22.3 - https:\/\/yoast.com\/wordpress\/plugins\/seo\/ -->\n<title>PROTECCI\u00d3N DE DATOS &#8211;<\/title>\n<meta name=\"description\" content=\"PROTECCI\u00d3N DE DATOS\" \/>\n<meta name=\"robots\" content=\"index, follow, max-snippet:-1, max-image-preview:large, max-video-preview:-1\" \/>\n<link rel=\"canonical\" href=\"https:\/\/garneloymunozabogados.com\/?p=2507\" \/>\n<meta property=\"og:locale\" content=\"es_ES\" \/>\n<meta property=\"og:type\" content=\"article\" \/>\n<meta property=\"og:title\" content=\"PROTECCI\u00d3N DE DATOS &#8211;\" \/>\n<meta property=\"og:description\" content=\"PROTECCI\u00d3N DE DATOS\" \/>\n<meta property=\"og:url\" content=\"https:\/\/garneloymunozabogados.com\/?p=2507\" \/>\n<meta property=\"article:published_time\" content=\"2023-09-26T11:02:13+00:00\" \/>\n<meta property=\"article:modified_time\" content=\"2024-01-08T23:21:43+00:00\" \/>\n<meta name=\"author\" content=\"Garnelo &amp; Mu\u00f1oz Abogados\" \/>\n<meta name=\"twitter:card\" content=\"summary_large_image\" \/>\n<meta name=\"twitter:label1\" content=\"Escrito por\" \/>\n\t<meta name=\"twitter:data1\" content=\"Garnelo &amp; Mu\u00f1oz Abogados\" \/>\n\t<meta name=\"twitter:label2\" content=\"Tiempo de lectura\" \/>\n\t<meta name=\"twitter:data2\" content=\"1 minuto\" \/>\n<script type=\"application\/ld+json\" class=\"yoast-schema-graph\">{\"@context\":\"https:\/\/schema.org\",\"@graph\":[{\"@type\":\"WebPage\",\"@id\":\"https:\/\/garneloymunozabogados.com\/?p=2507\",\"url\":\"https:\/\/garneloymunozabogados.com\/?p=2507\",\"name\":\"PROTECCI\u00d3N DE DATOS &#8211;\",\"isPartOf\":{\"@id\":\"https:\/\/garneloymunozabogados.com\/#website\"},\"datePublished\":\"2023-09-26T11:02:13+00:00\",\"dateModified\":\"2024-01-08T23:21:43+00:00\",\"author\":{\"@id\":\"https:\/\/garneloymunozabogados.com\/#\/schema\/person\/1f23be8d68cd44ce56ab4c3a725e94f6\"},\"description\":\"PROTECCI\u00d3N DE DATOS\",\"breadcrumb\":{\"@id\":\"https:\/\/garneloymunozabogados.com\/?p=2507#breadcrumb\"},\"inLanguage\":\"es\",\"potentialAction\":[{\"@type\":\"ReadAction\",\"target\":[\"https:\/\/garneloymunozabogados.com\/?p=2507\"]}]},{\"@type\":\"BreadcrumbList\",\"@id\":\"https:\/\/garneloymunozabogados.com\/?p=2507#breadcrumb\",\"itemListElement\":[{\"@type\":\"ListItem\",\"position\":1,\"name\":\"Portada\",\"item\":\"https:\/\/garneloymunozabogados.com\/\"},{\"@type\":\"ListItem\",\"position\":2,\"name\":\"PROTECCI\u00d3N DE DATOS\"}]},{\"@type\":\"WebSite\",\"@id\":\"https:\/\/garneloymunozabogados.com\/#website\",\"url\":\"https:\/\/garneloymunozabogados.com\/\",\"name\":\"https:\/\/garneloymunozabogados.com\/\",\"description\":\"Despacho de abogados en Ponferrada\",\"alternateName\":\"gym-abogados\",\"potentialAction\":[{\"@type\":\"SearchAction\",\"target\":{\"@type\":\"EntryPoint\",\"urlTemplate\":\"https:\/\/garneloymunozabogados.com\/?s={search_term_string}\"},\"query-input\":\"required name=search_term_string\"}],\"inLanguage\":\"es\"},{\"@type\":\"Person\",\"@id\":\"https:\/\/garneloymunozabogados.com\/#\/schema\/person\/1f23be8d68cd44ce56ab4c3a725e94f6\",\"name\":\"Garnelo &amp; Mu\u00f1oz Abogados\",\"image\":{\"@type\":\"ImageObject\",\"inLanguage\":\"es\",\"@id\":\"https:\/\/garneloymunozabogados.com\/#\/schema\/person\/image\/\",\"url\":\"https:\/\/secure.gravatar.com\/avatar\/031613ad7e6e67e4e0a3cd0715ec36ed?s=96&d=mm&r=g\",\"contentUrl\":\"https:\/\/secure.gravatar.com\/avatar\/031613ad7e6e67e4e0a3cd0715ec36ed?s=96&d=mm&r=g\",\"caption\":\"Garnelo &amp; Mu\u00f1oz Abogados\"},\"url\":\"https:\/\/garneloymunozabogados.com\/?author=1\"}]}<\/script>\n<!-- \/ Yoast SEO plugin. -->","yoast_head_json":{"title":"PROTECCI\u00d3N DE DATOS &#8211;","description":"PROTECCI\u00d3N DE DATOS","robots":{"index":"index","follow":"follow","max-snippet":"max-snippet:-1","max-image-preview":"max-image-preview:large","max-video-preview":"max-video-preview:-1"},"canonical":"https:\/\/garneloymunozabogados.com\/?p=2507","og_locale":"es_ES","og_type":"article","og_title":"PROTECCI\u00d3N DE DATOS &#8211;","og_description":"PROTECCI\u00d3N DE DATOS","og_url":"https:\/\/garneloymunozabogados.com\/?p=2507","article_published_time":"2023-09-26T11:02:13+00:00","article_modified_time":"2024-01-08T23:21:43+00:00","author":"Garnelo &amp; Mu\u00f1oz Abogados","twitter_card":"summary_large_image","twitter_misc":{"Escrito por":"Garnelo &amp; Mu\u00f1oz Abogados","Tiempo de lectura":"1 minuto"},"schema":{"@context":"https:\/\/schema.org","@graph":[{"@type":"WebPage","@id":"https:\/\/garneloymunozabogados.com\/?p=2507","url":"https:\/\/garneloymunozabogados.com\/?p=2507","name":"PROTECCI\u00d3N DE DATOS &#8211;","isPartOf":{"@id":"https:\/\/garneloymunozabogados.com\/#website"},"datePublished":"2023-09-26T11:02:13+00:00","dateModified":"2024-01-08T23:21:43+00:00","author":{"@id":"https:\/\/garneloymunozabogados.com\/#\/schema\/person\/1f23be8d68cd44ce56ab4c3a725e94f6"},"description":"PROTECCI\u00d3N DE DATOS","breadcrumb":{"@id":"https:\/\/garneloymunozabogados.com\/?p=2507#breadcrumb"},"inLanguage":"es","potentialAction":[{"@type":"ReadAction","target":["https:\/\/garneloymunozabogados.com\/?p=2507"]}]},{"@type":"BreadcrumbList","@id":"https:\/\/garneloymunozabogados.com\/?p=2507#breadcrumb","itemListElement":[{"@type":"ListItem","position":1,"name":"Portada","item":"https:\/\/garneloymunozabogados.com\/"},{"@type":"ListItem","position":2,"name":"PROTECCI\u00d3N DE DATOS"}]},{"@type":"WebSite","@id":"https:\/\/garneloymunozabogados.com\/#website","url":"https:\/\/garneloymunozabogados.com\/","name":"https:\/\/garneloymunozabogados.com\/","description":"Despacho de abogados en Ponferrada","alternateName":"gym-abogados","potentialAction":[{"@type":"SearchAction","target":{"@type":"EntryPoint","urlTemplate":"https:\/\/garneloymunozabogados.com\/?s={search_term_string}"},"query-input":"required name=search_term_string"}],"inLanguage":"es"},{"@type":"Person","@id":"https:\/\/garneloymunozabogados.com\/#\/schema\/person\/1f23be8d68cd44ce56ab4c3a725e94f6","name":"Garnelo &amp; Mu\u00f1oz Abogados","image":{"@type":"ImageObject","inLanguage":"es","@id":"https:\/\/garneloymunozabogados.com\/#\/schema\/person\/image\/","url":"https:\/\/secure.gravatar.com\/avatar\/031613ad7e6e67e4e0a3cd0715ec36ed?s=96&d=mm&r=g","contentUrl":"https:\/\/secure.gravatar.com\/avatar\/031613ad7e6e67e4e0a3cd0715ec36ed?s=96&d=mm&r=g","caption":"Garnelo &amp; Mu\u00f1oz Abogados"},"url":"https:\/\/garneloymunozabogados.com\/?author=1"}]}},"_links":{"self":[{"href":"https:\/\/garneloymunozabogados.com\/index.php?rest_route=\/wp\/v2\/posts\/2507"}],"collection":[{"href":"https:\/\/garneloymunozabogados.com\/index.php?rest_route=\/wp\/v2\/posts"}],"about":[{"href":"https:\/\/garneloymunozabogados.com\/index.php?rest_route=\/wp\/v2\/types\/post"}],"author":[{"embeddable":true,"href":"https:\/\/garneloymunozabogados.com\/index.php?rest_route=\/wp\/v2\/users\/1"}],"replies":[{"embeddable":true,"href":"https:\/\/garneloymunozabogados.com\/index.php?rest_route=%2Fwp%2Fv2%2Fcomments&post=2507"}],"version-history":[{"count":1,"href":"https:\/\/garneloymunozabogados.com\/index.php?rest_route=\/wp\/v2\/posts\/2507\/revisions"}],"predecessor-version":[{"id":2508,"href":"https:\/\/garneloymunozabogados.com\/index.php?rest_route=\/wp\/v2\/posts\/2507\/revisions\/2508"}],"wp:attachment":[{"href":"https:\/\/garneloymunozabogados.com\/index.php?rest_route=%2Fwp%2Fv2%2Fmedia&parent=2507"}],"wp:term":[{"taxonomy":"category","embeddable":true,"href":"https:\/\/garneloymunozabogados.com\/index.php?rest_route=%2Fwp%2Fv2%2Fcategories&post=2507"},{"taxonomy":"post_tag","embeddable":true,"href":"https:\/\/garneloymunozabogados.com\/index.php?rest_route=%2Fwp%2Fv2%2Ftags&post=2507"}],"curies":[{"name":"wp","href":"https:\/\/api.w.org\/{rel}","templated":true}]}}