{"id":2505,"date":"2023-09-25T09:29:00","date_gmt":"2023-09-25T09:29:00","guid":{"rendered":"https:\/\/garneloymunozabogados.com\/?p=2505"},"modified":"2024-04-01T16:02:02","modified_gmt":"2024-04-01T16:02:02","slug":"responsabilidad-de-las-comunidades-de-propietarios","status":"publish","type":"post","link":"https:\/\/garneloymunozabogados.com\/?p=2505","title":{"rendered":"RESPONSABILIDAD DE LAS COMUNIDADES DE PROPIETARIOS"},"content":{"rendered":"\n<p>La Audiencia de Valladolid ha condenado a una comunidad de propietarios a indemnizar con 12.155,20 euros a un repartidor de Correos por las lesiones sufridas al tropezar con un escal\u00f3n del portal.<\/p>\n\n\n\n<p>El suceso se produjo cuando el empleado, seg\u00fan relata la sentencia y tras entregar una notificaci\u00f3n a una de las vecinas, se tropez\u00f3 al salir del portal del edificio con un escal\u00f3n o reborde de la puerta, sufriendo heridas en una pierna y dos posteriores intervenciones quir\u00fargicas.&nbsp;<\/p>\n\n\n\n<p>Entiende el Tribunal que \u201c<em>no resulta exigible que un peat\u00f3n prevea la presencia de un desnivel reducido (apenas 9 cm.), pero al mismo tiempo relevante, no se\u00f1alizado ni resaltado, sino m\u00e1s&nbsp;bien enmascarado, en el curso del itinerario peatonal ordinario de salida del portal del edificio<\/em>\u201d (&#8230;) &nbsp;as\u00ed como que \u201c<em>Existe una negligente disposici\u00f3n del cambio de nivel entre la calle y el portal, que por las particulares caracter\u00edsticas que presenta constituye un obst\u00e1culo que excede de la normalidad y de los riesgos generales por no tener car\u00e1cter previsible para la v\u00edctima<\/em>\u201d.<\/p>\n","protected":false},"excerpt":{"rendered":"<p>La Audiencia de Valladolid ha condenado a una comunidad de propietarios a indemnizar con 12.155,20 euros a un repartidor de Correos por las lesiones sufridas al tropezar con un escal\u00f3n del portal. El suceso se produjo cuando el empleado, seg\u00fan relata la sentencia y tras entregar una notificaci\u00f3n a una de las vecinas, se tropez\u00f3 al salir del portal del edificio con un escal\u00f3n o reborde de la puerta, sufriendo heridas en una pierna y dos posteriores intervenciones quir\u00fargicas.&nbsp; Entiende el Tribunal que \u201cno resulta exigible que un peat\u00f3n prevea la presencia de un desnivel reducido (apenas 9 cm.), pero al mismo tiempo relevante, no se\u00f1alizado ni resaltado, sino m\u00e1s&nbsp;bien enmascarado, en el curso del itinerario peatonal ordinario de salida del portal del edificio\u201d (&#8230;) &nbsp;as\u00ed como que \u201cExiste una negligente disposici\u00f3n del cambio de nivel entre la calle y el portal, que por las particulares caracter\u00edsticas que presenta constituye un obst\u00e1culo que excede de la normalidad y de los riesgos generales por no tener car\u00e1cter previsible para la v\u00edctima\u201d.<\/p>\n","protected":false},"author":1,"featured_media":0,"comment_status":"open","ping_status":"open","sticky":false,"template":"","format":"standard","meta":{"footnotes":""},"categories":[9],"tags":[],"yoast_head":"<!-- This site is optimized with the Yoast SEO plugin v22.3 - https:\/\/yoast.com\/wordpress\/plugins\/seo\/ -->\n<title>RESPONSABILIDAD DE LAS COMUNIDADES DE PROPIETARIOS &#8211;<\/title>\n<meta name=\"description\" content=\"RESPONSABILIDAD DE LAS COMUNIDADES DE PROPIETARIOS\" \/>\n<meta name=\"robots\" content=\"index, follow, max-snippet:-1, max-image-preview:large, max-video-preview:-1\" \/>\n<link rel=\"canonical\" href=\"https:\/\/garneloymunozabogados.com\/?p=2505\" \/>\n<meta property=\"og:locale\" content=\"es_ES\" \/>\n<meta property=\"og:type\" content=\"article\" \/>\n<meta property=\"og:title\" content=\"RESPONSABILIDAD DE LAS COMUNIDADES DE PROPIETARIOS &#8211;\" \/>\n<meta property=\"og:description\" content=\"RESPONSABILIDAD DE LAS COMUNIDADES DE PROPIETARIOS\" \/>\n<meta property=\"og:url\" content=\"https:\/\/garneloymunozabogados.com\/?p=2505\" \/>\n<meta property=\"article:published_time\" content=\"2023-09-25T09:29:00+00:00\" \/>\n<meta property=\"article:modified_time\" content=\"2024-04-01T16:02:02+00:00\" \/>\n<meta name=\"author\" content=\"Garnelo &amp; Mu\u00f1oz Abogados\" \/>\n<meta name=\"twitter:card\" content=\"summary_large_image\" \/>\n<meta name=\"twitter:label1\" content=\"Escrito por\" \/>\n\t<meta name=\"twitter:data1\" content=\"Garnelo &amp; Mu\u00f1oz Abogados\" \/>\n\t<meta name=\"twitter:label2\" content=\"Tiempo de lectura\" \/>\n\t<meta name=\"twitter:data2\" content=\"1 minuto\" \/>\n<script type=\"application\/ld+json\" class=\"yoast-schema-graph\">{\"@context\":\"https:\/\/schema.org\",\"@graph\":[{\"@type\":\"WebPage\",\"@id\":\"https:\/\/garneloymunozabogados.com\/?p=2505\",\"url\":\"https:\/\/garneloymunozabogados.com\/?p=2505\",\"name\":\"RESPONSABILIDAD DE LAS COMUNIDADES DE PROPIETARIOS &#8211;\",\"isPartOf\":{\"@id\":\"https:\/\/garneloymunozabogados.com\/#website\"},\"datePublished\":\"2023-09-25T09:29:00+00:00\",\"dateModified\":\"2024-04-01T16:02:02+00:00\",\"author\":{\"@id\":\"https:\/\/garneloymunozabogados.com\/#\/schema\/person\/1f23be8d68cd44ce56ab4c3a725e94f6\"},\"description\":\"RESPONSABILIDAD DE LAS COMUNIDADES DE PROPIETARIOS\",\"breadcrumb\":{\"@id\":\"https:\/\/garneloymunozabogados.com\/?p=2505#breadcrumb\"},\"inLanguage\":\"es\",\"potentialAction\":[{\"@type\":\"ReadAction\",\"target\":[\"https:\/\/garneloymunozabogados.com\/?p=2505\"]}]},{\"@type\":\"BreadcrumbList\",\"@id\":\"https:\/\/garneloymunozabogados.com\/?p=2505#breadcrumb\",\"itemListElement\":[{\"@type\":\"ListItem\",\"position\":1,\"name\":\"Portada\",\"item\":\"https:\/\/garneloymunozabogados.com\/\"},{\"@type\":\"ListItem\",\"position\":2,\"name\":\"RESPONSABILIDAD DE LAS COMUNIDADES DE PROPIETARIOS\"}]},{\"@type\":\"WebSite\",\"@id\":\"https:\/\/garneloymunozabogados.com\/#website\",\"url\":\"https:\/\/garneloymunozabogados.com\/\",\"name\":\"https:\/\/garneloymunozabogados.com\/\",\"description\":\"Despacho de abogados en Ponferrada\",\"alternateName\":\"gym-abogados\",\"potentialAction\":[{\"@type\":\"SearchAction\",\"target\":{\"@type\":\"EntryPoint\",\"urlTemplate\":\"https:\/\/garneloymunozabogados.com\/?s={search_term_string}\"},\"query-input\":\"required name=search_term_string\"}],\"inLanguage\":\"es\"},{\"@type\":\"Person\",\"@id\":\"https:\/\/garneloymunozabogados.com\/#\/schema\/person\/1f23be8d68cd44ce56ab4c3a725e94f6\",\"name\":\"Garnelo &amp; Mu\u00f1oz Abogados\",\"image\":{\"@type\":\"ImageObject\",\"inLanguage\":\"es\",\"@id\":\"https:\/\/garneloymunozabogados.com\/#\/schema\/person\/image\/\",\"url\":\"https:\/\/secure.gravatar.com\/avatar\/031613ad7e6e67e4e0a3cd0715ec36ed?s=96&d=mm&r=g\",\"contentUrl\":\"https:\/\/secure.gravatar.com\/avatar\/031613ad7e6e67e4e0a3cd0715ec36ed?s=96&d=mm&r=g\",\"caption\":\"Garnelo &amp; Mu\u00f1oz Abogados\"},\"url\":\"https:\/\/garneloymunozabogados.com\/?author=1\"}]}<\/script>\n<!-- \/ Yoast SEO plugin. -->","yoast_head_json":{"title":"RESPONSABILIDAD DE LAS COMUNIDADES DE PROPIETARIOS &#8211;","description":"RESPONSABILIDAD DE LAS COMUNIDADES DE PROPIETARIOS","robots":{"index":"index","follow":"follow","max-snippet":"max-snippet:-1","max-image-preview":"max-image-preview:large","max-video-preview":"max-video-preview:-1"},"canonical":"https:\/\/garneloymunozabogados.com\/?p=2505","og_locale":"es_ES","og_type":"article","og_title":"RESPONSABILIDAD DE LAS COMUNIDADES DE PROPIETARIOS &#8211;","og_description":"RESPONSABILIDAD DE LAS COMUNIDADES DE PROPIETARIOS","og_url":"https:\/\/garneloymunozabogados.com\/?p=2505","article_published_time":"2023-09-25T09:29:00+00:00","article_modified_time":"2024-04-01T16:02:02+00:00","author":"Garnelo &amp; Mu\u00f1oz Abogados","twitter_card":"summary_large_image","twitter_misc":{"Escrito por":"Garnelo &amp; Mu\u00f1oz Abogados","Tiempo de lectura":"1 minuto"},"schema":{"@context":"https:\/\/schema.org","@graph":[{"@type":"WebPage","@id":"https:\/\/garneloymunozabogados.com\/?p=2505","url":"https:\/\/garneloymunozabogados.com\/?p=2505","name":"RESPONSABILIDAD DE LAS COMUNIDADES DE PROPIETARIOS &#8211;","isPartOf":{"@id":"https:\/\/garneloymunozabogados.com\/#website"},"datePublished":"2023-09-25T09:29:00+00:00","dateModified":"2024-04-01T16:02:02+00:00","author":{"@id":"https:\/\/garneloymunozabogados.com\/#\/schema\/person\/1f23be8d68cd44ce56ab4c3a725e94f6"},"description":"RESPONSABILIDAD DE LAS COMUNIDADES DE PROPIETARIOS","breadcrumb":{"@id":"https:\/\/garneloymunozabogados.com\/?p=2505#breadcrumb"},"inLanguage":"es","potentialAction":[{"@type":"ReadAction","target":["https:\/\/garneloymunozabogados.com\/?p=2505"]}]},{"@type":"BreadcrumbList","@id":"https:\/\/garneloymunozabogados.com\/?p=2505#breadcrumb","itemListElement":[{"@type":"ListItem","position":1,"name":"Portada","item":"https:\/\/garneloymunozabogados.com\/"},{"@type":"ListItem","position":2,"name":"RESPONSABILIDAD DE LAS COMUNIDADES DE PROPIETARIOS"}]},{"@type":"WebSite","@id":"https:\/\/garneloymunozabogados.com\/#website","url":"https:\/\/garneloymunozabogados.com\/","name":"https:\/\/garneloymunozabogados.com\/","description":"Despacho de abogados en Ponferrada","alternateName":"gym-abogados","potentialAction":[{"@type":"SearchAction","target":{"@type":"EntryPoint","urlTemplate":"https:\/\/garneloymunozabogados.com\/?s={search_term_string}"},"query-input":"required name=search_term_string"}],"inLanguage":"es"},{"@type":"Person","@id":"https:\/\/garneloymunozabogados.com\/#\/schema\/person\/1f23be8d68cd44ce56ab4c3a725e94f6","name":"Garnelo &amp; Mu\u00f1oz Abogados","image":{"@type":"ImageObject","inLanguage":"es","@id":"https:\/\/garneloymunozabogados.com\/#\/schema\/person\/image\/","url":"https:\/\/secure.gravatar.com\/avatar\/031613ad7e6e67e4e0a3cd0715ec36ed?s=96&d=mm&r=g","contentUrl":"https:\/\/secure.gravatar.com\/avatar\/031613ad7e6e67e4e0a3cd0715ec36ed?s=96&d=mm&r=g","caption":"Garnelo &amp; Mu\u00f1oz Abogados"},"url":"https:\/\/garneloymunozabogados.com\/?author=1"}]}},"_links":{"self":[{"href":"https:\/\/garneloymunozabogados.com\/index.php?rest_route=\/wp\/v2\/posts\/2505"}],"collection":[{"href":"https:\/\/garneloymunozabogados.com\/index.php?rest_route=\/wp\/v2\/posts"}],"about":[{"href":"https:\/\/garneloymunozabogados.com\/index.php?rest_route=\/wp\/v2\/types\/post"}],"author":[{"embeddable":true,"href":"https:\/\/garneloymunozabogados.com\/index.php?rest_route=\/wp\/v2\/users\/1"}],"replies":[{"embeddable":true,"href":"https:\/\/garneloymunozabogados.com\/index.php?rest_route=%2Fwp%2Fv2%2Fcomments&post=2505"}],"version-history":[{"count":2,"href":"https:\/\/garneloymunozabogados.com\/index.php?rest_route=\/wp\/v2\/posts\/2505\/revisions"}],"predecessor-version":[{"id":3232,"href":"https:\/\/garneloymunozabogados.com\/index.php?rest_route=\/wp\/v2\/posts\/2505\/revisions\/3232"}],"wp:attachment":[{"href":"https:\/\/garneloymunozabogados.com\/index.php?rest_route=%2Fwp%2Fv2%2Fmedia&parent=2505"}],"wp:term":[{"taxonomy":"category","embeddable":true,"href":"https:\/\/garneloymunozabogados.com\/index.php?rest_route=%2Fwp%2Fv2%2Fcategories&post=2505"},{"taxonomy":"post_tag","embeddable":true,"href":"https:\/\/garneloymunozabogados.com\/index.php?rest_route=%2Fwp%2Fv2%2Ftags&post=2505"}],"curies":[{"name":"wp","href":"https:\/\/api.w.org\/{rel}","templated":true}]}}