{"id":2498,"date":"2023-06-08T10:34:10","date_gmt":"2023-06-08T10:34:10","guid":{"rendered":"https:\/\/garneloymunozabogados.com\/?p=2498"},"modified":"2023-06-08T10:34:13","modified_gmt":"2023-06-08T10:34:13","slug":"el-tribunal-supremo-considera-ilicitas-las-fotos-que-un-detective-hizo-a-un-trabajador-de-baja-haciendo-labores-en-el-jardin-de-su-casa","status":"publish","type":"post","link":"https:\/\/garneloymunozabogados.com\/?p=2498","title":{"rendered":"El Tribunal Supremo considera il\u00edcitas las fotos que un detective hizo a un trabajador de baja haciendo labores en el jard\u00edn de su casa"},"content":{"rendered":"\n<p>La Sala de lo Social del Tribunal Supremo ha considerado il\u00edcitas las fotograf\u00edas que un detective privado realiz\u00f3 a un trabajador, que estaba de baja con cervicalgia, haciendo labores de esfuerzo en el jard\u00edn y en el huerto de su casa, y que fueron utilizadas por la empresa para acordar su despido disciplinario por realizar actividades incompatibles con sus dolencias.&nbsp;<\/p>\n\n\n\n<p>Como consecuencia de la ilicitud de la prueba por invadir el derecho a la intimidad del trabajador, el tribunal confirma la improcedencia de su despido y desestima el recurso de casaci\u00f3n de la empresa.&nbsp;<\/p>\n\n\n\n<p>Para la Sala, el jard\u00edn del domicilio es un espacio que ha de incluirse en el concepto de domicilio del trabajador o, al menos, en el concepto de otros lugares reservados en el que solo se puede entrar con el consentimiento de su titular, o, salvo supuestos de flagrante delito mediante resoluci\u00f3n judicial.&nbsp;<\/p>\n\n\n\n<p>Indica que se trata de un \u00e1mbito en el que se ejerce la vida \u00edntima, personal y familiar y que puede permanecer ajeno a las intromisiones de terceros en contra de la voluntad de su titular. \u201cEs un espacio en el que este tambi\u00e9n tiene una expectativa leg\u00edtima de privacidad, aunque pueda ser con alguna intensidad menor que en el espacio edificado distinto del jard\u00edn\u201d, subrayan los magistrados.<\/p>\n\n\n\n<p>Se explica que la Ley 5\/2014 de Seguridad Privada permite de forma expresa que los detectives privados realicen averiguaciones para obtener y aportar, por cuenta de terceros legitimados, pruebas sobre la vida personal, familiar o social, pero excluye expresamente \u201cla que se desarrolle en los domicilios o lugares reservados\u201d.\u00a0<\/p>\n\n\n\n<p>\u00a0<\/p>\n\n\n\n<p><\/p>\n","protected":false},"excerpt":{"rendered":"<p>La Sala de lo Social del Tribunal Supremo ha considerado il\u00edcitas las fotograf\u00edas que un detective privado realiz\u00f3 a un trabajador, que estaba de baja con cervicalgia, haciendo labores de esfuerzo en el jard\u00edn y en el huerto de su casa, y que fueron utilizadas por la empresa para acordar su despido disciplinario por realizar actividades incompatibles con sus dolencias.&nbsp; Como consecuencia de la ilicitud de la prueba por invadir el derecho a la intimidad del trabajador, el tribunal confirma la improcedencia de su despido y desestima el recurso de casaci\u00f3n de la empresa.&nbsp; Para la Sala, el jard\u00edn del domicilio es un espacio que ha de incluirse en el concepto de domicilio del trabajador o, al menos, en el concepto de otros lugares reservados en el que solo se puede entrar con el consentimiento de su titular, o, salvo supuestos de flagrante delito mediante resoluci\u00f3n judicial.&nbsp; Indica que se trata de un \u00e1mbito en el que se ejerce la vida \u00edntima, personal y familiar y que puede permanecer ajeno a las intromisiones de terceros en contra de la voluntad de su titular. \u201cEs un espacio en el que este tambi\u00e9n tiene una expectativa leg\u00edtima de privacidad, aunque pueda ser con alguna intensidad menor que en el espacio edificado distinto del jard\u00edn\u201d, subrayan los magistrados. Se explica que la Ley 5\/2014 de Seguridad Privada permite de forma expresa que los detectives privados realicen averiguaciones para obtener y aportar, por cuenta de terceros legitimados, pruebas sobre la vida personal, familiar o social, pero excluye expresamente \u201cla que se desarrolle en los domicilios o lugares reservados\u201d.\u00a0 \u00a0<\/p>\n","protected":false},"author":1,"featured_media":0,"comment_status":"open","ping_status":"open","sticky":false,"template":"","format":"standard","meta":{"footnotes":""},"categories":[1],"tags":[],"yoast_head":"<!-- This site is optimized with the Yoast SEO plugin v22.3 - https:\/\/yoast.com\/wordpress\/plugins\/seo\/ -->\n<title>El Tribunal Supremo considera il\u00edcitas las fotos que un detective hizo a un trabajador de baja haciendo labores en el jard\u00edn de su casa &#8211;<\/title>\n<meta name=\"description\" content=\"El Tribunal Supremo considera il\u00edcitas las fotos que un detective hizo a un trabajador de baja haciendo labores en el jard\u00edn de su casa\" \/>\n<meta name=\"robots\" content=\"index, follow, max-snippet:-1, max-image-preview:large, max-video-preview:-1\" \/>\n<link rel=\"canonical\" href=\"https:\/\/garneloymunozabogados.com\/?p=2498\" \/>\n<meta property=\"og:locale\" content=\"es_ES\" \/>\n<meta property=\"og:type\" content=\"article\" \/>\n<meta property=\"og:title\" content=\"El Tribunal Supremo considera il\u00edcitas las fotos que un detective hizo a un trabajador de baja haciendo labores en el jard\u00edn de su casa &#8211;\" \/>\n<meta property=\"og:description\" content=\"El Tribunal Supremo considera il\u00edcitas las fotos que un detective hizo a un trabajador de baja haciendo labores en el jard\u00edn de su casa\" \/>\n<meta property=\"og:url\" content=\"https:\/\/garneloymunozabogados.com\/?p=2498\" \/>\n<meta property=\"article:published_time\" content=\"2023-06-08T10:34:10+00:00\" \/>\n<meta property=\"article:modified_time\" content=\"2023-06-08T10:34:13+00:00\" \/>\n<meta name=\"author\" content=\"Garnelo &amp; Mu\u00f1oz Abogados\" \/>\n<meta name=\"twitter:card\" content=\"summary_large_image\" \/>\n<meta name=\"twitter:label1\" content=\"Escrito por\" \/>\n\t<meta name=\"twitter:data1\" content=\"Garnelo &amp; Mu\u00f1oz Abogados\" \/>\n\t<meta name=\"twitter:label2\" content=\"Tiempo de lectura\" \/>\n\t<meta name=\"twitter:data2\" content=\"1 minuto\" \/>\n<script type=\"application\/ld+json\" class=\"yoast-schema-graph\">{\"@context\":\"https:\/\/schema.org\",\"@graph\":[{\"@type\":\"WebPage\",\"@id\":\"https:\/\/garneloymunozabogados.com\/?p=2498\",\"url\":\"https:\/\/garneloymunozabogados.com\/?p=2498\",\"name\":\"El Tribunal Supremo considera il\u00edcitas las fotos que un detective hizo a un trabajador de baja haciendo labores en el jard\u00edn de su casa &#8211;\",\"isPartOf\":{\"@id\":\"https:\/\/garneloymunozabogados.com\/#website\"},\"datePublished\":\"2023-06-08T10:34:10+00:00\",\"dateModified\":\"2023-06-08T10:34:13+00:00\",\"author\":{\"@id\":\"https:\/\/garneloymunozabogados.com\/#\/schema\/person\/1f23be8d68cd44ce56ab4c3a725e94f6\"},\"description\":\"El Tribunal Supremo considera il\u00edcitas las fotos que un detective hizo a un trabajador de baja haciendo labores en el jard\u00edn de su casa\",\"breadcrumb\":{\"@id\":\"https:\/\/garneloymunozabogados.com\/?p=2498#breadcrumb\"},\"inLanguage\":\"es\",\"potentialAction\":[{\"@type\":\"ReadAction\",\"target\":[\"https:\/\/garneloymunozabogados.com\/?p=2498\"]}]},{\"@type\":\"BreadcrumbList\",\"@id\":\"https:\/\/garneloymunozabogados.com\/?p=2498#breadcrumb\",\"itemListElement\":[{\"@type\":\"ListItem\",\"position\":1,\"name\":\"Portada\",\"item\":\"https:\/\/garneloymunozabogados.com\/\"},{\"@type\":\"ListItem\",\"position\":2,\"name\":\"El Tribunal Supremo considera il\u00edcitas las fotos que un detective hizo a un trabajador de baja haciendo labores en el jard\u00edn de su casa\"}]},{\"@type\":\"WebSite\",\"@id\":\"https:\/\/garneloymunozabogados.com\/#website\",\"url\":\"https:\/\/garneloymunozabogados.com\/\",\"name\":\"https:\/\/garneloymunozabogados.com\/\",\"description\":\"Despacho de abogados en Ponferrada\",\"alternateName\":\"gym-abogados\",\"potentialAction\":[{\"@type\":\"SearchAction\",\"target\":{\"@type\":\"EntryPoint\",\"urlTemplate\":\"https:\/\/garneloymunozabogados.com\/?s={search_term_string}\"},\"query-input\":\"required name=search_term_string\"}],\"inLanguage\":\"es\"},{\"@type\":\"Person\",\"@id\":\"https:\/\/garneloymunozabogados.com\/#\/schema\/person\/1f23be8d68cd44ce56ab4c3a725e94f6\",\"name\":\"Garnelo &amp; Mu\u00f1oz Abogados\",\"image\":{\"@type\":\"ImageObject\",\"inLanguage\":\"es\",\"@id\":\"https:\/\/garneloymunozabogados.com\/#\/schema\/person\/image\/\",\"url\":\"https:\/\/secure.gravatar.com\/avatar\/031613ad7e6e67e4e0a3cd0715ec36ed?s=96&d=mm&r=g\",\"contentUrl\":\"https:\/\/secure.gravatar.com\/avatar\/031613ad7e6e67e4e0a3cd0715ec36ed?s=96&d=mm&r=g\",\"caption\":\"Garnelo &amp; Mu\u00f1oz Abogados\"},\"url\":\"https:\/\/garneloymunozabogados.com\/?author=1\"}]}<\/script>\n<!-- \/ Yoast SEO plugin. -->","yoast_head_json":{"title":"El Tribunal Supremo considera il\u00edcitas las fotos que un detective hizo a un trabajador de baja haciendo labores en el jard\u00edn de su casa &#8211;","description":"El Tribunal Supremo considera il\u00edcitas las fotos que un detective hizo a un trabajador de baja haciendo labores en el jard\u00edn de su casa","robots":{"index":"index","follow":"follow","max-snippet":"max-snippet:-1","max-image-preview":"max-image-preview:large","max-video-preview":"max-video-preview:-1"},"canonical":"https:\/\/garneloymunozabogados.com\/?p=2498","og_locale":"es_ES","og_type":"article","og_title":"El Tribunal Supremo considera il\u00edcitas las fotos que un detective hizo a un trabajador de baja haciendo labores en el jard\u00edn de su casa &#8211;","og_description":"El Tribunal Supremo considera il\u00edcitas las fotos que un detective hizo a un trabajador de baja haciendo labores en el jard\u00edn de su casa","og_url":"https:\/\/garneloymunozabogados.com\/?p=2498","article_published_time":"2023-06-08T10:34:10+00:00","article_modified_time":"2023-06-08T10:34:13+00:00","author":"Garnelo &amp; Mu\u00f1oz Abogados","twitter_card":"summary_large_image","twitter_misc":{"Escrito por":"Garnelo &amp; Mu\u00f1oz Abogados","Tiempo de lectura":"1 minuto"},"schema":{"@context":"https:\/\/schema.org","@graph":[{"@type":"WebPage","@id":"https:\/\/garneloymunozabogados.com\/?p=2498","url":"https:\/\/garneloymunozabogados.com\/?p=2498","name":"El Tribunal Supremo considera il\u00edcitas las fotos que un detective hizo a un trabajador de baja haciendo labores en el jard\u00edn de su casa &#8211;","isPartOf":{"@id":"https:\/\/garneloymunozabogados.com\/#website"},"datePublished":"2023-06-08T10:34:10+00:00","dateModified":"2023-06-08T10:34:13+00:00","author":{"@id":"https:\/\/garneloymunozabogados.com\/#\/schema\/person\/1f23be8d68cd44ce56ab4c3a725e94f6"},"description":"El Tribunal Supremo considera il\u00edcitas las fotos que un detective hizo a un trabajador de baja haciendo labores en el jard\u00edn de su casa","breadcrumb":{"@id":"https:\/\/garneloymunozabogados.com\/?p=2498#breadcrumb"},"inLanguage":"es","potentialAction":[{"@type":"ReadAction","target":["https:\/\/garneloymunozabogados.com\/?p=2498"]}]},{"@type":"BreadcrumbList","@id":"https:\/\/garneloymunozabogados.com\/?p=2498#breadcrumb","itemListElement":[{"@type":"ListItem","position":1,"name":"Portada","item":"https:\/\/garneloymunozabogados.com\/"},{"@type":"ListItem","position":2,"name":"El Tribunal Supremo considera il\u00edcitas las fotos que un detective hizo a un trabajador de baja haciendo labores en el jard\u00edn de su casa"}]},{"@type":"WebSite","@id":"https:\/\/garneloymunozabogados.com\/#website","url":"https:\/\/garneloymunozabogados.com\/","name":"https:\/\/garneloymunozabogados.com\/","description":"Despacho de abogados en Ponferrada","alternateName":"gym-abogados","potentialAction":[{"@type":"SearchAction","target":{"@type":"EntryPoint","urlTemplate":"https:\/\/garneloymunozabogados.com\/?s={search_term_string}"},"query-input":"required name=search_term_string"}],"inLanguage":"es"},{"@type":"Person","@id":"https:\/\/garneloymunozabogados.com\/#\/schema\/person\/1f23be8d68cd44ce56ab4c3a725e94f6","name":"Garnelo &amp; Mu\u00f1oz Abogados","image":{"@type":"ImageObject","inLanguage":"es","@id":"https:\/\/garneloymunozabogados.com\/#\/schema\/person\/image\/","url":"https:\/\/secure.gravatar.com\/avatar\/031613ad7e6e67e4e0a3cd0715ec36ed?s=96&d=mm&r=g","contentUrl":"https:\/\/secure.gravatar.com\/avatar\/031613ad7e6e67e4e0a3cd0715ec36ed?s=96&d=mm&r=g","caption":"Garnelo &amp; Mu\u00f1oz Abogados"},"url":"https:\/\/garneloymunozabogados.com\/?author=1"}]}},"_links":{"self":[{"href":"https:\/\/garneloymunozabogados.com\/index.php?rest_route=\/wp\/v2\/posts\/2498"}],"collection":[{"href":"https:\/\/garneloymunozabogados.com\/index.php?rest_route=\/wp\/v2\/posts"}],"about":[{"href":"https:\/\/garneloymunozabogados.com\/index.php?rest_route=\/wp\/v2\/types\/post"}],"author":[{"embeddable":true,"href":"https:\/\/garneloymunozabogados.com\/index.php?rest_route=\/wp\/v2\/users\/1"}],"replies":[{"embeddable":true,"href":"https:\/\/garneloymunozabogados.com\/index.php?rest_route=%2Fwp%2Fv2%2Fcomments&post=2498"}],"version-history":[{"count":1,"href":"https:\/\/garneloymunozabogados.com\/index.php?rest_route=\/wp\/v2\/posts\/2498\/revisions"}],"predecessor-version":[{"id":2499,"href":"https:\/\/garneloymunozabogados.com\/index.php?rest_route=\/wp\/v2\/posts\/2498\/revisions\/2499"}],"wp:attachment":[{"href":"https:\/\/garneloymunozabogados.com\/index.php?rest_route=%2Fwp%2Fv2%2Fmedia&parent=2498"}],"wp:term":[{"taxonomy":"category","embeddable":true,"href":"https:\/\/garneloymunozabogados.com\/index.php?rest_route=%2Fwp%2Fv2%2Fcategories&post=2498"},{"taxonomy":"post_tag","embeddable":true,"href":"https:\/\/garneloymunozabogados.com\/index.php?rest_route=%2Fwp%2Fv2%2Ftags&post=2498"}],"curies":[{"name":"wp","href":"https:\/\/api.w.org\/{rel}","templated":true}]}}