{"id":2495,"date":"2023-06-06T09:07:17","date_gmt":"2023-06-06T09:07:17","guid":{"rendered":"https:\/\/garneloymunozabogados.com\/?p=2495"},"modified":"2023-06-06T09:07:19","modified_gmt":"2023-06-06T09:07:19","slug":"el-tribunal-supremo-fija-que-los-permisos-ordinarios-de-los-presos-se-resuelvan-en-un-plazo-maximo-de-tres-meses","status":"publish","type":"post","link":"https:\/\/garneloymunozabogados.com\/?p=2495","title":{"rendered":"El Tribunal Supremo fija que los permisos ordinarios de los presos se resuelvan en un plazo m\u00e1ximo de tres meses"},"content":{"rendered":"\n<p>La Sala de lo Penal ha dictado una sentencia en la que fija que las solicitudes de permisos ordinarios de los presos deber\u00e1n resolverse en un plazo m\u00e1ximo de tres meses, salvo aquellas peticiones que tengan car\u00e1cter extraordinario, en cuyo caso el centro penitenciario justificar\u00e1 el plazo de resoluci\u00f3n de forma individualizada.<\/p>\n\n\n\n<p>El tribunal considera que \u201c<em>un desmedido interregno<\/em>\u201d entre la denegaci\u00f3n de un permiso y el an\u00e1lisis por el Centro de la solicitud de concesi\u00f3n de uno nuevo \u201c<em>no resultar\u00eda acorde con el tratamiento penitenciario ni con los fines de reeducaci\u00f3n y reinserci\u00f3n social<\/em>\u201d que recoge el art\u00edculo 25.2 de la Constituci\u00f3n.<\/p>\n\n\n\n<p>El Tribunal Supremo, adem\u00e1s, reconoce que ni la ley Org\u00e1nica, ni el Reglamento Penitenciario, establecen un procedimiento concreto a la hora de fijar el lapso temporal para estudiar las sucesivas peticiones de permisos de salida de los penados ya que estos textos se limitan a regular la extensi\u00f3n temporal de cada permiso ordinario, a limitar en el tiempo los permisos de salida de los clasificados en segundo grado (36 d\u00edas anuales) y de tercer grado (48 d\u00edas anuales), distribuidos en ambos casos en semestres.<\/p>\n\n\n\n<p>Para la Sala, ese hecho no impide que la cuesti\u00f3n no deba ser resuelta jur\u00eddicamente, \u201c<em>pues afecta indudablemente a un derecho de los internos a solicitar permisos, y este derecho dimana directamente de la legislaci\u00f3n penitenciaria, y en consecuencia, los aspectos procesales y procedimentales de tal derecho tienen que tener una configuraci\u00f3n de origen legal y ser determinados judicialmente, mediante la aplicaci\u00f3n del ordenamiento jur\u00eddico, sin que pueda descansarse la decisi\u00f3n, como pudiera parecer a primera vista, en un tema meramente organizativo<\/em>\u201d.<\/p>\n\n\n\n<p>Por ello concluye que, aunque sean los propios Centros Penitenciarios quienes deban decidir la organizaci\u00f3n del estudio de los permisos de los penados, \u201c<em>ateni\u00e9ndose a la legislaci\u00f3n aludida y a las propias necesidades organizativas del Centro, no puede hacerse sino con un criterio marcado y objetivo, previsible, y atendiendo a la finalidad del tratamiento<\/em>\u201d.<\/p>\n\n\n\n<p>La Sala afirma que las directrices emanadas de la Instrucci\u00f3n 1\/2012, sobre Permisos y Salidas Programadas de la Secretar\u00eda General de Instituciones Penitenciarias, y la anterior Instrucci\u00f3n 2\/2008 derogada por aquella, establecen un plazo de tres meses para estudiar un nuevo permiso presentado tras la denegaci\u00f3n de otro de forma que \u201c<em>la propia Administraci\u00f3n ha instituido un lapso de tres meses que, al duplicarse aisladamente por un Centro, frente al resto, perjudica al interno en sus expectativas de correcto e individualizado tratamiento<\/em>\u201d.<\/p>\n\n\n\n<p><\/p>\n\n\n\n<p><\/p>\n\n\n\n<p><\/p>\n\n\n\n<p><\/p>\n","protected":false},"excerpt":{"rendered":"<p>La Sala de lo Penal ha dictado una sentencia en la que fija que las solicitudes de permisos ordinarios de los presos deber\u00e1n resolverse en un plazo m\u00e1ximo de tres meses, salvo aquellas peticiones que tengan car\u00e1cter extraordinario, en cuyo caso el centro penitenciario justificar\u00e1 el plazo de resoluci\u00f3n de forma individualizada. El tribunal considera que \u201cun desmedido interregno\u201d entre la denegaci\u00f3n de un permiso y el an\u00e1lisis por el Centro de la solicitud de concesi\u00f3n de uno nuevo \u201cno resultar\u00eda acorde con el tratamiento penitenciario ni con los fines de reeducaci\u00f3n y reinserci\u00f3n social\u201d que recoge el art\u00edculo 25.2 de la Constituci\u00f3n. El Tribunal Supremo, adem\u00e1s, reconoce que ni la ley Org\u00e1nica, ni el Reglamento Penitenciario, establecen un procedimiento concreto a la hora de fijar el lapso temporal para estudiar las sucesivas peticiones de permisos de salida de los penados ya que estos textos se limitan a regular la extensi\u00f3n temporal de cada permiso ordinario, a limitar en el tiempo los permisos de salida de los clasificados en segundo grado (36 d\u00edas anuales) y de tercer grado (48 d\u00edas anuales), distribuidos en ambos casos en semestres. Para la Sala, ese hecho no impide que la cuesti\u00f3n no deba ser resuelta jur\u00eddicamente, \u201cpues afecta indudablemente a un derecho de los internos a solicitar permisos, y este derecho dimana directamente de la legislaci\u00f3n penitenciaria, y en consecuencia, los aspectos procesales y procedimentales de tal derecho tienen que tener una configuraci\u00f3n de origen legal y ser determinados judicialmente, mediante la aplicaci\u00f3n del ordenamiento jur\u00eddico, sin que pueda descansarse la decisi\u00f3n, como pudiera parecer a primera vista, en un tema meramente organizativo\u201d. Por ello concluye que, aunque sean los propios Centros Penitenciarios quienes deban decidir la organizaci\u00f3n del estudio de los permisos de los penados, \u201cateni\u00e9ndose a la legislaci\u00f3n aludida y a las propias necesidades organizativas del Centro, no puede hacerse sino con un criterio marcado y objetivo, previsible, y atendiendo a la finalidad del tratamiento\u201d. La Sala afirma que las directrices emanadas de la Instrucci\u00f3n 1\/2012, sobre Permisos y Salidas Programadas de la Secretar\u00eda General de Instituciones Penitenciarias, y la anterior Instrucci\u00f3n 2\/2008 derogada por aquella, establecen un plazo de tres meses para estudiar un nuevo permiso presentado tras la denegaci\u00f3n de otro de forma que \u201cla propia Administraci\u00f3n ha instituido un lapso de tres meses que, al duplicarse aisladamente por un Centro, frente al resto, perjudica al interno en sus expectativas de correcto e individualizado tratamiento\u201d.<\/p>\n","protected":false},"author":1,"featured_media":0,"comment_status":"open","ping_status":"open","sticky":false,"template":"","format":"standard","meta":{"footnotes":""},"categories":[1],"tags":[],"yoast_head":"<!-- This site is optimized with the Yoast SEO plugin v22.3 - https:\/\/yoast.com\/wordpress\/plugins\/seo\/ -->\n<title>El Tribunal Supremo fija que los permisos ordinarios de los presos se resuelvan en un plazo m\u00e1ximo de tres meses &#8211;<\/title>\n<meta name=\"description\" content=\"El Tribunal Supremo fija que los permisos ordinarios de los presos se resuelvan en un plazo m\u00e1ximo de tres meses\" \/>\n<meta name=\"robots\" content=\"index, follow, max-snippet:-1, max-image-preview:large, max-video-preview:-1\" \/>\n<link rel=\"canonical\" href=\"https:\/\/garneloymunozabogados.com\/?p=2495\" \/>\n<meta property=\"og:locale\" content=\"es_ES\" \/>\n<meta property=\"og:type\" content=\"article\" \/>\n<meta property=\"og:title\" content=\"El Tribunal Supremo fija que los permisos ordinarios de los presos se resuelvan en un plazo m\u00e1ximo de tres meses &#8211;\" \/>\n<meta property=\"og:description\" content=\"El Tribunal Supremo fija que los permisos ordinarios de los presos se resuelvan en un plazo m\u00e1ximo de tres meses\" \/>\n<meta property=\"og:url\" content=\"https:\/\/garneloymunozabogados.com\/?p=2495\" \/>\n<meta property=\"article:published_time\" content=\"2023-06-06T09:07:17+00:00\" \/>\n<meta property=\"article:modified_time\" content=\"2023-06-06T09:07:19+00:00\" \/>\n<meta name=\"author\" content=\"Garnelo &amp; Mu\u00f1oz Abogados\" \/>\n<meta name=\"twitter:card\" content=\"summary_large_image\" \/>\n<meta name=\"twitter:label1\" content=\"Escrito por\" \/>\n\t<meta name=\"twitter:data1\" content=\"Garnelo &amp; Mu\u00f1oz Abogados\" \/>\n\t<meta name=\"twitter:label2\" content=\"Tiempo de lectura\" \/>\n\t<meta name=\"twitter:data2\" content=\"2 minutos\" \/>\n<script type=\"application\/ld+json\" class=\"yoast-schema-graph\">{\"@context\":\"https:\/\/schema.org\",\"@graph\":[{\"@type\":\"WebPage\",\"@id\":\"https:\/\/garneloymunozabogados.com\/?p=2495\",\"url\":\"https:\/\/garneloymunozabogados.com\/?p=2495\",\"name\":\"El Tribunal Supremo fija que los permisos ordinarios de los presos se resuelvan en un plazo m\u00e1ximo de tres meses &#8211;\",\"isPartOf\":{\"@id\":\"https:\/\/garneloymunozabogados.com\/#website\"},\"datePublished\":\"2023-06-06T09:07:17+00:00\",\"dateModified\":\"2023-06-06T09:07:19+00:00\",\"author\":{\"@id\":\"https:\/\/garneloymunozabogados.com\/#\/schema\/person\/1f23be8d68cd44ce56ab4c3a725e94f6\"},\"description\":\"El Tribunal Supremo fija que los permisos ordinarios de los presos se resuelvan en un plazo m\u00e1ximo de tres meses\",\"breadcrumb\":{\"@id\":\"https:\/\/garneloymunozabogados.com\/?p=2495#breadcrumb\"},\"inLanguage\":\"es\",\"potentialAction\":[{\"@type\":\"ReadAction\",\"target\":[\"https:\/\/garneloymunozabogados.com\/?p=2495\"]}]},{\"@type\":\"BreadcrumbList\",\"@id\":\"https:\/\/garneloymunozabogados.com\/?p=2495#breadcrumb\",\"itemListElement\":[{\"@type\":\"ListItem\",\"position\":1,\"name\":\"Portada\",\"item\":\"https:\/\/garneloymunozabogados.com\/\"},{\"@type\":\"ListItem\",\"position\":2,\"name\":\"El Tribunal Supremo fija que los permisos ordinarios de los presos se resuelvan en un plazo m\u00e1ximo de tres meses\"}]},{\"@type\":\"WebSite\",\"@id\":\"https:\/\/garneloymunozabogados.com\/#website\",\"url\":\"https:\/\/garneloymunozabogados.com\/\",\"name\":\"https:\/\/garneloymunozabogados.com\/\",\"description\":\"Despacho de abogados en Ponferrada\",\"alternateName\":\"gym-abogados\",\"potentialAction\":[{\"@type\":\"SearchAction\",\"target\":{\"@type\":\"EntryPoint\",\"urlTemplate\":\"https:\/\/garneloymunozabogados.com\/?s={search_term_string}\"},\"query-input\":\"required name=search_term_string\"}],\"inLanguage\":\"es\"},{\"@type\":\"Person\",\"@id\":\"https:\/\/garneloymunozabogados.com\/#\/schema\/person\/1f23be8d68cd44ce56ab4c3a725e94f6\",\"name\":\"Garnelo &amp; Mu\u00f1oz Abogados\",\"image\":{\"@type\":\"ImageObject\",\"inLanguage\":\"es\",\"@id\":\"https:\/\/garneloymunozabogados.com\/#\/schema\/person\/image\/\",\"url\":\"https:\/\/secure.gravatar.com\/avatar\/031613ad7e6e67e4e0a3cd0715ec36ed?s=96&d=mm&r=g\",\"contentUrl\":\"https:\/\/secure.gravatar.com\/avatar\/031613ad7e6e67e4e0a3cd0715ec36ed?s=96&d=mm&r=g\",\"caption\":\"Garnelo &amp; Mu\u00f1oz Abogados\"},\"url\":\"https:\/\/garneloymunozabogados.com\/?author=1\"}]}<\/script>\n<!-- \/ Yoast SEO plugin. -->","yoast_head_json":{"title":"El Tribunal Supremo fija que los permisos ordinarios de los presos se resuelvan en un plazo m\u00e1ximo de tres meses &#8211;","description":"El Tribunal Supremo fija que los permisos ordinarios de los presos se resuelvan en un plazo m\u00e1ximo de tres meses","robots":{"index":"index","follow":"follow","max-snippet":"max-snippet:-1","max-image-preview":"max-image-preview:large","max-video-preview":"max-video-preview:-1"},"canonical":"https:\/\/garneloymunozabogados.com\/?p=2495","og_locale":"es_ES","og_type":"article","og_title":"El Tribunal Supremo fija que los permisos ordinarios de los presos se resuelvan en un plazo m\u00e1ximo de tres meses &#8211;","og_description":"El Tribunal Supremo fija que los permisos ordinarios de los presos se resuelvan en un plazo m\u00e1ximo de tres meses","og_url":"https:\/\/garneloymunozabogados.com\/?p=2495","article_published_time":"2023-06-06T09:07:17+00:00","article_modified_time":"2023-06-06T09:07:19+00:00","author":"Garnelo &amp; Mu\u00f1oz Abogados","twitter_card":"summary_large_image","twitter_misc":{"Escrito por":"Garnelo &amp; Mu\u00f1oz Abogados","Tiempo de lectura":"2 minutos"},"schema":{"@context":"https:\/\/schema.org","@graph":[{"@type":"WebPage","@id":"https:\/\/garneloymunozabogados.com\/?p=2495","url":"https:\/\/garneloymunozabogados.com\/?p=2495","name":"El Tribunal Supremo fija que los permisos ordinarios de los presos se resuelvan en un plazo m\u00e1ximo de tres meses &#8211;","isPartOf":{"@id":"https:\/\/garneloymunozabogados.com\/#website"},"datePublished":"2023-06-06T09:07:17+00:00","dateModified":"2023-06-06T09:07:19+00:00","author":{"@id":"https:\/\/garneloymunozabogados.com\/#\/schema\/person\/1f23be8d68cd44ce56ab4c3a725e94f6"},"description":"El Tribunal Supremo fija que los permisos ordinarios de los presos se resuelvan en un plazo m\u00e1ximo de tres meses","breadcrumb":{"@id":"https:\/\/garneloymunozabogados.com\/?p=2495#breadcrumb"},"inLanguage":"es","potentialAction":[{"@type":"ReadAction","target":["https:\/\/garneloymunozabogados.com\/?p=2495"]}]},{"@type":"BreadcrumbList","@id":"https:\/\/garneloymunozabogados.com\/?p=2495#breadcrumb","itemListElement":[{"@type":"ListItem","position":1,"name":"Portada","item":"https:\/\/garneloymunozabogados.com\/"},{"@type":"ListItem","position":2,"name":"El Tribunal Supremo fija que los permisos ordinarios de los presos se resuelvan en un plazo m\u00e1ximo de tres meses"}]},{"@type":"WebSite","@id":"https:\/\/garneloymunozabogados.com\/#website","url":"https:\/\/garneloymunozabogados.com\/","name":"https:\/\/garneloymunozabogados.com\/","description":"Despacho de abogados en Ponferrada","alternateName":"gym-abogados","potentialAction":[{"@type":"SearchAction","target":{"@type":"EntryPoint","urlTemplate":"https:\/\/garneloymunozabogados.com\/?s={search_term_string}"},"query-input":"required name=search_term_string"}],"inLanguage":"es"},{"@type":"Person","@id":"https:\/\/garneloymunozabogados.com\/#\/schema\/person\/1f23be8d68cd44ce56ab4c3a725e94f6","name":"Garnelo &amp; Mu\u00f1oz Abogados","image":{"@type":"ImageObject","inLanguage":"es","@id":"https:\/\/garneloymunozabogados.com\/#\/schema\/person\/image\/","url":"https:\/\/secure.gravatar.com\/avatar\/031613ad7e6e67e4e0a3cd0715ec36ed?s=96&d=mm&r=g","contentUrl":"https:\/\/secure.gravatar.com\/avatar\/031613ad7e6e67e4e0a3cd0715ec36ed?s=96&d=mm&r=g","caption":"Garnelo &amp; Mu\u00f1oz Abogados"},"url":"https:\/\/garneloymunozabogados.com\/?author=1"}]}},"_links":{"self":[{"href":"https:\/\/garneloymunozabogados.com\/index.php?rest_route=\/wp\/v2\/posts\/2495"}],"collection":[{"href":"https:\/\/garneloymunozabogados.com\/index.php?rest_route=\/wp\/v2\/posts"}],"about":[{"href":"https:\/\/garneloymunozabogados.com\/index.php?rest_route=\/wp\/v2\/types\/post"}],"author":[{"embeddable":true,"href":"https:\/\/garneloymunozabogados.com\/index.php?rest_route=\/wp\/v2\/users\/1"}],"replies":[{"embeddable":true,"href":"https:\/\/garneloymunozabogados.com\/index.php?rest_route=%2Fwp%2Fv2%2Fcomments&post=2495"}],"version-history":[{"count":1,"href":"https:\/\/garneloymunozabogados.com\/index.php?rest_route=\/wp\/v2\/posts\/2495\/revisions"}],"predecessor-version":[{"id":2496,"href":"https:\/\/garneloymunozabogados.com\/index.php?rest_route=\/wp\/v2\/posts\/2495\/revisions\/2496"}],"wp:attachment":[{"href":"https:\/\/garneloymunozabogados.com\/index.php?rest_route=%2Fwp%2Fv2%2Fmedia&parent=2495"}],"wp:term":[{"taxonomy":"category","embeddable":true,"href":"https:\/\/garneloymunozabogados.com\/index.php?rest_route=%2Fwp%2Fv2%2Fcategories&post=2495"},{"taxonomy":"post_tag","embeddable":true,"href":"https:\/\/garneloymunozabogados.com\/index.php?rest_route=%2Fwp%2Fv2%2Ftags&post=2495"}],"curies":[{"name":"wp","href":"https:\/\/api.w.org\/{rel}","templated":true}]}}