{"id":2493,"date":"2023-04-26T10:24:45","date_gmt":"2023-04-26T10:24:45","guid":{"rendered":"https:\/\/garneloymunozabogados.com\/?p=2493"},"modified":"2023-04-26T10:24:47","modified_gmt":"2023-04-26T10:24:47","slug":"el-tribunal-supremo-avala-la-inclusion-en-registros-de-morosos-si-hay-advertencia-previa","status":"publish","type":"post","link":"https:\/\/garneloymunozabogados.com\/?p=2493","title":{"rendered":"El Tribunal Supremo avala la inclusi\u00f3n en registros de morosos si hay advertencia previa"},"content":{"rendered":"\n<p>El Tribunal Supremo, en la sentencia de la Sala 1\u00aa de 27 de marzo de 2023, ha indicado que&nbsp;<strong>si se cumple con este requisito<\/strong>&nbsp;de advertencia previa, la posterior inclusi\u00f3n en el fichero&nbsp;<strong>no vulnera el derecho al honor<\/strong>&nbsp;de un consumidor incluido.<\/p>\n\n\n\n<p>As\u00ed pues, y como ha declarado de manera reiterada el Tribunal Supremo, \u00abel\u00a0<strong>requerimiento previo<\/strong>\u00a0de pago es un\u00a0<strong>acto de comunicaci\u00f3n de car\u00e1cter recepticio\u00a0<\/strong>que exige una constancia razonable de la recepci\u00f3n de la comunicaci\u00f3n por el destinatario, por m\u00e1s que existan diversos medios de probar tal recepci\u00f3n\u201d\u00a0 ( sentencias 672\/2020, de 11 de diciembre, 854\/2021, de 10 de diciembre, 81\/2022, de 2 de febrero, 436\/2022, de 30 de mayo, 604\/2022, de 14 de septiembre, y 946\/2022, de 20 de diciembre, entre las m\u00e1s recientes).<\/p>\n\n\n\n<p>Por ello, si se considera\u00a0<strong>probado que el deudor recibi\u00f3 las cartas<\/strong>\u00a0que conten\u00edan los requerimientos de pago con advertencia de inclusi\u00f3n en el fichero de solvencia patrimonial, la inclusi\u00f3n\u00a0<strong>en ning\u00fan caso vulnerar\u00e1 el derecho al honor<\/strong>\u00a0del consumidor incluido. Otra cuesti\u00f3n es que\u00a0<strong>la deuda sea procedente o no<\/strong>, pero el hecho de ser incluida si se han ignorado las advertencias previas no implica dicha vulneraci\u00f3n del derecho fundamental.<\/p>\n","protected":false},"excerpt":{"rendered":"<p>El Tribunal Supremo, en la sentencia de la Sala 1\u00aa de 27 de marzo de 2023, ha indicado que&nbsp;si se cumple con este requisito&nbsp;de advertencia previa, la posterior inclusi\u00f3n en el fichero&nbsp;no vulnera el derecho al honor&nbsp;de un consumidor incluido. As\u00ed pues, y como ha declarado de manera reiterada el Tribunal Supremo, \u00abel\u00a0requerimiento previo\u00a0de pago es un\u00a0acto de comunicaci\u00f3n de car\u00e1cter recepticio\u00a0que exige una constancia razonable de la recepci\u00f3n de la comunicaci\u00f3n por el destinatario, por m\u00e1s que existan diversos medios de probar tal recepci\u00f3n\u201d\u00a0 ( sentencias 672\/2020, de 11 de diciembre, 854\/2021, de 10 de diciembre, 81\/2022, de 2 de febrero, 436\/2022, de 30 de mayo, 604\/2022, de 14 de septiembre, y 946\/2022, de 20 de diciembre, entre las m\u00e1s recientes). Por ello, si se considera\u00a0probado que el deudor recibi\u00f3 las cartas\u00a0que conten\u00edan los requerimientos de pago con advertencia de inclusi\u00f3n en el fichero de solvencia patrimonial, la inclusi\u00f3n\u00a0en ning\u00fan caso vulnerar\u00e1 el derecho al honor\u00a0del consumidor incluido. Otra cuesti\u00f3n es que\u00a0la deuda sea procedente o no, pero el hecho de ser incluida si se han ignorado las advertencias previas no implica dicha vulneraci\u00f3n del derecho fundamental.<\/p>\n","protected":false},"author":1,"featured_media":0,"comment_status":"open","ping_status":"open","sticky":false,"template":"","format":"standard","meta":{"footnotes":""},"categories":[1],"tags":[],"yoast_head":"<!-- This site is optimized with the Yoast SEO plugin v22.3 - https:\/\/yoast.com\/wordpress\/plugins\/seo\/ -->\n<title>El Tribunal Supremo avala la inclusi\u00f3n en registros de morosos si hay advertencia previa &#8211;<\/title>\n<meta name=\"description\" content=\"El Tribunal Supremo avala la inclusi\u00f3n en registros de morosos si hay advertencia previa\" \/>\n<meta name=\"robots\" content=\"index, follow, max-snippet:-1, max-image-preview:large, max-video-preview:-1\" \/>\n<link rel=\"canonical\" href=\"https:\/\/garneloymunozabogados.com\/?p=2493\" \/>\n<meta property=\"og:locale\" content=\"es_ES\" \/>\n<meta property=\"og:type\" content=\"article\" \/>\n<meta property=\"og:title\" content=\"El Tribunal Supremo avala la inclusi\u00f3n en registros de morosos si hay advertencia previa &#8211;\" \/>\n<meta property=\"og:description\" content=\"El Tribunal Supremo avala la inclusi\u00f3n en registros de morosos si hay advertencia previa\" \/>\n<meta property=\"og:url\" content=\"https:\/\/garneloymunozabogados.com\/?p=2493\" \/>\n<meta property=\"article:published_time\" content=\"2023-04-26T10:24:45+00:00\" \/>\n<meta property=\"article:modified_time\" content=\"2023-04-26T10:24:47+00:00\" \/>\n<meta name=\"author\" content=\"Garnelo &amp; Mu\u00f1oz Abogados\" \/>\n<meta name=\"twitter:card\" content=\"summary_large_image\" \/>\n<meta name=\"twitter:label1\" content=\"Escrito por\" \/>\n\t<meta name=\"twitter:data1\" content=\"Garnelo &amp; Mu\u00f1oz Abogados\" \/>\n\t<meta name=\"twitter:label2\" content=\"Tiempo de lectura\" \/>\n\t<meta name=\"twitter:data2\" content=\"1 minuto\" \/>\n<script type=\"application\/ld+json\" class=\"yoast-schema-graph\">{\"@context\":\"https:\/\/schema.org\",\"@graph\":[{\"@type\":\"WebPage\",\"@id\":\"https:\/\/garneloymunozabogados.com\/?p=2493\",\"url\":\"https:\/\/garneloymunozabogados.com\/?p=2493\",\"name\":\"El Tribunal Supremo avala la inclusi\u00f3n en registros de morosos si hay advertencia previa &#8211;\",\"isPartOf\":{\"@id\":\"https:\/\/garneloymunozabogados.com\/#website\"},\"datePublished\":\"2023-04-26T10:24:45+00:00\",\"dateModified\":\"2023-04-26T10:24:47+00:00\",\"author\":{\"@id\":\"https:\/\/garneloymunozabogados.com\/#\/schema\/person\/1f23be8d68cd44ce56ab4c3a725e94f6\"},\"description\":\"El Tribunal Supremo avala la inclusi\u00f3n en registros de morosos si hay advertencia previa\",\"breadcrumb\":{\"@id\":\"https:\/\/garneloymunozabogados.com\/?p=2493#breadcrumb\"},\"inLanguage\":\"es\",\"potentialAction\":[{\"@type\":\"ReadAction\",\"target\":[\"https:\/\/garneloymunozabogados.com\/?p=2493\"]}]},{\"@type\":\"BreadcrumbList\",\"@id\":\"https:\/\/garneloymunozabogados.com\/?p=2493#breadcrumb\",\"itemListElement\":[{\"@type\":\"ListItem\",\"position\":1,\"name\":\"Portada\",\"item\":\"https:\/\/garneloymunozabogados.com\/\"},{\"@type\":\"ListItem\",\"position\":2,\"name\":\"El Tribunal Supremo avala la inclusi\u00f3n en registros de morosos si hay advertencia previa\"}]},{\"@type\":\"WebSite\",\"@id\":\"https:\/\/garneloymunozabogados.com\/#website\",\"url\":\"https:\/\/garneloymunozabogados.com\/\",\"name\":\"https:\/\/garneloymunozabogados.com\/\",\"description\":\"Despacho de abogados en Ponferrada\",\"alternateName\":\"gym-abogados\",\"potentialAction\":[{\"@type\":\"SearchAction\",\"target\":{\"@type\":\"EntryPoint\",\"urlTemplate\":\"https:\/\/garneloymunozabogados.com\/?s={search_term_string}\"},\"query-input\":\"required name=search_term_string\"}],\"inLanguage\":\"es\"},{\"@type\":\"Person\",\"@id\":\"https:\/\/garneloymunozabogados.com\/#\/schema\/person\/1f23be8d68cd44ce56ab4c3a725e94f6\",\"name\":\"Garnelo &amp; Mu\u00f1oz Abogados\",\"image\":{\"@type\":\"ImageObject\",\"inLanguage\":\"es\",\"@id\":\"https:\/\/garneloymunozabogados.com\/#\/schema\/person\/image\/\",\"url\":\"https:\/\/secure.gravatar.com\/avatar\/031613ad7e6e67e4e0a3cd0715ec36ed?s=96&d=mm&r=g\",\"contentUrl\":\"https:\/\/secure.gravatar.com\/avatar\/031613ad7e6e67e4e0a3cd0715ec36ed?s=96&d=mm&r=g\",\"caption\":\"Garnelo &amp; Mu\u00f1oz Abogados\"},\"url\":\"https:\/\/garneloymunozabogados.com\/?author=1\"}]}<\/script>\n<!-- \/ Yoast SEO plugin. -->","yoast_head_json":{"title":"El Tribunal Supremo avala la inclusi\u00f3n en registros de morosos si hay advertencia previa &#8211;","description":"El Tribunal Supremo avala la inclusi\u00f3n en registros de morosos si hay advertencia previa","robots":{"index":"index","follow":"follow","max-snippet":"max-snippet:-1","max-image-preview":"max-image-preview:large","max-video-preview":"max-video-preview:-1"},"canonical":"https:\/\/garneloymunozabogados.com\/?p=2493","og_locale":"es_ES","og_type":"article","og_title":"El Tribunal Supremo avala la inclusi\u00f3n en registros de morosos si hay advertencia previa &#8211;","og_description":"El Tribunal Supremo avala la inclusi\u00f3n en registros de morosos si hay advertencia previa","og_url":"https:\/\/garneloymunozabogados.com\/?p=2493","article_published_time":"2023-04-26T10:24:45+00:00","article_modified_time":"2023-04-26T10:24:47+00:00","author":"Garnelo &amp; Mu\u00f1oz Abogados","twitter_card":"summary_large_image","twitter_misc":{"Escrito por":"Garnelo &amp; Mu\u00f1oz Abogados","Tiempo de lectura":"1 minuto"},"schema":{"@context":"https:\/\/schema.org","@graph":[{"@type":"WebPage","@id":"https:\/\/garneloymunozabogados.com\/?p=2493","url":"https:\/\/garneloymunozabogados.com\/?p=2493","name":"El Tribunal Supremo avala la inclusi\u00f3n en registros de morosos si hay advertencia previa &#8211;","isPartOf":{"@id":"https:\/\/garneloymunozabogados.com\/#website"},"datePublished":"2023-04-26T10:24:45+00:00","dateModified":"2023-04-26T10:24:47+00:00","author":{"@id":"https:\/\/garneloymunozabogados.com\/#\/schema\/person\/1f23be8d68cd44ce56ab4c3a725e94f6"},"description":"El Tribunal Supremo avala la inclusi\u00f3n en registros de morosos si hay advertencia previa","breadcrumb":{"@id":"https:\/\/garneloymunozabogados.com\/?p=2493#breadcrumb"},"inLanguage":"es","potentialAction":[{"@type":"ReadAction","target":["https:\/\/garneloymunozabogados.com\/?p=2493"]}]},{"@type":"BreadcrumbList","@id":"https:\/\/garneloymunozabogados.com\/?p=2493#breadcrumb","itemListElement":[{"@type":"ListItem","position":1,"name":"Portada","item":"https:\/\/garneloymunozabogados.com\/"},{"@type":"ListItem","position":2,"name":"El Tribunal Supremo avala la inclusi\u00f3n en registros de morosos si hay advertencia previa"}]},{"@type":"WebSite","@id":"https:\/\/garneloymunozabogados.com\/#website","url":"https:\/\/garneloymunozabogados.com\/","name":"https:\/\/garneloymunozabogados.com\/","description":"Despacho de abogados en Ponferrada","alternateName":"gym-abogados","potentialAction":[{"@type":"SearchAction","target":{"@type":"EntryPoint","urlTemplate":"https:\/\/garneloymunozabogados.com\/?s={search_term_string}"},"query-input":"required name=search_term_string"}],"inLanguage":"es"},{"@type":"Person","@id":"https:\/\/garneloymunozabogados.com\/#\/schema\/person\/1f23be8d68cd44ce56ab4c3a725e94f6","name":"Garnelo &amp; Mu\u00f1oz Abogados","image":{"@type":"ImageObject","inLanguage":"es","@id":"https:\/\/garneloymunozabogados.com\/#\/schema\/person\/image\/","url":"https:\/\/secure.gravatar.com\/avatar\/031613ad7e6e67e4e0a3cd0715ec36ed?s=96&d=mm&r=g","contentUrl":"https:\/\/secure.gravatar.com\/avatar\/031613ad7e6e67e4e0a3cd0715ec36ed?s=96&d=mm&r=g","caption":"Garnelo &amp; Mu\u00f1oz Abogados"},"url":"https:\/\/garneloymunozabogados.com\/?author=1"}]}},"_links":{"self":[{"href":"https:\/\/garneloymunozabogados.com\/index.php?rest_route=\/wp\/v2\/posts\/2493"}],"collection":[{"href":"https:\/\/garneloymunozabogados.com\/index.php?rest_route=\/wp\/v2\/posts"}],"about":[{"href":"https:\/\/garneloymunozabogados.com\/index.php?rest_route=\/wp\/v2\/types\/post"}],"author":[{"embeddable":true,"href":"https:\/\/garneloymunozabogados.com\/index.php?rest_route=\/wp\/v2\/users\/1"}],"replies":[{"embeddable":true,"href":"https:\/\/garneloymunozabogados.com\/index.php?rest_route=%2Fwp%2Fv2%2Fcomments&post=2493"}],"version-history":[{"count":1,"href":"https:\/\/garneloymunozabogados.com\/index.php?rest_route=\/wp\/v2\/posts\/2493\/revisions"}],"predecessor-version":[{"id":2494,"href":"https:\/\/garneloymunozabogados.com\/index.php?rest_route=\/wp\/v2\/posts\/2493\/revisions\/2494"}],"wp:attachment":[{"href":"https:\/\/garneloymunozabogados.com\/index.php?rest_route=%2Fwp%2Fv2%2Fmedia&parent=2493"}],"wp:term":[{"taxonomy":"category","embeddable":true,"href":"https:\/\/garneloymunozabogados.com\/index.php?rest_route=%2Fwp%2Fv2%2Fcategories&post=2493"},{"taxonomy":"post_tag","embeddable":true,"href":"https:\/\/garneloymunozabogados.com\/index.php?rest_route=%2Fwp%2Fv2%2Ftags&post=2493"}],"curies":[{"name":"wp","href":"https:\/\/api.w.org\/{rel}","templated":true}]}}