{"id":2490,"date":"2023-04-25T09:11:56","date_gmt":"2023-04-25T09:11:56","guid":{"rendered":"https:\/\/garneloymunozabogados.com\/?p=2490"},"modified":"2023-04-25T09:17:47","modified_gmt":"2023-04-25T09:17:47","slug":"el-tribunal-supremo-anula-la-condena-por-delito-de-injurias-a-la-guardia-civil-a-dos-acusados-por-mensajes-en-redes-sociales","status":"publish","type":"post","link":"https:\/\/garneloymunozabogados.com\/?p=2490","title":{"rendered":"El Tribunal Supremo anula la condena por delito de injurias a la Guardia Civil a dos acusados por mensajes en redes sociales"},"content":{"rendered":"\n<p>La Sala Penal del Tribunal Supremo ha anulado la condena de multa que la Audiencia de Teruel impuso a dos acusados por delito de injurias a las Fuerzas y Cuerpos de Seguridad del Estado, por varios mensajes que publicaron en redes sociales tras el asesinato de dos guardias civiles por el delincuente conocido como \u2018Igor el ruso\u2019 en diciembre de 2017.&nbsp;<\/p>\n\n\n\n<p>La Sala recuerda que el bien jur\u00eddico protegido en ese tipo penal trasciende del honor personal de quienes integran tales colectivos, por m\u00e1s que pueda verse tangencialmente afectado, para pasar a proteger el honor y prestigio de la instituci\u00f3n en atenci\u00f3n a la relevancia de las funciones que la misma tiene asignadas dentro del estado democr\u00e1tico. De ese modo, la punici\u00f3n se reserva para los ataques m\u00e1s graves.&nbsp;<\/p>\n","protected":false},"excerpt":{"rendered":"<p>La Sala Penal del Tribunal Supremo ha anulado la condena de multa que la Audiencia de Teruel impuso a dos acusados por delito de injurias a las Fuerzas y Cuerpos de Seguridad del Estado, por varios mensajes que publicaron en redes sociales tras el asesinato de dos guardias civiles por el delincuente conocido como \u2018Igor el ruso\u2019 en diciembre de 2017.&nbsp; La Sala recuerda que el bien jur\u00eddico protegido en ese tipo penal trasciende del honor personal de quienes integran tales colectivos, por m\u00e1s que pueda verse tangencialmente afectado, para pasar a proteger el honor y prestigio de la instituci\u00f3n en atenci\u00f3n a la relevancia de las funciones que la misma tiene asignadas dentro del estado democr\u00e1tico. De ese modo, la punici\u00f3n se reserva para los ataques m\u00e1s graves.&nbsp;<\/p>\n","protected":false},"author":1,"featured_media":0,"comment_status":"open","ping_status":"open","sticky":false,"template":"","format":"standard","meta":{"footnotes":""},"categories":[1],"tags":[],"yoast_head":"<!-- This site is optimized with the Yoast SEO plugin v22.3 - https:\/\/yoast.com\/wordpress\/plugins\/seo\/ -->\n<title>El Tribunal Supremo anula la condena por delito de injurias a la Guardia Civil a dos acusados por mensajes en redes sociales &#8211;<\/title>\n<meta name=\"description\" content=\"El Tribunal Supremo anula la condena por delito de injurias a la Guardia Civil a dos acusados por mensajes en redes sociales\" \/>\n<meta name=\"robots\" content=\"index, follow, max-snippet:-1, max-image-preview:large, max-video-preview:-1\" \/>\n<link rel=\"canonical\" href=\"https:\/\/garneloymunozabogados.com\/?p=2490\" \/>\n<meta property=\"og:locale\" content=\"es_ES\" \/>\n<meta property=\"og:type\" content=\"article\" \/>\n<meta property=\"og:title\" content=\"El Tribunal Supremo anula la condena por delito de injurias a la Guardia Civil a dos acusados por mensajes en redes sociales &#8211;\" \/>\n<meta property=\"og:description\" content=\"El Tribunal Supremo anula la condena por delito de injurias a la Guardia Civil a dos acusados por mensajes en redes sociales\" \/>\n<meta property=\"og:url\" content=\"https:\/\/garneloymunozabogados.com\/?p=2490\" \/>\n<meta property=\"article:published_time\" content=\"2023-04-25T09:11:56+00:00\" \/>\n<meta property=\"article:modified_time\" content=\"2023-04-25T09:17:47+00:00\" \/>\n<meta name=\"author\" content=\"Garnelo &amp; Mu\u00f1oz Abogados\" \/>\n<meta name=\"twitter:card\" content=\"summary_large_image\" \/>\n<meta name=\"twitter:label1\" content=\"Escrito por\" \/>\n\t<meta name=\"twitter:data1\" content=\"Garnelo &amp; Mu\u00f1oz Abogados\" \/>\n\t<meta name=\"twitter:label2\" content=\"Tiempo de lectura\" \/>\n\t<meta name=\"twitter:data2\" content=\"1 minuto\" \/>\n<script type=\"application\/ld+json\" class=\"yoast-schema-graph\">{\"@context\":\"https:\/\/schema.org\",\"@graph\":[{\"@type\":\"WebPage\",\"@id\":\"https:\/\/garneloymunozabogados.com\/?p=2490\",\"url\":\"https:\/\/garneloymunozabogados.com\/?p=2490\",\"name\":\"El Tribunal Supremo anula la condena por delito de injurias a la Guardia Civil a dos acusados por mensajes en redes sociales &#8211;\",\"isPartOf\":{\"@id\":\"https:\/\/garneloymunozabogados.com\/#website\"},\"datePublished\":\"2023-04-25T09:11:56+00:00\",\"dateModified\":\"2023-04-25T09:17:47+00:00\",\"author\":{\"@id\":\"https:\/\/garneloymunozabogados.com\/#\/schema\/person\/1f23be8d68cd44ce56ab4c3a725e94f6\"},\"description\":\"El Tribunal Supremo anula la condena por delito de injurias a la Guardia Civil a dos acusados por mensajes en redes sociales\",\"breadcrumb\":{\"@id\":\"https:\/\/garneloymunozabogados.com\/?p=2490#breadcrumb\"},\"inLanguage\":\"es\",\"potentialAction\":[{\"@type\":\"ReadAction\",\"target\":[\"https:\/\/garneloymunozabogados.com\/?p=2490\"]}]},{\"@type\":\"BreadcrumbList\",\"@id\":\"https:\/\/garneloymunozabogados.com\/?p=2490#breadcrumb\",\"itemListElement\":[{\"@type\":\"ListItem\",\"position\":1,\"name\":\"Portada\",\"item\":\"https:\/\/garneloymunozabogados.com\/\"},{\"@type\":\"ListItem\",\"position\":2,\"name\":\"El Tribunal Supremo anula la condena por delito de injurias a la Guardia Civil a dos acusados por mensajes en redes sociales\"}]},{\"@type\":\"WebSite\",\"@id\":\"https:\/\/garneloymunozabogados.com\/#website\",\"url\":\"https:\/\/garneloymunozabogados.com\/\",\"name\":\"https:\/\/garneloymunozabogados.com\/\",\"description\":\"Despacho de abogados en Ponferrada\",\"alternateName\":\"gym-abogados\",\"potentialAction\":[{\"@type\":\"SearchAction\",\"target\":{\"@type\":\"EntryPoint\",\"urlTemplate\":\"https:\/\/garneloymunozabogados.com\/?s={search_term_string}\"},\"query-input\":\"required name=search_term_string\"}],\"inLanguage\":\"es\"},{\"@type\":\"Person\",\"@id\":\"https:\/\/garneloymunozabogados.com\/#\/schema\/person\/1f23be8d68cd44ce56ab4c3a725e94f6\",\"name\":\"Garnelo &amp; Mu\u00f1oz Abogados\",\"image\":{\"@type\":\"ImageObject\",\"inLanguage\":\"es\",\"@id\":\"https:\/\/garneloymunozabogados.com\/#\/schema\/person\/image\/\",\"url\":\"https:\/\/secure.gravatar.com\/avatar\/031613ad7e6e67e4e0a3cd0715ec36ed?s=96&d=mm&r=g\",\"contentUrl\":\"https:\/\/secure.gravatar.com\/avatar\/031613ad7e6e67e4e0a3cd0715ec36ed?s=96&d=mm&r=g\",\"caption\":\"Garnelo &amp; Mu\u00f1oz Abogados\"},\"url\":\"https:\/\/garneloymunozabogados.com\/?author=1\"}]}<\/script>\n<!-- \/ Yoast SEO plugin. -->","yoast_head_json":{"title":"El Tribunal Supremo anula la condena por delito de injurias a la Guardia Civil a dos acusados por mensajes en redes sociales &#8211;","description":"El Tribunal Supremo anula la condena por delito de injurias a la Guardia Civil a dos acusados por mensajes en redes sociales","robots":{"index":"index","follow":"follow","max-snippet":"max-snippet:-1","max-image-preview":"max-image-preview:large","max-video-preview":"max-video-preview:-1"},"canonical":"https:\/\/garneloymunozabogados.com\/?p=2490","og_locale":"es_ES","og_type":"article","og_title":"El Tribunal Supremo anula la condena por delito de injurias a la Guardia Civil a dos acusados por mensajes en redes sociales &#8211;","og_description":"El Tribunal Supremo anula la condena por delito de injurias a la Guardia Civil a dos acusados por mensajes en redes sociales","og_url":"https:\/\/garneloymunozabogados.com\/?p=2490","article_published_time":"2023-04-25T09:11:56+00:00","article_modified_time":"2023-04-25T09:17:47+00:00","author":"Garnelo &amp; Mu\u00f1oz Abogados","twitter_card":"summary_large_image","twitter_misc":{"Escrito por":"Garnelo &amp; Mu\u00f1oz Abogados","Tiempo de lectura":"1 minuto"},"schema":{"@context":"https:\/\/schema.org","@graph":[{"@type":"WebPage","@id":"https:\/\/garneloymunozabogados.com\/?p=2490","url":"https:\/\/garneloymunozabogados.com\/?p=2490","name":"El Tribunal Supremo anula la condena por delito de injurias a la Guardia Civil a dos acusados por mensajes en redes sociales &#8211;","isPartOf":{"@id":"https:\/\/garneloymunozabogados.com\/#website"},"datePublished":"2023-04-25T09:11:56+00:00","dateModified":"2023-04-25T09:17:47+00:00","author":{"@id":"https:\/\/garneloymunozabogados.com\/#\/schema\/person\/1f23be8d68cd44ce56ab4c3a725e94f6"},"description":"El Tribunal Supremo anula la condena por delito de injurias a la Guardia Civil a dos acusados por mensajes en redes sociales","breadcrumb":{"@id":"https:\/\/garneloymunozabogados.com\/?p=2490#breadcrumb"},"inLanguage":"es","potentialAction":[{"@type":"ReadAction","target":["https:\/\/garneloymunozabogados.com\/?p=2490"]}]},{"@type":"BreadcrumbList","@id":"https:\/\/garneloymunozabogados.com\/?p=2490#breadcrumb","itemListElement":[{"@type":"ListItem","position":1,"name":"Portada","item":"https:\/\/garneloymunozabogados.com\/"},{"@type":"ListItem","position":2,"name":"El Tribunal Supremo anula la condena por delito de injurias a la Guardia Civil a dos acusados por mensajes en redes sociales"}]},{"@type":"WebSite","@id":"https:\/\/garneloymunozabogados.com\/#website","url":"https:\/\/garneloymunozabogados.com\/","name":"https:\/\/garneloymunozabogados.com\/","description":"Despacho de abogados en Ponferrada","alternateName":"gym-abogados","potentialAction":[{"@type":"SearchAction","target":{"@type":"EntryPoint","urlTemplate":"https:\/\/garneloymunozabogados.com\/?s={search_term_string}"},"query-input":"required name=search_term_string"}],"inLanguage":"es"},{"@type":"Person","@id":"https:\/\/garneloymunozabogados.com\/#\/schema\/person\/1f23be8d68cd44ce56ab4c3a725e94f6","name":"Garnelo &amp; Mu\u00f1oz Abogados","image":{"@type":"ImageObject","inLanguage":"es","@id":"https:\/\/garneloymunozabogados.com\/#\/schema\/person\/image\/","url":"https:\/\/secure.gravatar.com\/avatar\/031613ad7e6e67e4e0a3cd0715ec36ed?s=96&d=mm&r=g","contentUrl":"https:\/\/secure.gravatar.com\/avatar\/031613ad7e6e67e4e0a3cd0715ec36ed?s=96&d=mm&r=g","caption":"Garnelo &amp; Mu\u00f1oz Abogados"},"url":"https:\/\/garneloymunozabogados.com\/?author=1"}]}},"_links":{"self":[{"href":"https:\/\/garneloymunozabogados.com\/index.php?rest_route=\/wp\/v2\/posts\/2490"}],"collection":[{"href":"https:\/\/garneloymunozabogados.com\/index.php?rest_route=\/wp\/v2\/posts"}],"about":[{"href":"https:\/\/garneloymunozabogados.com\/index.php?rest_route=\/wp\/v2\/types\/post"}],"author":[{"embeddable":true,"href":"https:\/\/garneloymunozabogados.com\/index.php?rest_route=\/wp\/v2\/users\/1"}],"replies":[{"embeddable":true,"href":"https:\/\/garneloymunozabogados.com\/index.php?rest_route=%2Fwp%2Fv2%2Fcomments&post=2490"}],"version-history":[{"count":1,"href":"https:\/\/garneloymunozabogados.com\/index.php?rest_route=\/wp\/v2\/posts\/2490\/revisions"}],"predecessor-version":[{"id":2491,"href":"https:\/\/garneloymunozabogados.com\/index.php?rest_route=\/wp\/v2\/posts\/2490\/revisions\/2491"}],"wp:attachment":[{"href":"https:\/\/garneloymunozabogados.com\/index.php?rest_route=%2Fwp%2Fv2%2Fmedia&parent=2490"}],"wp:term":[{"taxonomy":"category","embeddable":true,"href":"https:\/\/garneloymunozabogados.com\/index.php?rest_route=%2Fwp%2Fv2%2Fcategories&post=2490"},{"taxonomy":"post_tag","embeddable":true,"href":"https:\/\/garneloymunozabogados.com\/index.php?rest_route=%2Fwp%2Fv2%2Ftags&post=2490"}],"curies":[{"name":"wp","href":"https:\/\/api.w.org\/{rel}","templated":true}]}}