{"id":2485,"date":"2023-04-17T08:27:01","date_gmt":"2023-04-17T08:27:01","guid":{"rendered":"https:\/\/garneloymunozabogados.com\/?p=2485"},"modified":"2023-04-17T08:27:03","modified_gmt":"2023-04-17T08:27:03","slug":"condena-de-6-meses-de-prision-a-un-cardiologo-que-intento-grabar-a-una-medico-residente-en-la-ducha-de-un-hospital","status":"publish","type":"post","link":"https:\/\/garneloymunozabogados.com\/?p=2485","title":{"rendered":"Condena de 6 meses de prisi\u00f3n a un cardi\u00f3logo que intent\u00f3 grabar a una m\u00e9dico residente en la ducha de un hospital"},"content":{"rendered":"\n<p>El Tribunal Supremo confirma la condena de 6 meses de prisi\u00f3n a un cardi\u00f3logo que intent\u00f3 grabar a una m\u00e9dico residente en la ducha de un hospital de Valencia<\/p>\n\n\n\n<p>Adem\u00e1s obliga a pagar al condenado una multa de 3600 euros por un delito contra la intimidad en grado de tentativa<\/p>\n\n\n\n<p>Los hechos ocurrieron durante una guardia en el hospital Cl\u00ednico Universitario de Valencia cuando el cardi\u00f3logo pregunt\u00f3 a una m\u00e9dico residente si iba a ducharse en el ba\u00f1o de uso com\u00fan por el personal sanitario de servicio en la zona de ingresos de cardiolog\u00eda. La joven le dijo que s\u00ed y \u00e9l le pidi\u00f3 que antes le dejase entrar. Se trataba de un peque\u00f1o aseo con un lavabo, un inodoro y una ducha separada del resto por un tabique y una puerta trasl\u00facida.<\/p>\n\n\n\n<p>Una vez dentro, instal\u00f3 un tel\u00e9fono tras la rejilla que cerraba un hueco de ventilaci\u00f3n con la finalidad de captar im\u00e1genes de quien lo usara despu\u00e9s y tap\u00f3 las partes m\u00e1s brillantes del m\u00f3vil con tinta negra, con unos trozos de papel o cart\u00f3n del mismo color.<\/p>\n\n\n\n<p>Cuando sali\u00f3 del aseo, donde estuvo unos quince minutos, le dijo a la m\u00e9dico residente que ya pod\u00eda entrar, pero como esta recelaba de lo ocurrido, por la actitud del acusado y por comentarios anteriores, examin\u00f3 el interior y descubri\u00f3 que la rejilla estaba abierta y que detr\u00e1s estaba el tel\u00e9fono que hab\u00eda ocultado el cardi\u00f3logo, seg\u00fan los hechos probados.<\/p>\n\n\n\n<p>Tras el descubrimiento, delante de la jefa de guardia y del personal de seguridad del hospital, el acusado reconoci\u00f3 que el aparato era suyo y quiso quitar importancia a su acci\u00f3n diciendo que era una tonter\u00eda y una chiquillada. Adem\u00e1s, le pidi\u00f3 a la joven que no le denunciara. La polic\u00eda requis\u00f3 el tel\u00e9fono, que no pudo ser examinado pericialmente por hallarse bloqueado y porque ninguna de las claves proporcionadas por el acusado permiti\u00f3 el desbloqueo.<\/p>\n\n\n\n<p>La Sala considera que de los hechos probados se deduce que el condenado \u201curdi\u00f3 un plan con la finalidad de lesionar la intimidad\u201d de la m\u00e9dico residente y a\u00f1ade que la l\u00f3gica conduce, sin dificultad alguna, a la conclusi\u00f3n alcanzada: que pretend\u00eda captar im\u00e1genes mientras se duchaba.<\/p>\n","protected":false},"excerpt":{"rendered":"<p>El Tribunal Supremo confirma la condena de 6 meses de prisi\u00f3n a un cardi\u00f3logo que intent\u00f3 grabar a una m\u00e9dico residente en la ducha de un hospital de Valencia Adem\u00e1s obliga a pagar al condenado una multa de 3600 euros por un delito contra la intimidad en grado de tentativa Los hechos ocurrieron durante una guardia en el hospital Cl\u00ednico Universitario de Valencia cuando el cardi\u00f3logo pregunt\u00f3 a una m\u00e9dico residente si iba a ducharse en el ba\u00f1o de uso com\u00fan por el personal sanitario de servicio en la zona de ingresos de cardiolog\u00eda. La joven le dijo que s\u00ed y \u00e9l le pidi\u00f3 que antes le dejase entrar. Se trataba de un peque\u00f1o aseo con un lavabo, un inodoro y una ducha separada del resto por un tabique y una puerta trasl\u00facida. Una vez dentro, instal\u00f3 un tel\u00e9fono tras la rejilla que cerraba un hueco de ventilaci\u00f3n con la finalidad de captar im\u00e1genes de quien lo usara despu\u00e9s y tap\u00f3 las partes m\u00e1s brillantes del m\u00f3vil con tinta negra, con unos trozos de papel o cart\u00f3n del mismo color. Cuando sali\u00f3 del aseo, donde estuvo unos quince minutos, le dijo a la m\u00e9dico residente que ya pod\u00eda entrar, pero como esta recelaba de lo ocurrido, por la actitud del acusado y por comentarios anteriores, examin\u00f3 el interior y descubri\u00f3 que la rejilla estaba abierta y que detr\u00e1s estaba el tel\u00e9fono que hab\u00eda ocultado el cardi\u00f3logo, seg\u00fan los hechos probados. Tras el descubrimiento, delante de la jefa de guardia y del personal de seguridad del hospital, el acusado reconoci\u00f3 que el aparato era suyo y quiso quitar importancia a su acci\u00f3n diciendo que era una tonter\u00eda y una chiquillada. Adem\u00e1s, le pidi\u00f3 a la joven que no le denunciara. La polic\u00eda requis\u00f3 el tel\u00e9fono, que no pudo ser examinado pericialmente por hallarse bloqueado y porque ninguna de las claves proporcionadas por el acusado permiti\u00f3 el desbloqueo. La Sala considera que de los hechos probados se deduce que el condenado \u201curdi\u00f3 un plan con la finalidad de lesionar la intimidad\u201d de la m\u00e9dico residente y a\u00f1ade que la l\u00f3gica conduce, sin dificultad alguna, a la conclusi\u00f3n alcanzada: que pretend\u00eda captar im\u00e1genes mientras se duchaba.<\/p>\n","protected":false},"author":1,"featured_media":0,"comment_status":"open","ping_status":"open","sticky":false,"template":"","format":"standard","meta":{"footnotes":""},"categories":[1],"tags":[],"yoast_head":"<!-- This site is optimized with the Yoast SEO plugin v22.3 - https:\/\/yoast.com\/wordpress\/plugins\/seo\/ -->\n<title>Condena de 6 meses de prisi\u00f3n a un cardi\u00f3logo que intent\u00f3 grabar a una m\u00e9dico residente en la ducha de un hospital &#8211;<\/title>\n<meta name=\"description\" content=\"Condena de 6 meses de prisi\u00f3n a un cardi\u00f3logo que intent\u00f3 grabar a una m\u00e9dico residente en la ducha de un hospital\" \/>\n<meta name=\"robots\" content=\"index, follow, max-snippet:-1, max-image-preview:large, max-video-preview:-1\" \/>\n<link rel=\"canonical\" href=\"https:\/\/garneloymunozabogados.com\/?p=2485\" \/>\n<meta property=\"og:locale\" content=\"es_ES\" \/>\n<meta property=\"og:type\" content=\"article\" \/>\n<meta property=\"og:title\" content=\"Condena de 6 meses de prisi\u00f3n a un cardi\u00f3logo que intent\u00f3 grabar a una m\u00e9dico residente en la ducha de un hospital &#8211;\" \/>\n<meta property=\"og:description\" content=\"Condena de 6 meses de prisi\u00f3n a un cardi\u00f3logo que intent\u00f3 grabar a una m\u00e9dico residente en la ducha de un hospital\" \/>\n<meta property=\"og:url\" content=\"https:\/\/garneloymunozabogados.com\/?p=2485\" \/>\n<meta property=\"article:published_time\" content=\"2023-04-17T08:27:01+00:00\" \/>\n<meta property=\"article:modified_time\" content=\"2023-04-17T08:27:03+00:00\" \/>\n<meta name=\"author\" content=\"Garnelo &amp; Mu\u00f1oz Abogados\" \/>\n<meta name=\"twitter:card\" content=\"summary_large_image\" \/>\n<meta name=\"twitter:label1\" content=\"Escrito por\" \/>\n\t<meta name=\"twitter:data1\" content=\"Garnelo &amp; Mu\u00f1oz Abogados\" \/>\n\t<meta name=\"twitter:label2\" content=\"Tiempo de lectura\" \/>\n\t<meta name=\"twitter:data2\" content=\"2 minutos\" \/>\n<script type=\"application\/ld+json\" class=\"yoast-schema-graph\">{\"@context\":\"https:\/\/schema.org\",\"@graph\":[{\"@type\":\"WebPage\",\"@id\":\"https:\/\/garneloymunozabogados.com\/?p=2485\",\"url\":\"https:\/\/garneloymunozabogados.com\/?p=2485\",\"name\":\"Condena de 6 meses de prisi\u00f3n a un cardi\u00f3logo que intent\u00f3 grabar a una m\u00e9dico residente en la ducha de un hospital &#8211;\",\"isPartOf\":{\"@id\":\"https:\/\/garneloymunozabogados.com\/#website\"},\"datePublished\":\"2023-04-17T08:27:01+00:00\",\"dateModified\":\"2023-04-17T08:27:03+00:00\",\"author\":{\"@id\":\"https:\/\/garneloymunozabogados.com\/#\/schema\/person\/1f23be8d68cd44ce56ab4c3a725e94f6\"},\"description\":\"Condena de 6 meses de prisi\u00f3n a un cardi\u00f3logo que intent\u00f3 grabar a una m\u00e9dico residente en la ducha de un hospital\",\"breadcrumb\":{\"@id\":\"https:\/\/garneloymunozabogados.com\/?p=2485#breadcrumb\"},\"inLanguage\":\"es\",\"potentialAction\":[{\"@type\":\"ReadAction\",\"target\":[\"https:\/\/garneloymunozabogados.com\/?p=2485\"]}]},{\"@type\":\"BreadcrumbList\",\"@id\":\"https:\/\/garneloymunozabogados.com\/?p=2485#breadcrumb\",\"itemListElement\":[{\"@type\":\"ListItem\",\"position\":1,\"name\":\"Portada\",\"item\":\"https:\/\/garneloymunozabogados.com\/\"},{\"@type\":\"ListItem\",\"position\":2,\"name\":\"Condena de 6 meses de prisi\u00f3n a un cardi\u00f3logo que intent\u00f3 grabar a una m\u00e9dico residente en la ducha de un hospital\"}]},{\"@type\":\"WebSite\",\"@id\":\"https:\/\/garneloymunozabogados.com\/#website\",\"url\":\"https:\/\/garneloymunozabogados.com\/\",\"name\":\"https:\/\/garneloymunozabogados.com\/\",\"description\":\"Despacho de abogados en Ponferrada\",\"alternateName\":\"gym-abogados\",\"potentialAction\":[{\"@type\":\"SearchAction\",\"target\":{\"@type\":\"EntryPoint\",\"urlTemplate\":\"https:\/\/garneloymunozabogados.com\/?s={search_term_string}\"},\"query-input\":\"required name=search_term_string\"}],\"inLanguage\":\"es\"},{\"@type\":\"Person\",\"@id\":\"https:\/\/garneloymunozabogados.com\/#\/schema\/person\/1f23be8d68cd44ce56ab4c3a725e94f6\",\"name\":\"Garnelo &amp; Mu\u00f1oz Abogados\",\"image\":{\"@type\":\"ImageObject\",\"inLanguage\":\"es\",\"@id\":\"https:\/\/garneloymunozabogados.com\/#\/schema\/person\/image\/\",\"url\":\"https:\/\/secure.gravatar.com\/avatar\/031613ad7e6e67e4e0a3cd0715ec36ed?s=96&d=mm&r=g\",\"contentUrl\":\"https:\/\/secure.gravatar.com\/avatar\/031613ad7e6e67e4e0a3cd0715ec36ed?s=96&d=mm&r=g\",\"caption\":\"Garnelo &amp; Mu\u00f1oz Abogados\"},\"url\":\"https:\/\/garneloymunozabogados.com\/?author=1\"}]}<\/script>\n<!-- \/ Yoast SEO plugin. -->","yoast_head_json":{"title":"Condena de 6 meses de prisi\u00f3n a un cardi\u00f3logo que intent\u00f3 grabar a una m\u00e9dico residente en la ducha de un hospital &#8211;","description":"Condena de 6 meses de prisi\u00f3n a un cardi\u00f3logo que intent\u00f3 grabar a una m\u00e9dico residente en la ducha de un hospital","robots":{"index":"index","follow":"follow","max-snippet":"max-snippet:-1","max-image-preview":"max-image-preview:large","max-video-preview":"max-video-preview:-1"},"canonical":"https:\/\/garneloymunozabogados.com\/?p=2485","og_locale":"es_ES","og_type":"article","og_title":"Condena de 6 meses de prisi\u00f3n a un cardi\u00f3logo que intent\u00f3 grabar a una m\u00e9dico residente en la ducha de un hospital &#8211;","og_description":"Condena de 6 meses de prisi\u00f3n a un cardi\u00f3logo que intent\u00f3 grabar a una m\u00e9dico residente en la ducha de un hospital","og_url":"https:\/\/garneloymunozabogados.com\/?p=2485","article_published_time":"2023-04-17T08:27:01+00:00","article_modified_time":"2023-04-17T08:27:03+00:00","author":"Garnelo &amp; Mu\u00f1oz Abogados","twitter_card":"summary_large_image","twitter_misc":{"Escrito por":"Garnelo &amp; Mu\u00f1oz Abogados","Tiempo de lectura":"2 minutos"},"schema":{"@context":"https:\/\/schema.org","@graph":[{"@type":"WebPage","@id":"https:\/\/garneloymunozabogados.com\/?p=2485","url":"https:\/\/garneloymunozabogados.com\/?p=2485","name":"Condena de 6 meses de prisi\u00f3n a un cardi\u00f3logo que intent\u00f3 grabar a una m\u00e9dico residente en la ducha de un hospital &#8211;","isPartOf":{"@id":"https:\/\/garneloymunozabogados.com\/#website"},"datePublished":"2023-04-17T08:27:01+00:00","dateModified":"2023-04-17T08:27:03+00:00","author":{"@id":"https:\/\/garneloymunozabogados.com\/#\/schema\/person\/1f23be8d68cd44ce56ab4c3a725e94f6"},"description":"Condena de 6 meses de prisi\u00f3n a un cardi\u00f3logo que intent\u00f3 grabar a una m\u00e9dico residente en la ducha de un hospital","breadcrumb":{"@id":"https:\/\/garneloymunozabogados.com\/?p=2485#breadcrumb"},"inLanguage":"es","potentialAction":[{"@type":"ReadAction","target":["https:\/\/garneloymunozabogados.com\/?p=2485"]}]},{"@type":"BreadcrumbList","@id":"https:\/\/garneloymunozabogados.com\/?p=2485#breadcrumb","itemListElement":[{"@type":"ListItem","position":1,"name":"Portada","item":"https:\/\/garneloymunozabogados.com\/"},{"@type":"ListItem","position":2,"name":"Condena de 6 meses de prisi\u00f3n a un cardi\u00f3logo que intent\u00f3 grabar a una m\u00e9dico residente en la ducha de un hospital"}]},{"@type":"WebSite","@id":"https:\/\/garneloymunozabogados.com\/#website","url":"https:\/\/garneloymunozabogados.com\/","name":"https:\/\/garneloymunozabogados.com\/","description":"Despacho de abogados en Ponferrada","alternateName":"gym-abogados","potentialAction":[{"@type":"SearchAction","target":{"@type":"EntryPoint","urlTemplate":"https:\/\/garneloymunozabogados.com\/?s={search_term_string}"},"query-input":"required name=search_term_string"}],"inLanguage":"es"},{"@type":"Person","@id":"https:\/\/garneloymunozabogados.com\/#\/schema\/person\/1f23be8d68cd44ce56ab4c3a725e94f6","name":"Garnelo &amp; Mu\u00f1oz Abogados","image":{"@type":"ImageObject","inLanguage":"es","@id":"https:\/\/garneloymunozabogados.com\/#\/schema\/person\/image\/","url":"https:\/\/secure.gravatar.com\/avatar\/031613ad7e6e67e4e0a3cd0715ec36ed?s=96&d=mm&r=g","contentUrl":"https:\/\/secure.gravatar.com\/avatar\/031613ad7e6e67e4e0a3cd0715ec36ed?s=96&d=mm&r=g","caption":"Garnelo &amp; Mu\u00f1oz Abogados"},"url":"https:\/\/garneloymunozabogados.com\/?author=1"}]}},"_links":{"self":[{"href":"https:\/\/garneloymunozabogados.com\/index.php?rest_route=\/wp\/v2\/posts\/2485"}],"collection":[{"href":"https:\/\/garneloymunozabogados.com\/index.php?rest_route=\/wp\/v2\/posts"}],"about":[{"href":"https:\/\/garneloymunozabogados.com\/index.php?rest_route=\/wp\/v2\/types\/post"}],"author":[{"embeddable":true,"href":"https:\/\/garneloymunozabogados.com\/index.php?rest_route=\/wp\/v2\/users\/1"}],"replies":[{"embeddable":true,"href":"https:\/\/garneloymunozabogados.com\/index.php?rest_route=%2Fwp%2Fv2%2Fcomments&post=2485"}],"version-history":[{"count":2,"href":"https:\/\/garneloymunozabogados.com\/index.php?rest_route=\/wp\/v2\/posts\/2485\/revisions"}],"predecessor-version":[{"id":2487,"href":"https:\/\/garneloymunozabogados.com\/index.php?rest_route=\/wp\/v2\/posts\/2485\/revisions\/2487"}],"wp:attachment":[{"href":"https:\/\/garneloymunozabogados.com\/index.php?rest_route=%2Fwp%2Fv2%2Fmedia&parent=2485"}],"wp:term":[{"taxonomy":"category","embeddable":true,"href":"https:\/\/garneloymunozabogados.com\/index.php?rest_route=%2Fwp%2Fv2%2Fcategories&post=2485"},{"taxonomy":"post_tag","embeddable":true,"href":"https:\/\/garneloymunozabogados.com\/index.php?rest_route=%2Fwp%2Fv2%2Ftags&post=2485"}],"curies":[{"name":"wp","href":"https:\/\/api.w.org\/{rel}","templated":true}]}}