{"id":2480,"date":"2023-04-10T09:37:28","date_gmt":"2023-04-10T09:37:28","guid":{"rendered":"https:\/\/garneloymunozabogados.com\/?p=2480"},"modified":"2023-04-10T09:37:30","modified_gmt":"2023-04-10T09:37:30","slug":"el-tribunal-supremo-permite-aplicar-el-minimo-por-discapacidad-en-el-irpf-a-los-contribuyentes-que-la-acrediten-mediante-certificados-u-otros-medios","status":"publish","type":"post","link":"https:\/\/garneloymunozabogados.com\/?p=2480","title":{"rendered":"El Tribunal Supremo permite aplicar el m\u00ednimo por discapacidad en el IRPF a los contribuyentes que la acrediten mediante certificados u otros medios"},"content":{"rendered":"\n<p>En sentencia 294\/2023 de 8 de marzo, la Sala de lo Contencioso-Administrativo del Tribunal Supremo avala la aplicaci\u00f3n del m\u00ednimo por discapacidad en el IRPF de una contribuyente que obtuvo el reconocimiento de una minusval\u00eda del 77% con posterioridad a los ejercicios impositivos en que aplic\u00f3 dicha reducci\u00f3n.&nbsp;<\/p>\n\n\n\n<p>De esta manera, rechaza la posici\u00f3n de la AEAT que, sobre la base del Reglamento del IRPF, manten\u00eda que el grado de discapacidad s\u00f3lo pod\u00eda acreditarse a trav\u00e9s de los certificados o resoluciones expedidos por el IMSERSO o por el \u00f3rgano competente de las Comunidades Aut\u00f3nomas.&nbsp;<\/p>\n\n\n\n<p>La sentencia, por el contrario, considera que no cabe excluir la acreditaci\u00f3n de la discapacidad a trav\u00e9s de otros medios de prueba puesto que esa tesis comportar\u00eda una restricci\u00f3n del derecho fundamental a utilizar los medios de prueba pertinentes con relaci\u00f3n a una realidad, como la discapacidad, que la Administraci\u00f3n est\u00e1 obligada a proteger y garantizar a trav\u00e9s de un decidido compromiso.&nbsp;<\/p>\n\n\n\n<p>En el caso concreto, se reprocha a la AEAT que no valorase los documentos aportados por la contribuyente -informes m\u00e9dicos- recordando que, a tenor de la jurisprudencia del Tribunal Europeo de Derechos Humanos, resulta exigible una ponderaci\u00f3n de los derechos de las personas con discapacidad, as\u00ed como el respeto a la especificidad f\u00e1ctica de tales situaciones.&nbsp;<\/p>\n\n\n\n<p>Adem\u00e1s entiende el Tribunal Supremo que el no reconocimiento del m\u00ednimo por discapacidad, destinado a satisfacer las necesidades b\u00e1sicas personales y familiares del contribuyente, vulnera el principio de capacidad econ\u00f3mica si se demuestra la real situaci\u00f3n de discapacidad.&nbsp;<\/p>\n","protected":false},"excerpt":{"rendered":"<p>En sentencia 294\/2023 de 8 de marzo, la Sala de lo Contencioso-Administrativo del Tribunal Supremo avala la aplicaci\u00f3n del m\u00ednimo por discapacidad en el IRPF de una contribuyente que obtuvo el reconocimiento de una minusval\u00eda del 77% con posterioridad a los ejercicios impositivos en que aplic\u00f3 dicha reducci\u00f3n.&nbsp; De esta manera, rechaza la posici\u00f3n de la AEAT que, sobre la base del Reglamento del IRPF, manten\u00eda que el grado de discapacidad s\u00f3lo pod\u00eda acreditarse a trav\u00e9s de los certificados o resoluciones expedidos por el IMSERSO o por el \u00f3rgano competente de las Comunidades Aut\u00f3nomas.&nbsp; La sentencia, por el contrario, considera que no cabe excluir la acreditaci\u00f3n de la discapacidad a trav\u00e9s de otros medios de prueba puesto que esa tesis comportar\u00eda una restricci\u00f3n del derecho fundamental a utilizar los medios de prueba pertinentes con relaci\u00f3n a una realidad, como la discapacidad, que la Administraci\u00f3n est\u00e1 obligada a proteger y garantizar a trav\u00e9s de un decidido compromiso.&nbsp; En el caso concreto, se reprocha a la AEAT que no valorase los documentos aportados por la contribuyente -informes m\u00e9dicos- recordando que, a tenor de la jurisprudencia del Tribunal Europeo de Derechos Humanos, resulta exigible una ponderaci\u00f3n de los derechos de las personas con discapacidad, as\u00ed como el respeto a la especificidad f\u00e1ctica de tales situaciones.&nbsp; Adem\u00e1s entiende el Tribunal Supremo que el no reconocimiento del m\u00ednimo por discapacidad, destinado a satisfacer las necesidades b\u00e1sicas personales y familiares del contribuyente, vulnera el principio de capacidad econ\u00f3mica si se demuestra la real situaci\u00f3n de discapacidad.&nbsp;<\/p>\n","protected":false},"author":1,"featured_media":0,"comment_status":"open","ping_status":"open","sticky":false,"template":"","format":"standard","meta":{"footnotes":""},"categories":[1],"tags":[],"yoast_head":"<!-- This site is optimized with the Yoast SEO plugin v22.3 - https:\/\/yoast.com\/wordpress\/plugins\/seo\/ -->\n<title>El Tribunal Supremo permite aplicar el m\u00ednimo por discapacidad en el IRPF a los contribuyentes que la acrediten mediante certificados u otros medios &#8211;<\/title>\n<meta name=\"description\" content=\"El Tribunal Supremo permite aplicar el m\u00ednimo por discapacidad en el IRPF a los contribuyentes que la acrediten mediante certificados u otros medios\" \/>\n<meta name=\"robots\" content=\"index, follow, max-snippet:-1, max-image-preview:large, max-video-preview:-1\" \/>\n<link rel=\"canonical\" href=\"https:\/\/garneloymunozabogados.com\/?p=2480\" \/>\n<meta property=\"og:locale\" content=\"es_ES\" \/>\n<meta property=\"og:type\" content=\"article\" \/>\n<meta property=\"og:title\" content=\"El Tribunal Supremo permite aplicar el m\u00ednimo por discapacidad en el IRPF a los contribuyentes que la acrediten mediante certificados u otros medios &#8211;\" \/>\n<meta property=\"og:description\" content=\"El Tribunal Supremo permite aplicar el m\u00ednimo por discapacidad en el IRPF a los contribuyentes que la acrediten mediante certificados u otros medios\" \/>\n<meta property=\"og:url\" content=\"https:\/\/garneloymunozabogados.com\/?p=2480\" \/>\n<meta property=\"article:published_time\" content=\"2023-04-10T09:37:28+00:00\" \/>\n<meta property=\"article:modified_time\" content=\"2023-04-10T09:37:30+00:00\" \/>\n<meta name=\"author\" content=\"Garnelo &amp; Mu\u00f1oz Abogados\" \/>\n<meta name=\"twitter:card\" content=\"summary_large_image\" \/>\n<meta name=\"twitter:label1\" content=\"Escrito por\" \/>\n\t<meta name=\"twitter:data1\" content=\"Garnelo &amp; Mu\u00f1oz Abogados\" \/>\n\t<meta name=\"twitter:label2\" content=\"Tiempo de lectura\" \/>\n\t<meta name=\"twitter:data2\" content=\"1 minuto\" \/>\n<script type=\"application\/ld+json\" class=\"yoast-schema-graph\">{\"@context\":\"https:\/\/schema.org\",\"@graph\":[{\"@type\":\"WebPage\",\"@id\":\"https:\/\/garneloymunozabogados.com\/?p=2480\",\"url\":\"https:\/\/garneloymunozabogados.com\/?p=2480\",\"name\":\"El Tribunal Supremo permite aplicar el m\u00ednimo por discapacidad en el IRPF a los contribuyentes que la acrediten mediante certificados u otros medios &#8211;\",\"isPartOf\":{\"@id\":\"https:\/\/garneloymunozabogados.com\/#website\"},\"datePublished\":\"2023-04-10T09:37:28+00:00\",\"dateModified\":\"2023-04-10T09:37:30+00:00\",\"author\":{\"@id\":\"https:\/\/garneloymunozabogados.com\/#\/schema\/person\/1f23be8d68cd44ce56ab4c3a725e94f6\"},\"description\":\"El Tribunal Supremo permite aplicar el m\u00ednimo por discapacidad en el IRPF a los contribuyentes que la acrediten mediante certificados u otros medios\",\"breadcrumb\":{\"@id\":\"https:\/\/garneloymunozabogados.com\/?p=2480#breadcrumb\"},\"inLanguage\":\"es\",\"potentialAction\":[{\"@type\":\"ReadAction\",\"target\":[\"https:\/\/garneloymunozabogados.com\/?p=2480\"]}]},{\"@type\":\"BreadcrumbList\",\"@id\":\"https:\/\/garneloymunozabogados.com\/?p=2480#breadcrumb\",\"itemListElement\":[{\"@type\":\"ListItem\",\"position\":1,\"name\":\"Portada\",\"item\":\"https:\/\/garneloymunozabogados.com\/\"},{\"@type\":\"ListItem\",\"position\":2,\"name\":\"El Tribunal Supremo permite aplicar el m\u00ednimo por discapacidad en el IRPF a los contribuyentes que la acrediten mediante certificados u otros medios\"}]},{\"@type\":\"WebSite\",\"@id\":\"https:\/\/garneloymunozabogados.com\/#website\",\"url\":\"https:\/\/garneloymunozabogados.com\/\",\"name\":\"https:\/\/garneloymunozabogados.com\/\",\"description\":\"Despacho de abogados en Ponferrada\",\"alternateName\":\"gym-abogados\",\"potentialAction\":[{\"@type\":\"SearchAction\",\"target\":{\"@type\":\"EntryPoint\",\"urlTemplate\":\"https:\/\/garneloymunozabogados.com\/?s={search_term_string}\"},\"query-input\":\"required name=search_term_string\"}],\"inLanguage\":\"es\"},{\"@type\":\"Person\",\"@id\":\"https:\/\/garneloymunozabogados.com\/#\/schema\/person\/1f23be8d68cd44ce56ab4c3a725e94f6\",\"name\":\"Garnelo &amp; Mu\u00f1oz Abogados\",\"image\":{\"@type\":\"ImageObject\",\"inLanguage\":\"es\",\"@id\":\"https:\/\/garneloymunozabogados.com\/#\/schema\/person\/image\/\",\"url\":\"https:\/\/secure.gravatar.com\/avatar\/031613ad7e6e67e4e0a3cd0715ec36ed?s=96&d=mm&r=g\",\"contentUrl\":\"https:\/\/secure.gravatar.com\/avatar\/031613ad7e6e67e4e0a3cd0715ec36ed?s=96&d=mm&r=g\",\"caption\":\"Garnelo &amp; Mu\u00f1oz Abogados\"},\"url\":\"https:\/\/garneloymunozabogados.com\/?author=1\"}]}<\/script>\n<!-- \/ Yoast SEO plugin. -->","yoast_head_json":{"title":"El Tribunal Supremo permite aplicar el m\u00ednimo por discapacidad en el IRPF a los contribuyentes que la acrediten mediante certificados u otros medios &#8211;","description":"El Tribunal Supremo permite aplicar el m\u00ednimo por discapacidad en el IRPF a los contribuyentes que la acrediten mediante certificados u otros medios","robots":{"index":"index","follow":"follow","max-snippet":"max-snippet:-1","max-image-preview":"max-image-preview:large","max-video-preview":"max-video-preview:-1"},"canonical":"https:\/\/garneloymunozabogados.com\/?p=2480","og_locale":"es_ES","og_type":"article","og_title":"El Tribunal Supremo permite aplicar el m\u00ednimo por discapacidad en el IRPF a los contribuyentes que la acrediten mediante certificados u otros medios &#8211;","og_description":"El Tribunal Supremo permite aplicar el m\u00ednimo por discapacidad en el IRPF a los contribuyentes que la acrediten mediante certificados u otros medios","og_url":"https:\/\/garneloymunozabogados.com\/?p=2480","article_published_time":"2023-04-10T09:37:28+00:00","article_modified_time":"2023-04-10T09:37:30+00:00","author":"Garnelo &amp; Mu\u00f1oz Abogados","twitter_card":"summary_large_image","twitter_misc":{"Escrito por":"Garnelo &amp; Mu\u00f1oz Abogados","Tiempo de lectura":"1 minuto"},"schema":{"@context":"https:\/\/schema.org","@graph":[{"@type":"WebPage","@id":"https:\/\/garneloymunozabogados.com\/?p=2480","url":"https:\/\/garneloymunozabogados.com\/?p=2480","name":"El Tribunal Supremo permite aplicar el m\u00ednimo por discapacidad en el IRPF a los contribuyentes que la acrediten mediante certificados u otros medios &#8211;","isPartOf":{"@id":"https:\/\/garneloymunozabogados.com\/#website"},"datePublished":"2023-04-10T09:37:28+00:00","dateModified":"2023-04-10T09:37:30+00:00","author":{"@id":"https:\/\/garneloymunozabogados.com\/#\/schema\/person\/1f23be8d68cd44ce56ab4c3a725e94f6"},"description":"El Tribunal Supremo permite aplicar el m\u00ednimo por discapacidad en el IRPF a los contribuyentes que la acrediten mediante certificados u otros medios","breadcrumb":{"@id":"https:\/\/garneloymunozabogados.com\/?p=2480#breadcrumb"},"inLanguage":"es","potentialAction":[{"@type":"ReadAction","target":["https:\/\/garneloymunozabogados.com\/?p=2480"]}]},{"@type":"BreadcrumbList","@id":"https:\/\/garneloymunozabogados.com\/?p=2480#breadcrumb","itemListElement":[{"@type":"ListItem","position":1,"name":"Portada","item":"https:\/\/garneloymunozabogados.com\/"},{"@type":"ListItem","position":2,"name":"El Tribunal Supremo permite aplicar el m\u00ednimo por discapacidad en el IRPF a los contribuyentes que la acrediten mediante certificados u otros medios"}]},{"@type":"WebSite","@id":"https:\/\/garneloymunozabogados.com\/#website","url":"https:\/\/garneloymunozabogados.com\/","name":"https:\/\/garneloymunozabogados.com\/","description":"Despacho de abogados en Ponferrada","alternateName":"gym-abogados","potentialAction":[{"@type":"SearchAction","target":{"@type":"EntryPoint","urlTemplate":"https:\/\/garneloymunozabogados.com\/?s={search_term_string}"},"query-input":"required name=search_term_string"}],"inLanguage":"es"},{"@type":"Person","@id":"https:\/\/garneloymunozabogados.com\/#\/schema\/person\/1f23be8d68cd44ce56ab4c3a725e94f6","name":"Garnelo &amp; Mu\u00f1oz Abogados","image":{"@type":"ImageObject","inLanguage":"es","@id":"https:\/\/garneloymunozabogados.com\/#\/schema\/person\/image\/","url":"https:\/\/secure.gravatar.com\/avatar\/031613ad7e6e67e4e0a3cd0715ec36ed?s=96&d=mm&r=g","contentUrl":"https:\/\/secure.gravatar.com\/avatar\/031613ad7e6e67e4e0a3cd0715ec36ed?s=96&d=mm&r=g","caption":"Garnelo &amp; Mu\u00f1oz Abogados"},"url":"https:\/\/garneloymunozabogados.com\/?author=1"}]}},"_links":{"self":[{"href":"https:\/\/garneloymunozabogados.com\/index.php?rest_route=\/wp\/v2\/posts\/2480"}],"collection":[{"href":"https:\/\/garneloymunozabogados.com\/index.php?rest_route=\/wp\/v2\/posts"}],"about":[{"href":"https:\/\/garneloymunozabogados.com\/index.php?rest_route=\/wp\/v2\/types\/post"}],"author":[{"embeddable":true,"href":"https:\/\/garneloymunozabogados.com\/index.php?rest_route=\/wp\/v2\/users\/1"}],"replies":[{"embeddable":true,"href":"https:\/\/garneloymunozabogados.com\/index.php?rest_route=%2Fwp%2Fv2%2Fcomments&post=2480"}],"version-history":[{"count":1,"href":"https:\/\/garneloymunozabogados.com\/index.php?rest_route=\/wp\/v2\/posts\/2480\/revisions"}],"predecessor-version":[{"id":2481,"href":"https:\/\/garneloymunozabogados.com\/index.php?rest_route=\/wp\/v2\/posts\/2480\/revisions\/2481"}],"wp:attachment":[{"href":"https:\/\/garneloymunozabogados.com\/index.php?rest_route=%2Fwp%2Fv2%2Fmedia&parent=2480"}],"wp:term":[{"taxonomy":"category","embeddable":true,"href":"https:\/\/garneloymunozabogados.com\/index.php?rest_route=%2Fwp%2Fv2%2Fcategories&post=2480"},{"taxonomy":"post_tag","embeddable":true,"href":"https:\/\/garneloymunozabogados.com\/index.php?rest_route=%2Fwp%2Fv2%2Ftags&post=2480"}],"curies":[{"name":"wp","href":"https:\/\/api.w.org\/{rel}","templated":true}]}}