{"id":2478,"date":"2023-04-05T09:13:50","date_gmt":"2023-04-05T09:13:50","guid":{"rendered":"https:\/\/garneloymunozabogados.com\/?p=2478"},"modified":"2024-01-08T23:23:56","modified_gmt":"2024-01-08T23:23:56","slug":"pension-de-alimentos","status":"publish","type":"post","link":"https:\/\/garneloymunozabogados.com\/?p=2478","title":{"rendered":"PENSI\u00d3N DE ALIMENTOS"},"content":{"rendered":"\n<p>La Audiencia Provincial de Salamanca -Sentencia 44\/2023, de 1 de febrero- ha eximido a un padre de la obligaci\u00f3n a seguir pagando la pensi\u00f3n de alimentos a su hija de 29 a\u00f1os por su desinter\u00e9s para buscar trabajo. Asimismo, el tribunal se\u00f1ala que concurre una causa que, por s\u00ed sola, ya es suficiente para acordar la extinci\u00f3n: la falta de relaci\u00f3n entre padre e hija \u201cimputable solo a \u00e9sta\u201d.&nbsp;<\/p>\n\n\n\n<p>El tribunal concluye que la hija, \u201ccon 29 a\u00f1os cumplidos mantiene un evidente y manifiesto desinter\u00e9s por buscar un trabajo de forma activa y por trabajar, y si bien no tiene independencia econ\u00f3mica, \u00e9sta solo es debida a su falta de diligencia e inter\u00e9s en la consecuci\u00f3n de un empleo puesto que no se ha acreditado en autos ni causa f\u00edsica ni ps\u00edquica para que, con 29 a\u00f1os en el momento de la vista, pueda conseguir un empleo\u201d.<\/p>\n","protected":false},"excerpt":{"rendered":"<p>La Audiencia Provincial de Salamanca -Sentencia 44\/2023, de 1 de febrero- ha eximido a un padre de la obligaci\u00f3n a seguir pagando la pensi\u00f3n de alimentos a su hija de 29 a\u00f1os por su desinter\u00e9s para buscar trabajo. Asimismo, el tribunal se\u00f1ala que concurre una causa que, por s\u00ed sola, ya es suficiente para acordar la extinci\u00f3n: la falta de relaci\u00f3n entre padre e hija \u201cimputable solo a \u00e9sta\u201d.&nbsp; El tribunal concluye que la hija, \u201ccon 29 a\u00f1os cumplidos mantiene un evidente y manifiesto desinter\u00e9s por buscar un trabajo de forma activa y por trabajar, y si bien no tiene independencia econ\u00f3mica, \u00e9sta solo es debida a su falta de diligencia e inter\u00e9s en la consecuci\u00f3n de un empleo puesto que no se ha acreditado en autos ni causa f\u00edsica ni ps\u00edquica para que, con 29 a\u00f1os en el momento de la vista, pueda conseguir un empleo\u201d.<\/p>\n","protected":false},"author":1,"featured_media":0,"comment_status":"open","ping_status":"open","sticky":false,"template":"","format":"standard","meta":{"footnotes":""},"categories":[9],"tags":[],"yoast_head":"<!-- This site is optimized with the Yoast SEO plugin v22.3 - https:\/\/yoast.com\/wordpress\/plugins\/seo\/ -->\n<title>PENSI\u00d3N DE ALIMENTOS &#8211;<\/title>\n<meta name=\"description\" content=\"PENSI\u00d3N DE ALIMENTOS\" \/>\n<meta name=\"robots\" content=\"index, follow, max-snippet:-1, max-image-preview:large, max-video-preview:-1\" \/>\n<link rel=\"canonical\" href=\"https:\/\/garneloymunozabogados.com\/?p=2478\" \/>\n<meta property=\"og:locale\" content=\"es_ES\" \/>\n<meta property=\"og:type\" content=\"article\" \/>\n<meta property=\"og:title\" content=\"PENSI\u00d3N DE ALIMENTOS &#8211;\" \/>\n<meta property=\"og:description\" content=\"PENSI\u00d3N DE ALIMENTOS\" \/>\n<meta property=\"og:url\" content=\"https:\/\/garneloymunozabogados.com\/?p=2478\" \/>\n<meta property=\"article:published_time\" content=\"2023-04-05T09:13:50+00:00\" \/>\n<meta property=\"article:modified_time\" content=\"2024-01-08T23:23:56+00:00\" \/>\n<meta name=\"author\" content=\"Garnelo &amp; Mu\u00f1oz Abogados\" \/>\n<meta name=\"twitter:card\" content=\"summary_large_image\" \/>\n<meta name=\"twitter:label1\" content=\"Escrito por\" \/>\n\t<meta name=\"twitter:data1\" content=\"Garnelo &amp; Mu\u00f1oz Abogados\" \/>\n\t<meta name=\"twitter:label2\" content=\"Tiempo de lectura\" \/>\n\t<meta name=\"twitter:data2\" content=\"1 minuto\" \/>\n<script type=\"application\/ld+json\" class=\"yoast-schema-graph\">{\"@context\":\"https:\/\/schema.org\",\"@graph\":[{\"@type\":\"WebPage\",\"@id\":\"https:\/\/garneloymunozabogados.com\/?p=2478\",\"url\":\"https:\/\/garneloymunozabogados.com\/?p=2478\",\"name\":\"PENSI\u00d3N DE ALIMENTOS &#8211;\",\"isPartOf\":{\"@id\":\"https:\/\/garneloymunozabogados.com\/#website\"},\"datePublished\":\"2023-04-05T09:13:50+00:00\",\"dateModified\":\"2024-01-08T23:23:56+00:00\",\"author\":{\"@id\":\"https:\/\/garneloymunozabogados.com\/#\/schema\/person\/1f23be8d68cd44ce56ab4c3a725e94f6\"},\"description\":\"PENSI\u00d3N DE ALIMENTOS\",\"breadcrumb\":{\"@id\":\"https:\/\/garneloymunozabogados.com\/?p=2478#breadcrumb\"},\"inLanguage\":\"es\",\"potentialAction\":[{\"@type\":\"ReadAction\",\"target\":[\"https:\/\/garneloymunozabogados.com\/?p=2478\"]}]},{\"@type\":\"BreadcrumbList\",\"@id\":\"https:\/\/garneloymunozabogados.com\/?p=2478#breadcrumb\",\"itemListElement\":[{\"@type\":\"ListItem\",\"position\":1,\"name\":\"Portada\",\"item\":\"https:\/\/garneloymunozabogados.com\/\"},{\"@type\":\"ListItem\",\"position\":2,\"name\":\"PENSI\u00d3N DE ALIMENTOS\"}]},{\"@type\":\"WebSite\",\"@id\":\"https:\/\/garneloymunozabogados.com\/#website\",\"url\":\"https:\/\/garneloymunozabogados.com\/\",\"name\":\"https:\/\/garneloymunozabogados.com\/\",\"description\":\"Despacho de abogados en Ponferrada\",\"alternateName\":\"gym-abogados\",\"potentialAction\":[{\"@type\":\"SearchAction\",\"target\":{\"@type\":\"EntryPoint\",\"urlTemplate\":\"https:\/\/garneloymunozabogados.com\/?s={search_term_string}\"},\"query-input\":\"required name=search_term_string\"}],\"inLanguage\":\"es\"},{\"@type\":\"Person\",\"@id\":\"https:\/\/garneloymunozabogados.com\/#\/schema\/person\/1f23be8d68cd44ce56ab4c3a725e94f6\",\"name\":\"Garnelo &amp; Mu\u00f1oz Abogados\",\"image\":{\"@type\":\"ImageObject\",\"inLanguage\":\"es\",\"@id\":\"https:\/\/garneloymunozabogados.com\/#\/schema\/person\/image\/\",\"url\":\"https:\/\/secure.gravatar.com\/avatar\/031613ad7e6e67e4e0a3cd0715ec36ed?s=96&d=mm&r=g\",\"contentUrl\":\"https:\/\/secure.gravatar.com\/avatar\/031613ad7e6e67e4e0a3cd0715ec36ed?s=96&d=mm&r=g\",\"caption\":\"Garnelo &amp; Mu\u00f1oz Abogados\"},\"url\":\"https:\/\/garneloymunozabogados.com\/?author=1\"}]}<\/script>\n<!-- \/ Yoast SEO plugin. -->","yoast_head_json":{"title":"PENSI\u00d3N DE ALIMENTOS &#8211;","description":"PENSI\u00d3N DE ALIMENTOS","robots":{"index":"index","follow":"follow","max-snippet":"max-snippet:-1","max-image-preview":"max-image-preview:large","max-video-preview":"max-video-preview:-1"},"canonical":"https:\/\/garneloymunozabogados.com\/?p=2478","og_locale":"es_ES","og_type":"article","og_title":"PENSI\u00d3N DE ALIMENTOS &#8211;","og_description":"PENSI\u00d3N DE ALIMENTOS","og_url":"https:\/\/garneloymunozabogados.com\/?p=2478","article_published_time":"2023-04-05T09:13:50+00:00","article_modified_time":"2024-01-08T23:23:56+00:00","author":"Garnelo &amp; Mu\u00f1oz Abogados","twitter_card":"summary_large_image","twitter_misc":{"Escrito por":"Garnelo &amp; Mu\u00f1oz Abogados","Tiempo de lectura":"1 minuto"},"schema":{"@context":"https:\/\/schema.org","@graph":[{"@type":"WebPage","@id":"https:\/\/garneloymunozabogados.com\/?p=2478","url":"https:\/\/garneloymunozabogados.com\/?p=2478","name":"PENSI\u00d3N DE ALIMENTOS &#8211;","isPartOf":{"@id":"https:\/\/garneloymunozabogados.com\/#website"},"datePublished":"2023-04-05T09:13:50+00:00","dateModified":"2024-01-08T23:23:56+00:00","author":{"@id":"https:\/\/garneloymunozabogados.com\/#\/schema\/person\/1f23be8d68cd44ce56ab4c3a725e94f6"},"description":"PENSI\u00d3N DE ALIMENTOS","breadcrumb":{"@id":"https:\/\/garneloymunozabogados.com\/?p=2478#breadcrumb"},"inLanguage":"es","potentialAction":[{"@type":"ReadAction","target":["https:\/\/garneloymunozabogados.com\/?p=2478"]}]},{"@type":"BreadcrumbList","@id":"https:\/\/garneloymunozabogados.com\/?p=2478#breadcrumb","itemListElement":[{"@type":"ListItem","position":1,"name":"Portada","item":"https:\/\/garneloymunozabogados.com\/"},{"@type":"ListItem","position":2,"name":"PENSI\u00d3N DE ALIMENTOS"}]},{"@type":"WebSite","@id":"https:\/\/garneloymunozabogados.com\/#website","url":"https:\/\/garneloymunozabogados.com\/","name":"https:\/\/garneloymunozabogados.com\/","description":"Despacho de abogados en Ponferrada","alternateName":"gym-abogados","potentialAction":[{"@type":"SearchAction","target":{"@type":"EntryPoint","urlTemplate":"https:\/\/garneloymunozabogados.com\/?s={search_term_string}"},"query-input":"required name=search_term_string"}],"inLanguage":"es"},{"@type":"Person","@id":"https:\/\/garneloymunozabogados.com\/#\/schema\/person\/1f23be8d68cd44ce56ab4c3a725e94f6","name":"Garnelo &amp; Mu\u00f1oz Abogados","image":{"@type":"ImageObject","inLanguage":"es","@id":"https:\/\/garneloymunozabogados.com\/#\/schema\/person\/image\/","url":"https:\/\/secure.gravatar.com\/avatar\/031613ad7e6e67e4e0a3cd0715ec36ed?s=96&d=mm&r=g","contentUrl":"https:\/\/secure.gravatar.com\/avatar\/031613ad7e6e67e4e0a3cd0715ec36ed?s=96&d=mm&r=g","caption":"Garnelo &amp; Mu\u00f1oz Abogados"},"url":"https:\/\/garneloymunozabogados.com\/?author=1"}]}},"_links":{"self":[{"href":"https:\/\/garneloymunozabogados.com\/index.php?rest_route=\/wp\/v2\/posts\/2478"}],"collection":[{"href":"https:\/\/garneloymunozabogados.com\/index.php?rest_route=\/wp\/v2\/posts"}],"about":[{"href":"https:\/\/garneloymunozabogados.com\/index.php?rest_route=\/wp\/v2\/types\/post"}],"author":[{"embeddable":true,"href":"https:\/\/garneloymunozabogados.com\/index.php?rest_route=\/wp\/v2\/users\/1"}],"replies":[{"embeddable":true,"href":"https:\/\/garneloymunozabogados.com\/index.php?rest_route=%2Fwp%2Fv2%2Fcomments&post=2478"}],"version-history":[{"count":1,"href":"https:\/\/garneloymunozabogados.com\/index.php?rest_route=\/wp\/v2\/posts\/2478\/revisions"}],"predecessor-version":[{"id":2479,"href":"https:\/\/garneloymunozabogados.com\/index.php?rest_route=\/wp\/v2\/posts\/2478\/revisions\/2479"}],"wp:attachment":[{"href":"https:\/\/garneloymunozabogados.com\/index.php?rest_route=%2Fwp%2Fv2%2Fmedia&parent=2478"}],"wp:term":[{"taxonomy":"category","embeddable":true,"href":"https:\/\/garneloymunozabogados.com\/index.php?rest_route=%2Fwp%2Fv2%2Fcategories&post=2478"},{"taxonomy":"post_tag","embeddable":true,"href":"https:\/\/garneloymunozabogados.com\/index.php?rest_route=%2Fwp%2Fv2%2Ftags&post=2478"}],"curies":[{"name":"wp","href":"https:\/\/api.w.org\/{rel}","templated":true}]}}