{"id":2450,"date":"2023-03-29T16:29:39","date_gmt":"2023-03-29T16:29:39","guid":{"rendered":"https:\/\/garneloymunozabogados.com\/?p=2450"},"modified":"2024-01-08T23:25:07","modified_gmt":"2024-01-08T23:25:07","slug":"reforma-de-las-pensiones","status":"publish","type":"post","link":"https:\/\/garneloymunozabogados.com\/?p=2450","title":{"rendered":"REFORMA DE LAS PENSIONES"},"content":{"rendered":"\n<p class=\"has-text-align-left\">El BOE del pasado 17 de marzo contiene el Real Decreto-ley 2\/2023, de 16 de marzo, de medidas urgentes para la ampliaci\u00f3n de derechos de los pensionistas, la reducci\u00f3n de la brecha de g\u00e9nero y el establecimiento de un nuevo marco de sostenibilidad del sistema p\u00fablico de pensiones.<\/p>\n\n\n\n<p class=\"has-text-align-left\">Se reforma el sistema para el c\u00e1lculo de la pensi\u00f3n.\u00a0Desde el 1 de enero de 2026 y hasta 2044 el sistema de c\u00e1lculo para las nuevas pensiones ser\u00e1 dual: coexistir\u00e1n el actual, calculado sobre lo cotizado en los \u00faltimos 25 a\u00f1os, pero que desde 2041 subir\u00e1 seis meses por a\u00f1o; y el nuevo modelo, calculado sobre los mejores 27 a\u00f1os cotizados de los \u00faltimos 29. La Seguridad Social elegir\u00e1 cu\u00e1l de los dos es m\u00e1s beneficioso para el nuevo pensionista.<\/p>\n\n\n\n<p class=\"has-text-align-left\">A partir de 2044 se utilizar\u00e1 en todo caso la f\u00f3rmula de los 27 a\u00f1os con mayor cotizaci\u00f3n de los 29 \u00faltimos.<\/p>\n\n\n\n<p class=\"has-text-align-left\">Este Real Decreto ley establece adem\u00e1s reglas y subidas para algunas pensiones.&nbsp;Suben las pensiones m\u00e1ximasen consideraci\u00f3n a la subida de las bases de cotizaci\u00f3n m\u00e1ximas, ya que durante la vida laboral las rentas m\u00e1s altas tendr\u00e1n que pagar m\u00e1s. Las pensiones devengadas desde 2025 y hasta 2050 sumar\u00e1n al aumento por IPC, si lo hay, un 0,115 anual. Las previas, aumentar\u00e1n solo con el IPC.<\/p>\n\n\n\n<p class=\"has-text-align-left\">Desde 2051 y hasta 2065 estas pensiones m\u00e1ximas suman adem\u00e1s del IPC, subidas que ir\u00e1n ascendiendo progresivamente a\u00f1o a a\u00f1o del 3,2% inicial hasta un 20%.<\/p>\n\n\n\n<p class=\"has-text-align-left\">Tambi\u00e9n se establece que el&nbsp;complemento de brecha de g\u00e9nero, referido a las diferencias entre pensiones de hombres y mujeres que superen el 5%, se vincular\u00e1 al IPC y subir\u00e1 un 10% adicional entre 2024 y 2025.<\/p>\n\n\n\n<p class=\"has-text-align-left\">Sube la pensi\u00f3n m\u00ednima de jubilaci\u00f3n para mayores de 65 a\u00f1os con c\u00f3nyuge a cargo para que, con aplicaci\u00f3n del IPC se alcance al menos el umbral de la pobreza para hogares con dos adultos (1,5 veces el unipersonal que marca el INE) en 2027. Las mismas previsiones ser\u00e1n de aplicaci\u00f3n a las pensiones m\u00ednimas de viudedad con cargas familiares.<\/p>\n\n\n\n<p class=\"has-text-align-left\">Otras pensiones m\u00ednimas, contributivas y no contributivas, tambi\u00e9n subir\u00e1n en los pr\u00f3ximos a\u00f1os seg\u00fan se regular\u00e1 en las correspondientes leyes de presupuestos.<\/p>\n","protected":false},"excerpt":{"rendered":"<p>El BOE del pasado 17 de marzo contiene el Real Decreto-ley 2\/2023, de 16 de marzo, de medidas urgentes para la ampliaci\u00f3n de derechos de los pensionistas, la reducci\u00f3n de la brecha de g\u00e9nero y el establecimiento de un nuevo marco de sostenibilidad del sistema p\u00fablico de pensiones. Se reforma el sistema para el c\u00e1lculo de la pensi\u00f3n.\u00a0Desde el 1 de enero de 2026 y hasta 2044 el sistema de c\u00e1lculo para las nuevas pensiones ser\u00e1 dual: coexistir\u00e1n el actual, calculado sobre lo cotizado en los \u00faltimos 25 a\u00f1os, pero que desde 2041 subir\u00e1 seis meses por a\u00f1o; y el nuevo modelo, calculado sobre los mejores 27 a\u00f1os cotizados de los \u00faltimos 29. La Seguridad Social elegir\u00e1 cu\u00e1l de los dos es m\u00e1s beneficioso para el nuevo pensionista. A partir de 2044 se utilizar\u00e1 en todo caso la f\u00f3rmula de los 27 a\u00f1os con mayor cotizaci\u00f3n de los 29 \u00faltimos. Este Real Decreto ley establece adem\u00e1s reglas y subidas para algunas pensiones.&nbsp;Suben las pensiones m\u00e1ximasen consideraci\u00f3n a la subida de las bases de cotizaci\u00f3n m\u00e1ximas, ya que durante la vida laboral las rentas m\u00e1s altas tendr\u00e1n que pagar m\u00e1s. Las pensiones devengadas desde 2025 y hasta 2050 sumar\u00e1n al aumento por IPC, si lo hay, un 0,115 anual. Las previas, aumentar\u00e1n solo con el IPC. Desde 2051 y hasta 2065 estas pensiones m\u00e1ximas suman adem\u00e1s del IPC, subidas que ir\u00e1n ascendiendo progresivamente a\u00f1o a a\u00f1o del 3,2% inicial hasta un 20%. Tambi\u00e9n se establece que el&nbsp;complemento de brecha de g\u00e9nero, referido a las diferencias entre pensiones de hombres y mujeres que superen el 5%, se vincular\u00e1 al IPC y subir\u00e1 un 10% adicional entre 2024 y 2025. Sube la pensi\u00f3n m\u00ednima de jubilaci\u00f3n para mayores de 65 a\u00f1os con c\u00f3nyuge a cargo para que, con aplicaci\u00f3n del IPC se alcance al menos el umbral de la pobreza para hogares con dos adultos (1,5 veces el unipersonal que marca el INE) en 2027. Las mismas previsiones ser\u00e1n de aplicaci\u00f3n a las pensiones m\u00ednimas de viudedad con cargas familiares. Otras pensiones m\u00ednimas, contributivas y no contributivas, tambi\u00e9n subir\u00e1n en los pr\u00f3ximos a\u00f1os seg\u00fan se regular\u00e1 en las correspondientes leyes de presupuestos.<\/p>\n","protected":false},"author":1,"featured_media":0,"comment_status":"open","ping_status":"open","sticky":false,"template":"","format":"standard","meta":{"footnotes":""},"categories":[9,8],"tags":[],"yoast_head":"<!-- This site is optimized with the Yoast SEO plugin v22.3 - https:\/\/yoast.com\/wordpress\/plugins\/seo\/ -->\n<title>REFORMA DE LAS PENSIONES &#8211;<\/title>\n<meta name=\"description\" content=\"REFORMA DE LAS PENSIONES\" \/>\n<meta name=\"robots\" content=\"index, follow, max-snippet:-1, max-image-preview:large, max-video-preview:-1\" \/>\n<link rel=\"canonical\" href=\"https:\/\/garneloymunozabogados.com\/?p=2450\" \/>\n<meta property=\"og:locale\" content=\"es_ES\" \/>\n<meta property=\"og:type\" content=\"article\" \/>\n<meta property=\"og:title\" content=\"REFORMA DE LAS PENSIONES &#8211;\" \/>\n<meta property=\"og:description\" content=\"REFORMA DE LAS PENSIONES\" \/>\n<meta property=\"og:url\" content=\"https:\/\/garneloymunozabogados.com\/?p=2450\" \/>\n<meta property=\"article:published_time\" content=\"2023-03-29T16:29:39+00:00\" \/>\n<meta property=\"article:modified_time\" content=\"2024-01-08T23:25:07+00:00\" \/>\n<meta name=\"author\" content=\"Garnelo &amp; Mu\u00f1oz Abogados\" \/>\n<meta name=\"twitter:card\" content=\"summary_large_image\" \/>\n<meta name=\"twitter:label1\" content=\"Escrito por\" \/>\n\t<meta name=\"twitter:data1\" content=\"Garnelo &amp; Mu\u00f1oz Abogados\" \/>\n\t<meta name=\"twitter:label2\" content=\"Tiempo de lectura\" \/>\n\t<meta name=\"twitter:data2\" content=\"2 minutos\" \/>\n<script type=\"application\/ld+json\" class=\"yoast-schema-graph\">{\"@context\":\"https:\/\/schema.org\",\"@graph\":[{\"@type\":\"WebPage\",\"@id\":\"https:\/\/garneloymunozabogados.com\/?p=2450\",\"url\":\"https:\/\/garneloymunozabogados.com\/?p=2450\",\"name\":\"REFORMA DE LAS PENSIONES &#8211;\",\"isPartOf\":{\"@id\":\"https:\/\/garneloymunozabogados.com\/#website\"},\"datePublished\":\"2023-03-29T16:29:39+00:00\",\"dateModified\":\"2024-01-08T23:25:07+00:00\",\"author\":{\"@id\":\"https:\/\/garneloymunozabogados.com\/#\/schema\/person\/1f23be8d68cd44ce56ab4c3a725e94f6\"},\"description\":\"REFORMA DE LAS PENSIONES\",\"breadcrumb\":{\"@id\":\"https:\/\/garneloymunozabogados.com\/?p=2450#breadcrumb\"},\"inLanguage\":\"es\",\"potentialAction\":[{\"@type\":\"ReadAction\",\"target\":[\"https:\/\/garneloymunozabogados.com\/?p=2450\"]}]},{\"@type\":\"BreadcrumbList\",\"@id\":\"https:\/\/garneloymunozabogados.com\/?p=2450#breadcrumb\",\"itemListElement\":[{\"@type\":\"ListItem\",\"position\":1,\"name\":\"Portada\",\"item\":\"https:\/\/garneloymunozabogados.com\/\"},{\"@type\":\"ListItem\",\"position\":2,\"name\":\"REFORMA DE LAS PENSIONES\"}]},{\"@type\":\"WebSite\",\"@id\":\"https:\/\/garneloymunozabogados.com\/#website\",\"url\":\"https:\/\/garneloymunozabogados.com\/\",\"name\":\"https:\/\/garneloymunozabogados.com\/\",\"description\":\"Despacho de abogados en Ponferrada\",\"alternateName\":\"gym-abogados\",\"potentialAction\":[{\"@type\":\"SearchAction\",\"target\":{\"@type\":\"EntryPoint\",\"urlTemplate\":\"https:\/\/garneloymunozabogados.com\/?s={search_term_string}\"},\"query-input\":\"required name=search_term_string\"}],\"inLanguage\":\"es\"},{\"@type\":\"Person\",\"@id\":\"https:\/\/garneloymunozabogados.com\/#\/schema\/person\/1f23be8d68cd44ce56ab4c3a725e94f6\",\"name\":\"Garnelo &amp; Mu\u00f1oz Abogados\",\"image\":{\"@type\":\"ImageObject\",\"inLanguage\":\"es\",\"@id\":\"https:\/\/garneloymunozabogados.com\/#\/schema\/person\/image\/\",\"url\":\"https:\/\/secure.gravatar.com\/avatar\/031613ad7e6e67e4e0a3cd0715ec36ed?s=96&d=mm&r=g\",\"contentUrl\":\"https:\/\/secure.gravatar.com\/avatar\/031613ad7e6e67e4e0a3cd0715ec36ed?s=96&d=mm&r=g\",\"caption\":\"Garnelo &amp; Mu\u00f1oz Abogados\"},\"url\":\"https:\/\/garneloymunozabogados.com\/?author=1\"}]}<\/script>\n<!-- \/ Yoast SEO plugin. -->","yoast_head_json":{"title":"REFORMA DE LAS PENSIONES &#8211;","description":"REFORMA DE LAS PENSIONES","robots":{"index":"index","follow":"follow","max-snippet":"max-snippet:-1","max-image-preview":"max-image-preview:large","max-video-preview":"max-video-preview:-1"},"canonical":"https:\/\/garneloymunozabogados.com\/?p=2450","og_locale":"es_ES","og_type":"article","og_title":"REFORMA DE LAS PENSIONES &#8211;","og_description":"REFORMA DE LAS PENSIONES","og_url":"https:\/\/garneloymunozabogados.com\/?p=2450","article_published_time":"2023-03-29T16:29:39+00:00","article_modified_time":"2024-01-08T23:25:07+00:00","author":"Garnelo &amp; Mu\u00f1oz Abogados","twitter_card":"summary_large_image","twitter_misc":{"Escrito por":"Garnelo &amp; Mu\u00f1oz Abogados","Tiempo de lectura":"2 minutos"},"schema":{"@context":"https:\/\/schema.org","@graph":[{"@type":"WebPage","@id":"https:\/\/garneloymunozabogados.com\/?p=2450","url":"https:\/\/garneloymunozabogados.com\/?p=2450","name":"REFORMA DE LAS PENSIONES &#8211;","isPartOf":{"@id":"https:\/\/garneloymunozabogados.com\/#website"},"datePublished":"2023-03-29T16:29:39+00:00","dateModified":"2024-01-08T23:25:07+00:00","author":{"@id":"https:\/\/garneloymunozabogados.com\/#\/schema\/person\/1f23be8d68cd44ce56ab4c3a725e94f6"},"description":"REFORMA DE LAS PENSIONES","breadcrumb":{"@id":"https:\/\/garneloymunozabogados.com\/?p=2450#breadcrumb"},"inLanguage":"es","potentialAction":[{"@type":"ReadAction","target":["https:\/\/garneloymunozabogados.com\/?p=2450"]}]},{"@type":"BreadcrumbList","@id":"https:\/\/garneloymunozabogados.com\/?p=2450#breadcrumb","itemListElement":[{"@type":"ListItem","position":1,"name":"Portada","item":"https:\/\/garneloymunozabogados.com\/"},{"@type":"ListItem","position":2,"name":"REFORMA DE LAS PENSIONES"}]},{"@type":"WebSite","@id":"https:\/\/garneloymunozabogados.com\/#website","url":"https:\/\/garneloymunozabogados.com\/","name":"https:\/\/garneloymunozabogados.com\/","description":"Despacho de abogados en Ponferrada","alternateName":"gym-abogados","potentialAction":[{"@type":"SearchAction","target":{"@type":"EntryPoint","urlTemplate":"https:\/\/garneloymunozabogados.com\/?s={search_term_string}"},"query-input":"required name=search_term_string"}],"inLanguage":"es"},{"@type":"Person","@id":"https:\/\/garneloymunozabogados.com\/#\/schema\/person\/1f23be8d68cd44ce56ab4c3a725e94f6","name":"Garnelo &amp; Mu\u00f1oz Abogados","image":{"@type":"ImageObject","inLanguage":"es","@id":"https:\/\/garneloymunozabogados.com\/#\/schema\/person\/image\/","url":"https:\/\/secure.gravatar.com\/avatar\/031613ad7e6e67e4e0a3cd0715ec36ed?s=96&d=mm&r=g","contentUrl":"https:\/\/secure.gravatar.com\/avatar\/031613ad7e6e67e4e0a3cd0715ec36ed?s=96&d=mm&r=g","caption":"Garnelo &amp; Mu\u00f1oz Abogados"},"url":"https:\/\/garneloymunozabogados.com\/?author=1"}]}},"_links":{"self":[{"href":"https:\/\/garneloymunozabogados.com\/index.php?rest_route=\/wp\/v2\/posts\/2450"}],"collection":[{"href":"https:\/\/garneloymunozabogados.com\/index.php?rest_route=\/wp\/v2\/posts"}],"about":[{"href":"https:\/\/garneloymunozabogados.com\/index.php?rest_route=\/wp\/v2\/types\/post"}],"author":[{"embeddable":true,"href":"https:\/\/garneloymunozabogados.com\/index.php?rest_route=\/wp\/v2\/users\/1"}],"replies":[{"embeddable":true,"href":"https:\/\/garneloymunozabogados.com\/index.php?rest_route=%2Fwp%2Fv2%2Fcomments&post=2450"}],"version-history":[{"count":1,"href":"https:\/\/garneloymunozabogados.com\/index.php?rest_route=\/wp\/v2\/posts\/2450\/revisions"}],"predecessor-version":[{"id":2451,"href":"https:\/\/garneloymunozabogados.com\/index.php?rest_route=\/wp\/v2\/posts\/2450\/revisions\/2451"}],"wp:attachment":[{"href":"https:\/\/garneloymunozabogados.com\/index.php?rest_route=%2Fwp%2Fv2%2Fmedia&parent=2450"}],"wp:term":[{"taxonomy":"category","embeddable":true,"href":"https:\/\/garneloymunozabogados.com\/index.php?rest_route=%2Fwp%2Fv2%2Fcategories&post=2450"},{"taxonomy":"post_tag","embeddable":true,"href":"https:\/\/garneloymunozabogados.com\/index.php?rest_route=%2Fwp%2Fv2%2Ftags&post=2450"}],"curies":[{"name":"wp","href":"https:\/\/api.w.org\/{rel}","templated":true}]}}