{"id":2429,"date":"2023-03-28T18:39:38","date_gmt":"2023-03-28T18:39:38","guid":{"rendered":"https:\/\/garneloymunozabogados.com\/?p=2429"},"modified":"2023-03-28T18:46:26","modified_gmt":"2023-03-28T18:46:26","slug":"el-tribunal-supremo-senala-que-solo-los-hijos-nacidos-con-vida-pueden-computarse-a-efectos-del-complemento-de-maternidad-de-las-pensiones","status":"publish","type":"post","link":"https:\/\/garneloymunozabogados.com\/?p=2429","title":{"rendered":"El Tribunal Supremo se\u00f1ala que solo los hijos nacidos con vida pueden computarse a efectos del complemento de maternidad de las pensiones"},"content":{"rendered":"\n<p>El Pleno de la Sala IV del Tribunal Supremo ha dictado una sentencia en la que se\u00f1ala que \u00fanicamente los hijos nacidos con vida pueden computarse a efectos del devengo y cuant\u00eda del complemento por maternidad de las pensiones del art\u00edculo 60 de La ley General de la Seguridad Social. Se destaca el tenor literal de la ley donde queda meridianamente claro el requisito de que los hijos han de nacer con vida para que puedan computarse a efectos de este complemento.&nbsp;<\/p>\n\n\n\n<p>La Sala estima un recurso de casaci\u00f3n para la unificaci\u00f3n de doctrina del Instituto Nacional de la Seguridad Social contra una sentencia del Tribunal Superior de Justicia de Cantabria que elev\u00f3 del 10% al 15% por ciento el complemento de maternidad de la pensi\u00f3n de una mujer, al computar a un hijo que naci\u00f3 muerto despu\u00e9s de nueve meses de gestaci\u00f3n.&nbsp;<\/p>\n\n\n\n<p>El Tribunal Supremo destaca que en este caso no se cumple la finalidad de aportaci\u00f3n demogr\u00e1fica ni tampoco la de atenci\u00f3n y cuidado de los hijos del art\u00edculo 60 de la LGSS; y precisa que la atenci\u00f3n y cuidado de los hijos se convierten de esta forma en el eje esencial sobre el que pivota el reconocimiento del complemento, hasta el punto de que el vigente art. 60 LGSS niega su reconocimiento a las madres (y padres) que se vean privados de la patria potestad por el incumplimiento de los deberes inherentes a la misma, o que hayan sido condenadas por ejercer violencia contra los hijos o hijas.&nbsp; La sentencia incluye un voto particular de la presidenta de la Sala, Rosa Mar\u00eda Virol\u00e9s, en el que defiende que en este supuesto se deb\u00eda conceder el complemento interesado por este hijo al considerar que la perspectiva de g\u00e9nero refuerza esta conclusi\u00f3n y no hay raz\u00f3n jur\u00eddica para apartarse de ella partiendo de la doctrina de la propia Sala, atendiendo las circunstancias del caso, y las desventajas que sufre una mujer en su carrera debido a la maternidad.<\/p>\n","protected":false},"excerpt":{"rendered":"<p>El Pleno de la Sala IV del Tribunal Supremo ha dictado una sentencia en la que se\u00f1ala que \u00fanicamente los hijos nacidos con vida pueden computarse a efectos del devengo y cuant\u00eda del complemento por maternidad de las pensiones del art\u00edculo 60 de La ley General de la Seguridad Social. Se destaca el tenor literal de la ley donde queda meridianamente claro el requisito de que los hijos han de nacer con vida para que puedan computarse a efectos de este complemento.&nbsp; La Sala estima un recurso de casaci\u00f3n para la unificaci\u00f3n de doctrina del Instituto Nacional de la Seguridad Social contra una sentencia del Tribunal Superior de Justicia de Cantabria que elev\u00f3 del 10% al 15% por ciento el complemento de maternidad de la pensi\u00f3n de una mujer, al computar a un hijo que naci\u00f3 muerto despu\u00e9s de nueve meses de gestaci\u00f3n.&nbsp; El Tribunal Supremo destaca que en este caso no se cumple la finalidad de aportaci\u00f3n demogr\u00e1fica ni tampoco la de atenci\u00f3n y cuidado de los hijos del art\u00edculo 60 de la LGSS; y precisa que la atenci\u00f3n y cuidado de los hijos se convierten de esta forma en el eje esencial sobre el que pivota el reconocimiento del complemento, hasta el punto de que el vigente art. 60 LGSS niega su reconocimiento a las madres (y padres) que se vean privados de la patria potestad por el incumplimiento de los deberes inherentes a la misma, o que hayan sido condenadas por ejercer violencia contra los hijos o hijas.&nbsp; La sentencia incluye un voto particular de la presidenta de la Sala, Rosa Mar\u00eda Virol\u00e9s, en el que defiende que en este supuesto se deb\u00eda conceder el complemento interesado por este hijo al considerar que la perspectiva de g\u00e9nero refuerza esta conclusi\u00f3n y no hay raz\u00f3n jur\u00eddica para apartarse de ella partiendo de la doctrina de la propia Sala, atendiendo las circunstancias del caso, y las desventajas que sufre una mujer en su carrera debido a la maternidad.<\/p>\n","protected":false},"author":1,"featured_media":0,"comment_status":"open","ping_status":"open","sticky":false,"template":"elementor_theme","format":"standard","meta":{"footnotes":""},"categories":[1],"tags":[35,33],"yoast_head":"<!-- This site is optimized with the Yoast SEO plugin v22.3 - https:\/\/yoast.com\/wordpress\/plugins\/seo\/ -->\n<title>El Tribunal Supremo se\u00f1ala que solo los hijos nacidos con vida pueden computarse a efectos del complemento de maternidad de las pensiones &#8211;<\/title>\n<meta name=\"description\" content=\"El Tribunal Supremo se\u00f1ala que solo los hijos nacidos con vida pueden computarse a efectos del complemento de maternidad de las pensiones\" \/>\n<meta name=\"robots\" content=\"index, follow, max-snippet:-1, max-image-preview:large, max-video-preview:-1\" \/>\n<link rel=\"canonical\" href=\"https:\/\/garneloymunozabogados.com\/?p=2429\" \/>\n<meta property=\"og:locale\" content=\"es_ES\" \/>\n<meta property=\"og:type\" content=\"article\" \/>\n<meta property=\"og:title\" content=\"El Tribunal Supremo se\u00f1ala que solo los hijos nacidos con vida pueden computarse a efectos del complemento de maternidad de las pensiones &#8211;\" \/>\n<meta property=\"og:description\" content=\"El Tribunal Supremo se\u00f1ala que solo los hijos nacidos con vida pueden computarse a efectos del complemento de maternidad de las pensiones\" \/>\n<meta property=\"og:url\" content=\"https:\/\/garneloymunozabogados.com\/?p=2429\" \/>\n<meta property=\"article:published_time\" content=\"2023-03-28T18:39:38+00:00\" \/>\n<meta property=\"article:modified_time\" content=\"2023-03-28T18:46:26+00:00\" \/>\n<meta name=\"author\" content=\"Garnelo &amp; Mu\u00f1oz Abogados\" \/>\n<meta name=\"twitter:card\" content=\"summary_large_image\" \/>\n<meta name=\"twitter:label1\" content=\"Escrito por\" \/>\n\t<meta name=\"twitter:data1\" content=\"Garnelo &amp; Mu\u00f1oz Abogados\" \/>\n\t<meta name=\"twitter:label2\" content=\"Tiempo de lectura\" \/>\n\t<meta name=\"twitter:data2\" content=\"2 minutos\" \/>\n<script type=\"application\/ld+json\" class=\"yoast-schema-graph\">{\"@context\":\"https:\/\/schema.org\",\"@graph\":[{\"@type\":\"WebPage\",\"@id\":\"https:\/\/garneloymunozabogados.com\/?p=2429\",\"url\":\"https:\/\/garneloymunozabogados.com\/?p=2429\",\"name\":\"El Tribunal Supremo se\u00f1ala que solo los hijos nacidos con vida pueden computarse a efectos del complemento de maternidad de las pensiones &#8211;\",\"isPartOf\":{\"@id\":\"https:\/\/garneloymunozabogados.com\/#website\"},\"datePublished\":\"2023-03-28T18:39:38+00:00\",\"dateModified\":\"2023-03-28T18:46:26+00:00\",\"author\":{\"@id\":\"https:\/\/garneloymunozabogados.com\/#\/schema\/person\/1f23be8d68cd44ce56ab4c3a725e94f6\"},\"description\":\"El Tribunal Supremo se\u00f1ala que solo los hijos nacidos con vida pueden computarse a efectos del complemento de maternidad de las pensiones\",\"breadcrumb\":{\"@id\":\"https:\/\/garneloymunozabogados.com\/?p=2429#breadcrumb\"},\"inLanguage\":\"es\",\"potentialAction\":[{\"@type\":\"ReadAction\",\"target\":[\"https:\/\/garneloymunozabogados.com\/?p=2429\"]}]},{\"@type\":\"BreadcrumbList\",\"@id\":\"https:\/\/garneloymunozabogados.com\/?p=2429#breadcrumb\",\"itemListElement\":[{\"@type\":\"ListItem\",\"position\":1,\"name\":\"Portada\",\"item\":\"https:\/\/garneloymunozabogados.com\/\"},{\"@type\":\"ListItem\",\"position\":2,\"name\":\"El Tribunal Supremo se\u00f1ala que solo los hijos nacidos con vida pueden computarse a efectos del complemento de maternidad de las pensiones\"}]},{\"@type\":\"WebSite\",\"@id\":\"https:\/\/garneloymunozabogados.com\/#website\",\"url\":\"https:\/\/garneloymunozabogados.com\/\",\"name\":\"https:\/\/garneloymunozabogados.com\/\",\"description\":\"Despacho de abogados en Ponferrada\",\"alternateName\":\"gym-abogados\",\"potentialAction\":[{\"@type\":\"SearchAction\",\"target\":{\"@type\":\"EntryPoint\",\"urlTemplate\":\"https:\/\/garneloymunozabogados.com\/?s={search_term_string}\"},\"query-input\":\"required name=search_term_string\"}],\"inLanguage\":\"es\"},{\"@type\":\"Person\",\"@id\":\"https:\/\/garneloymunozabogados.com\/#\/schema\/person\/1f23be8d68cd44ce56ab4c3a725e94f6\",\"name\":\"Garnelo &amp; Mu\u00f1oz Abogados\",\"image\":{\"@type\":\"ImageObject\",\"inLanguage\":\"es\",\"@id\":\"https:\/\/garneloymunozabogados.com\/#\/schema\/person\/image\/\",\"url\":\"https:\/\/secure.gravatar.com\/avatar\/031613ad7e6e67e4e0a3cd0715ec36ed?s=96&d=mm&r=g\",\"contentUrl\":\"https:\/\/secure.gravatar.com\/avatar\/031613ad7e6e67e4e0a3cd0715ec36ed?s=96&d=mm&r=g\",\"caption\":\"Garnelo &amp; Mu\u00f1oz Abogados\"},\"url\":\"https:\/\/garneloymunozabogados.com\/?author=1\"}]}<\/script>\n<!-- \/ Yoast SEO plugin. -->","yoast_head_json":{"title":"El Tribunal Supremo se\u00f1ala que solo los hijos nacidos con vida pueden computarse a efectos del complemento de maternidad de las pensiones &#8211;","description":"El Tribunal Supremo se\u00f1ala que solo los hijos nacidos con vida pueden computarse a efectos del complemento de maternidad de las pensiones","robots":{"index":"index","follow":"follow","max-snippet":"max-snippet:-1","max-image-preview":"max-image-preview:large","max-video-preview":"max-video-preview:-1"},"canonical":"https:\/\/garneloymunozabogados.com\/?p=2429","og_locale":"es_ES","og_type":"article","og_title":"El Tribunal Supremo se\u00f1ala que solo los hijos nacidos con vida pueden computarse a efectos del complemento de maternidad de las pensiones &#8211;","og_description":"El Tribunal Supremo se\u00f1ala que solo los hijos nacidos con vida pueden computarse a efectos del complemento de maternidad de las pensiones","og_url":"https:\/\/garneloymunozabogados.com\/?p=2429","article_published_time":"2023-03-28T18:39:38+00:00","article_modified_time":"2023-03-28T18:46:26+00:00","author":"Garnelo &amp; Mu\u00f1oz Abogados","twitter_card":"summary_large_image","twitter_misc":{"Escrito por":"Garnelo &amp; Mu\u00f1oz Abogados","Tiempo de lectura":"2 minutos"},"schema":{"@context":"https:\/\/schema.org","@graph":[{"@type":"WebPage","@id":"https:\/\/garneloymunozabogados.com\/?p=2429","url":"https:\/\/garneloymunozabogados.com\/?p=2429","name":"El Tribunal Supremo se\u00f1ala que solo los hijos nacidos con vida pueden computarse a efectos del complemento de maternidad de las pensiones &#8211;","isPartOf":{"@id":"https:\/\/garneloymunozabogados.com\/#website"},"datePublished":"2023-03-28T18:39:38+00:00","dateModified":"2023-03-28T18:46:26+00:00","author":{"@id":"https:\/\/garneloymunozabogados.com\/#\/schema\/person\/1f23be8d68cd44ce56ab4c3a725e94f6"},"description":"El Tribunal Supremo se\u00f1ala que solo los hijos nacidos con vida pueden computarse a efectos del complemento de maternidad de las pensiones","breadcrumb":{"@id":"https:\/\/garneloymunozabogados.com\/?p=2429#breadcrumb"},"inLanguage":"es","potentialAction":[{"@type":"ReadAction","target":["https:\/\/garneloymunozabogados.com\/?p=2429"]}]},{"@type":"BreadcrumbList","@id":"https:\/\/garneloymunozabogados.com\/?p=2429#breadcrumb","itemListElement":[{"@type":"ListItem","position":1,"name":"Portada","item":"https:\/\/garneloymunozabogados.com\/"},{"@type":"ListItem","position":2,"name":"El Tribunal Supremo se\u00f1ala que solo los hijos nacidos con vida pueden computarse a efectos del complemento de maternidad de las pensiones"}]},{"@type":"WebSite","@id":"https:\/\/garneloymunozabogados.com\/#website","url":"https:\/\/garneloymunozabogados.com\/","name":"https:\/\/garneloymunozabogados.com\/","description":"Despacho de abogados en Ponferrada","alternateName":"gym-abogados","potentialAction":[{"@type":"SearchAction","target":{"@type":"EntryPoint","urlTemplate":"https:\/\/garneloymunozabogados.com\/?s={search_term_string}"},"query-input":"required name=search_term_string"}],"inLanguage":"es"},{"@type":"Person","@id":"https:\/\/garneloymunozabogados.com\/#\/schema\/person\/1f23be8d68cd44ce56ab4c3a725e94f6","name":"Garnelo &amp; Mu\u00f1oz Abogados","image":{"@type":"ImageObject","inLanguage":"es","@id":"https:\/\/garneloymunozabogados.com\/#\/schema\/person\/image\/","url":"https:\/\/secure.gravatar.com\/avatar\/031613ad7e6e67e4e0a3cd0715ec36ed?s=96&d=mm&r=g","contentUrl":"https:\/\/secure.gravatar.com\/avatar\/031613ad7e6e67e4e0a3cd0715ec36ed?s=96&d=mm&r=g","caption":"Garnelo &amp; Mu\u00f1oz Abogados"},"url":"https:\/\/garneloymunozabogados.com\/?author=1"}]}},"_links":{"self":[{"href":"https:\/\/garneloymunozabogados.com\/index.php?rest_route=\/wp\/v2\/posts\/2429"}],"collection":[{"href":"https:\/\/garneloymunozabogados.com\/index.php?rest_route=\/wp\/v2\/posts"}],"about":[{"href":"https:\/\/garneloymunozabogados.com\/index.php?rest_route=\/wp\/v2\/types\/post"}],"author":[{"embeddable":true,"href":"https:\/\/garneloymunozabogados.com\/index.php?rest_route=\/wp\/v2\/users\/1"}],"replies":[{"embeddable":true,"href":"https:\/\/garneloymunozabogados.com\/index.php?rest_route=%2Fwp%2Fv2%2Fcomments&post=2429"}],"version-history":[{"count":7,"href":"https:\/\/garneloymunozabogados.com\/index.php?rest_route=\/wp\/v2\/posts\/2429\/revisions"}],"predecessor-version":[{"id":2436,"href":"https:\/\/garneloymunozabogados.com\/index.php?rest_route=\/wp\/v2\/posts\/2429\/revisions\/2436"}],"wp:attachment":[{"href":"https:\/\/garneloymunozabogados.com\/index.php?rest_route=%2Fwp%2Fv2%2Fmedia&parent=2429"}],"wp:term":[{"taxonomy":"category","embeddable":true,"href":"https:\/\/garneloymunozabogados.com\/index.php?rest_route=%2Fwp%2Fv2%2Fcategories&post=2429"},{"taxonomy":"post_tag","embeddable":true,"href":"https:\/\/garneloymunozabogados.com\/index.php?rest_route=%2Fwp%2Fv2%2Ftags&post=2429"}],"curies":[{"name":"wp","href":"https:\/\/api.w.org\/{rel}","templated":true}]}}